{"id":40954,"date":"2025-07-17T14:12:38","date_gmt":"2025-07-17T14:12:38","guid":{"rendered":"https:\/\/canalshowsport.com.ar\/?p=460675"},"modified":"2025-07-17T14:12:38","modified_gmt":"2025-07-17T14:12:38","slug":"primer-gol-de-lucas-pastran-con-la-camiseta-de-liga-de-quito","status":"publish","type":"post","link":"https:\/\/economiapoliticacba.com\/?p=40954","title":{"rendered":"Primer gol de Lucas Pastr\u00e1n con la camiseta de Liga de Quito"},"content":{"rendered":"<div><img src=\"http:\/\/economiapoliticacba.com\/wp-content\/uploads\/2025\/07\/primer-gol-de-lucas-pastran-con-la-camiseta-de-liga-de-quito.jpg\" class=\"ff-og-image-inserted\"><\/div>\n<p><strong>Liga de Quito avanz\u00f3 a los octavos de final de la Copa Ecuador<\/strong> luego de imponerse ante Olmedo en la tanda de penales. El partido finaliz\u00f3 1-1, donde los &#8220;Albos&#8221; fueron los que pusieron la ventaja en el marcador. <\/p>\n<p>A los 21&#8242;, tras el centro de Alexander Alvarado, <strong>Lautaro Pastr\u00e1n, jugador con pasado en Belgrano<\/strong>, puso el 1-0 parcial. Vale resaltar que es el primer tanto que el delantero marca con esta camiseta, luego de 23 partidos disputados. <\/p>\n<blockquote class=\"twitter-tweet\" data-media-max-width=\"560\" readability=\"4.3157894736842\">\n<p lang=\"es\" dir=\"ltr\">\u00a1GOL DE <a href=\"https:\/\/twitter.com\/hashtag\/LDU?src=hash&amp;ref_src=twsrc%5Etfw\" target=\"_blank\" rel=\"noopener\">#LDU<\/a>! \u26aa\ud83d\udd34<\/p>\n<p>\u26bd Lautaro Pastr\u00e1n la empuj\u00f3 tras un buen centro y abri\u00f3 el marcador contra Olmedo en la Copa Ecuador Ecuabet DIRECTV.<a href=\"https:\/\/twitter.com\/hashtag\/CopaEcuadorEnDSPORTS?src=hash&amp;ref_src=twsrc%5Etfw\" target=\"_blank\" rel=\"noopener\">#CopaEcuadorEnDSPORTS<\/a> <a href=\"https:\/\/t.co\/k0LLfUetqj\" target=\"_blank\" rel=\"noopener\">pic.twitter.com\/k0LLfUetqj<\/a><\/p>\n<p>\u2014 DSPORTS (@DSports) <a href=\"https:\/\/twitter.com\/DSports\/status\/1945642147689996729?ref_src=twsrc%5Etfw\" target=\"_blank\" rel=\"noopener\">July 17, 2025<\/a><\/p><\/blockquote>\n<p>Sin embargo, a los Bryan Wittle puso la igualdad para Olmedo, llevando la definici\u00f3n desde los doce pasos. <\/p>\n<p>Al imponerse 5-3, la &#8216;U&#8217; avanz\u00f3 a los octavos de final de la competencia, donde se enfrentar\u00e1 al ganador de la serie entre Manta y San Antonio.<\/p>\n<figure class=\"wp-block-embed is-type-wp-embed is-provider-canal-showsport wp-block-embed-canal-showsport\"><\/figure>\n","protected":false},"excerpt":{"rendered":"<p>Liga de Quito avanz\u00f3 a los octavos de final de la Copa Ecuador luego de imponerse ante Olmedo en la tanda de penales. El partido finaliz\u00f3 1-1, donde los &#8220;Albos&#8221; fueron los que pusieron la ventaja en el marcador. A los 21&#8242;, tras el centro de Alexander Alvarado, Lautaro Pastr\u00e1n, jugador con pasado en Belgrano, [&hellip;]<\/p>\n","protected":false},"author":1,"featured_media":40955,"comment_status":"closed","ping_status":"closed","sticky":false,"template":"","format":"standard","meta":{"om_disable_all_campaigns":false,"_monsterinsights_skip_tracking":false,"_monsterinsights_sitenote_active":false,"_monsterinsights_sitenote_note":"","_monsterinsights_sitenote_category":0},"categories":[16],"tags":[1733,34,2891,2892],"aioseo_notices":[],"_links":{"self":[{"href":"https:\/\/economiapoliticacba.com\/index.php?rest_route=\/wp\/v2\/posts\/40954"}],"collection":[{"href":"https:\/\/economiapoliticacba.com\/index.php?rest_route=\/wp\/v2\/posts"}],"about":[{"href":"https:\/\/economiapoliticacba.com\/index.php?rest_route=\/wp\/v2\/types\/post"}],"author":[{"embeddable":true,"href":"https:\/\/economiapoliticacba.com\/index.php?rest_route=\/wp\/v2\/users\/1"}],"replies":[{"embeddable":true,"href":"https:\/\/economiapoliticacba.com\/index.php?rest_route=%2Fwp%2Fv2%2Fcomments&post=40954"}],"version-history":[{"count":0,"href":"https:\/\/economiapoliticacba.com\/index.php?rest_route=\/wp\/v2\/posts\/40954\/revisions"}],"wp:featuredmedia":[{"embeddable":true,"href":"https:\/\/economiapoliticacba.com\/index.php?rest_route=\/wp\/v2\/media\/40955"}],"wp:attachment":[{"href":"https:\/\/economiapoliticacba.com\/index.php?rest_route=%2Fwp%2Fv2%2Fmedia&parent=40954"}],"wp:term":[{"taxonomy":"category","embeddable":true,"href":"https:\/\/economiapoliticacba.com\/index.php?rest_route=%2Fwp%2Fv2%2Fcategories&post=40954"},{"taxonomy":"post_tag","embeddable":true,"href":"https:\/\/economiapoliticacba.com\/index.php?rest_route=%2Fwp%2Fv2%2Ftags&post=40954"}],"curies":[{"name":"wp","href":"https:\/\/api.w.org\/{rel}","templated":true}]}}