{"id":40805,"date":"2025-07-14T13:23:53","date_gmt":"2025-07-14T13:23:53","guid":{"rendered":"https:\/\/canalshowsport.com.ar\/?p=460214"},"modified":"2025-07-14T13:23:53","modified_gmt":"2025-07-14T13:23:53","slug":"cuando-debuta-leandro-paredes-en-boca","status":"publish","type":"post","link":"https:\/\/economiapoliticacba.com\/?p=40805","title":{"rendered":"\u00bfCu\u00e1ndo debuta Leandro Paredes en Boca?"},"content":{"rendered":"<p><strong>Leandro Paredes presenci\u00f3 el empate de Boca ante Argentinos Juniors desde el palco de la Paternal<\/strong>. Miguel \u00c1ngel Russo decidi\u00f3 darle el d\u00eda libre, pero cada vez falta menos para verlo debutar con la casaca &#8220;Xeneize&#8221;. <\/p>\n<p>Por cierto, el DT habl\u00f3 del tema post partido ante el &#8220;Bicho&#8221; y declar\u00f3: &#8220;<em>El tema de Paredes es d\u00eda a d\u00eda, es como lo vea yo. El otro d\u00eda lo hizo bien, hoy (por el domingo) le dimos descanso, ma\u00f1ana intensificamos un poco m\u00e1s, buscando. Uno lo va viendo<\/em>&#8220;. <\/p>\n<p>Y agreg\u00f3: &#8220;<em>Si lo veo, no tengo ninguna duda en ponerlo, al contrario, es la realidad. Aparte \u00e9l tiene experiencia, \u00e9l sabe, mentalmente es muy apto, entiende este tipo de cosas<\/em>&#8220;. <\/p>\n<figure class=\"wp-block-image size-full\"><img loading=\"lazy\" fetchpriority=\"high\" decoding=\"async\" width=\"1638\" height=\"2048\" src=\"http:\/\/economiapoliticacba.com\/wp-content\/uploads\/2025\/07\/cuando-debuta-leandro-paredes-en-boca.jpg\" alt=\"\u00bfCu\u00e1ndo debuta Leandro Paredes en Boca? | Canal Showsport\" class=\"wp-image-460225\" srcset=\"http:\/\/economiapoliticacba.com\/wp-content\/uploads\/2025\/07\/cuando-debuta-leandro-paredes-en-boca.jpg 1638w, http:\/\/economiapoliticacba.com\/wp-content\/uploads\/2025\/07\/cuando-debuta-leandro-paredes-en-boca-2.jpg 768w, http:\/\/economiapoliticacba.com\/wp-content\/uploads\/2025\/07\/cuando-debuta-leandro-paredes-en-boca-3.jpg 1229w, http:\/\/economiapoliticacba.com\/wp-content\/uploads\/2025\/07\/cuando-debuta-leandro-paredes-en-boca-4.jpg 19w, http:\/\/economiapoliticacba.com\/wp-content\/uploads\/2025\/07\/cuando-debuta-leandro-paredes-en-boca-5.jpg 29w, http:\/\/economiapoliticacba.com\/wp-content\/uploads\/2025\/07\/cuando-debuta-leandro-paredes-en-boca-6.jpg 38w, http:\/\/economiapoliticacba.com\/wp-content\/uploads\/2025\/07\/cuando-debuta-leandro-paredes-en-boca-7.jpg 750w, http:\/\/economiapoliticacba.com\/wp-content\/uploads\/2025\/07\/cuando-debuta-leandro-paredes-en-boca-8.jpg 1140w\" sizes=\"(max-width: 1638px) 100vw, 1638px\"><\/figure>\n<p>Recordemos que el mediocampista lleg\u00f3 la semana pasada donde se puso bajo las \u00f3rdenes del entrenador. En referencia a la fecha exacta, Ruso continu\u00f3 diciendo: &#8220;T<em>ampoco a Paredes hay que ponerle un l\u00edmite, es ir viendo c\u00f3mo se va sintiendo, mejor que \u00e9l no se conoce nadie, entonces vamos d\u00eda a d\u00eda<\/em>&#8220;. <\/p>\n<p>En este caso, podr\u00eda concentrar para el partido del viernes ante Uni\u00f3n en la Bombonera o por Copa Argentina, el mi\u00e9rcoles 23 contra Atl\u00e9tico Tucum\u00e1n. <\/p>\n<figure class=\"wp-block-embed is-type-wp-embed is-provider-canal-showsport wp-block-embed-canal-showsport\"><\/figure>\n","protected":false},"excerpt":{"rendered":"<p>Leandro Paredes presenci\u00f3 el empate de Boca ante Argentinos Juniors desde el palco de la Paternal. Miguel \u00c1ngel Russo decidi\u00f3 darle el d\u00eda libre, pero cada vez falta menos para verlo debutar con la casaca &#8220;Xeneize&#8221;. Por cierto, el DT habl\u00f3 del tema post partido ante el &#8220;Bicho&#8221; y declar\u00f3: &#8220;El tema de Paredes es [&hellip;]<\/p>\n","protected":false},"author":1,"featured_media":40806,"comment_status":"closed","ping_status":"closed","sticky":false,"template":"","format":"standard","meta":{"om_disable_all_campaigns":false,"_monsterinsights_skip_tracking":false,"_monsterinsights_sitenote_active":false,"_monsterinsights_sitenote_note":"","_monsterinsights_sitenote_category":0},"categories":[16],"tags":[34],"aioseo_notices":[],"_links":{"self":[{"href":"https:\/\/economiapoliticacba.com\/index.php?rest_route=\/wp\/v2\/posts\/40805"}],"collection":[{"href":"https:\/\/economiapoliticacba.com\/index.php?rest_route=\/wp\/v2\/posts"}],"about":[{"href":"https:\/\/economiapoliticacba.com\/index.php?rest_route=\/wp\/v2\/types\/post"}],"author":[{"embeddable":true,"href":"https:\/\/economiapoliticacba.com\/index.php?rest_route=\/wp\/v2\/users\/1"}],"replies":[{"embeddable":true,"href":"https:\/\/economiapoliticacba.com\/index.php?rest_route=%2Fwp%2Fv2%2Fcomments&post=40805"}],"version-history":[{"count":0,"href":"https:\/\/economiapoliticacba.com\/index.php?rest_route=\/wp\/v2\/posts\/40805\/revisions"}],"wp:featuredmedia":[{"embeddable":true,"href":"https:\/\/economiapoliticacba.com\/index.php?rest_route=\/wp\/v2\/media\/40806"}],"wp:attachment":[{"href":"https:\/\/economiapoliticacba.com\/index.php?rest_route=%2Fwp%2Fv2%2Fmedia&parent=40805"}],"wp:term":[{"taxonomy":"category","embeddable":true,"href":"https:\/\/economiapoliticacba.com\/index.php?rest_route=%2Fwp%2Fv2%2Fcategories&post=40805"},{"taxonomy":"post_tag","embeddable":true,"href":"https:\/\/economiapoliticacba.com\/index.php?rest_route=%2Fwp%2Fv2%2Ftags&post=40805"}],"curies":[{"name":"wp","href":"https:\/\/api.w.org\/{rel}","templated":true}]}}