{"id":34610,"date":"2025-02-01T02:16:18","date_gmt":"2025-02-01T02:16:18","guid":{"rendered":"https:\/\/canalshowsport.com.ar\/?p=430494"},"modified":"2025-02-01T02:16:18","modified_gmt":"2025-02-01T02:16:18","slug":"los-nuevos-piratas-el-mercado-de-pases-de-belgrano-en-2025","status":"publish","type":"post","link":"https:\/\/economiapoliticacba.com\/?p=34610","title":{"rendered":"Los nuevos \u201cPiratas\u201d: el mercado de pases de Belgrano en 2025"},"content":{"rendered":"<div class=\"elementor-widget-container\" readability=\"25\">\n<p>El equipo de <strong>Walter Erviti<\/strong> defini\u00f3 el plantel que afrontar\u00e1 las pr\u00f3ximas competencias durante el a\u00f1o. Uno de los objetivos ser\u00e1 volver a clasificar a una <strong>copa internacional<\/strong>.<\/p>\n<p>Luis Fabi\u00e1n Artime, junto a Ariel Rojas, comenzaron con la decisi\u00f3n de que Erviti sea quien comande al equipo. Otro punto clave fue el regreso de <strong>Lucas \u201cChino\u201d Zelaray\u00e1n<\/strong>, qui\u00e9n fue el primer fichaje en arribar a Belgrano.<\/p>\n<p>Ya cerrado el mercado de pases de la temporada de verano, analizamos las seis incorporaciones que present\u00f3 el celeste para este 2025.<\/p>\n<figure class=\"wp-block-image size-full\"><img loading=\"lazy\" fetchpriority=\"high\" decoding=\"async\" width=\"1200\" height=\"800\" src=\"http:\/\/economiapoliticacba.com\/wp-content\/uploads\/2025\/02\/los-nuevos-piratas-el-mercado-de-pases-de-belgrano-en-2025.webp\" alt=\"Los nuevos &quot;Piratas&quot;: el mercado de pases de Belgrano en 2025 | Canal Showsport\" class=\"wp-image-430500\" srcset=\"http:\/\/economiapoliticacba.com\/wp-content\/uploads\/2025\/02\/los-nuevos-piratas-el-mercado-de-pases-de-belgrano-en-2025.webp 1200w, http:\/\/economiapoliticacba.com\/wp-content\/uploads\/2025\/02\/los-nuevos-piratas-el-mercado-de-pases-de-belgrano-en-2025-1.webp 768w, http:\/\/economiapoliticacba.com\/wp-content\/uploads\/2025\/02\/los-nuevos-piratas-el-mercado-de-pases-de-belgrano-en-2025-2.webp 24w, http:\/\/economiapoliticacba.com\/wp-content\/uploads\/2025\/02\/los-nuevos-piratas-el-mercado-de-pases-de-belgrano-en-2025-3.webp 36w, http:\/\/economiapoliticacba.com\/wp-content\/uploads\/2025\/02\/los-nuevos-piratas-el-mercado-de-pases-de-belgrano-en-2025-4.webp 48w, http:\/\/economiapoliticacba.com\/wp-content\/uploads\/2025\/02\/los-nuevos-piratas-el-mercado-de-pases-de-belgrano-en-2025-5.webp 750w, http:\/\/economiapoliticacba.com\/wp-content\/uploads\/2025\/02\/los-nuevos-piratas-el-mercado-de-pases-de-belgrano-en-2025-6.webp 1140w\" sizes=\"(max-width: 1200px) 100vw, 1200px\"><figcaption class=\"wp-element-caption\">Presentaci\u00f3n refuerzos 2025<\/figcaption><\/figure>\n<p class=\"has-medium-font-size\">Los fichajes del \u201cPirata\u201d<\/p>\n<p><strong>Lucas Zelaray\u00e1n<\/strong>: con 32 a\u00f1os, el \u201cChino\u201d volvi\u00f3 al club con el pase en su poder tras rescindir su contrato en Al-Fateh. Con camino por varios clubes, Zelaray\u00e1n firm\u00f3 contrato hasta 2027. <\/p>\n<p><strong>Juli\u00e1n Mavilla<\/strong>: tras su cesi\u00f3n por Temperley, Juli\u00e1n llega a Belgrano tras completarse la compra total de su ficha a Sportivo Las Parejas. El oriundo de Arroyito ser\u00e1 jugador celeste hasta diciembre de 2027. <\/p>\n<p><strong>El\u00edas L\u00f3pez<\/strong>: el lateral de 24 a\u00f1os llega cedido desde Sarmiento de Jun\u00edn. Dicha cesi\u00f3n se extiende por un a\u00f1o, con opci\u00f3n de compra de la mitad del pase. <\/p>\n<p><strong>Fausto Grillo<\/strong>: el zaguero central lleg\u00f3 a la instituci\u00f3n con el pase en su poder tras rescindir contrato en Universidad Cat\u00f3lica de Ecuador. Con 31 a\u00f1os, Grillo firm\u00f3 contrato con una extensi\u00f3n hasta diciembre de 2026. <\/p>\n<p><strong>Agust\u00edn Dattola<\/strong>: desde Almirante Brown, Dattola lleg\u00f3 cedido hasta diciembre de este a\u00f1o. El marcador central cuenta con experiencia en la Primera Nacional, sumando mas de cien partidos en la divisi\u00f3n. <\/p>\n<p><strong>Rodrigo Ure\u00f1a<\/strong>: el centrocampista chileno abon\u00f3 su cl\u00e1usula de salida en Universitario de Per\u00fa por un monto de 600.000 d\u00f3lares. Con 31 a\u00f1os, firmar\u00e1 contrato hasta diciembre de 2026.<\/p>\n<figure class=\"wp-block-image size-full\"><img loading=\"lazy\" decoding=\"async\" width=\"980\" height=\"640\" alt=\"Los nuevos &quot;Piratas&quot;: el mercado de pases de Belgrano en 2025 | Canal Showsport\" class=\"wp-image-430501 lazyload\" data-sizes=\"(max-width: 980px) 100vw, 980px\" src=\"http:\/\/economiapoliticacba.com\/wp-content\/uploads\/2025\/02\/los-nuevos-piratas-el-mercado-de-pases-de-belgrano-en-2025.png\" srcset=\"http:\/\/economiapoliticacba.com\/wp-content\/uploads\/2025\/02\/los-nuevos-piratas-el-mercado-de-pases-de-belgrano-en-2025.png 980w, http:\/\/economiapoliticacba.com\/wp-content\/uploads\/2025\/02\/los-nuevos-piratas-el-mercado-de-pases-de-belgrano-en-2025-1.png 768w, http:\/\/economiapoliticacba.com\/wp-content\/uploads\/2025\/02\/los-nuevos-piratas-el-mercado-de-pases-de-belgrano-en-2025-2.png 24w, http:\/\/economiapoliticacba.com\/wp-content\/uploads\/2025\/02\/los-nuevos-piratas-el-mercado-de-pases-de-belgrano-en-2025-3.png 36w, http:\/\/economiapoliticacba.com\/wp-content\/uploads\/2025\/02\/los-nuevos-piratas-el-mercado-de-pases-de-belgrano-en-2025-4.png 48w, http:\/\/economiapoliticacba.com\/wp-content\/uploads\/2025\/02\/los-nuevos-piratas-el-mercado-de-pases-de-belgrano-en-2025-5.png 750w\"><noscript><img loading=\"lazy\" decoding=\"async\" width=\"980\" height=\"640\" src=\"http:\/\/economiapoliticacba.com\/wp-content\/uploads\/2025\/02\/los-nuevos-piratas-el-mercado-de-pases-de-belgrano-en-2025.png\" alt=\"Los nuevos &quot;Piratas&quot;: el mercado de pases de Belgrano en 2025 | Canal Showsport\" class=\"wp-image-430501\" srcset=\"http:\/\/economiapoliticacba.com\/wp-content\/uploads\/2025\/02\/los-nuevos-piratas-el-mercado-de-pases-de-belgrano-en-2025.png 980w, http:\/\/economiapoliticacba.com\/wp-content\/uploads\/2025\/02\/los-nuevos-piratas-el-mercado-de-pases-de-belgrano-en-2025-1.png 768w, http:\/\/economiapoliticacba.com\/wp-content\/uploads\/2025\/02\/los-nuevos-piratas-el-mercado-de-pases-de-belgrano-en-2025-2.png 24w, http:\/\/economiapoliticacba.com\/wp-content\/uploads\/2025\/02\/los-nuevos-piratas-el-mercado-de-pases-de-belgrano-en-2025-3.png 36w, http:\/\/economiapoliticacba.com\/wp-content\/uploads\/2025\/02\/los-nuevos-piratas-el-mercado-de-pases-de-belgrano-en-2025-4.png 48w, http:\/\/economiapoliticacba.com\/wp-content\/uploads\/2025\/02\/los-nuevos-piratas-el-mercado-de-pases-de-belgrano-en-2025-5.png 750w\" sizes=\"(max-width: 980px) 100vw, 980px\"><\/noscript><figcaption class=\"wp-element-caption\">Juli\u00e1n Mavilla, incorporaci\u00f3n de Belgrano (Foto Prensa Belgrano)<\/figcaption><\/figure>\n<\/p><\/div>\n","protected":false},"excerpt":{"rendered":"<p>El equipo de Walter Erviti defini\u00f3 el plantel que afrontar\u00e1 las pr\u00f3ximas competencias durante el a\u00f1o. Uno de los objetivos ser\u00e1 volver a clasificar a una copa internacional. Luis Fabi\u00e1n Artime, junto a Ariel Rojas, comenzaron con la decisi\u00f3n de que Erviti sea quien comande al equipo. Otro punto clave fue el regreso de Lucas [&hellip;]<\/p>\n","protected":false},"author":1,"featured_media":34611,"comment_status":"closed","ping_status":"closed","sticky":false,"template":"","format":"standard","meta":{"om_disable_all_campaigns":false,"_monsterinsights_skip_tracking":false,"_monsterinsights_sitenote_active":false,"_monsterinsights_sitenote_note":"","_monsterinsights_sitenote_category":0},"categories":[16],"tags":[22,30,34,35],"aioseo_notices":[],"_links":{"self":[{"href":"https:\/\/economiapoliticacba.com\/index.php?rest_route=\/wp\/v2\/posts\/34610"}],"collection":[{"href":"https:\/\/economiapoliticacba.com\/index.php?rest_route=\/wp\/v2\/posts"}],"about":[{"href":"https:\/\/economiapoliticacba.com\/index.php?rest_route=\/wp\/v2\/types\/post"}],"author":[{"embeddable":true,"href":"https:\/\/economiapoliticacba.com\/index.php?rest_route=\/wp\/v2\/users\/1"}],"replies":[{"embeddable":true,"href":"https:\/\/economiapoliticacba.com\/index.php?rest_route=%2Fwp%2Fv2%2Fcomments&post=34610"}],"version-history":[{"count":0,"href":"https:\/\/economiapoliticacba.com\/index.php?rest_route=\/wp\/v2\/posts\/34610\/revisions"}],"wp:featuredmedia":[{"embeddable":true,"href":"https:\/\/economiapoliticacba.com\/index.php?rest_route=\/wp\/v2\/media\/34611"}],"wp:attachment":[{"href":"https:\/\/economiapoliticacba.com\/index.php?rest_route=%2Fwp%2Fv2%2Fmedia&parent=34610"}],"wp:term":[{"taxonomy":"category","embeddable":true,"href":"https:\/\/economiapoliticacba.com\/index.php?rest_route=%2Fwp%2Fv2%2Fcategories&post=34610"},{"taxonomy":"post_tag","embeddable":true,"href":"https:\/\/economiapoliticacba.com\/index.php?rest_route=%2Fwp%2Fv2%2Ftags&post=34610"}],"curies":[{"name":"wp","href":"https:\/\/api.w.org\/{rel}","templated":true}]}}