{"id":34608,"date":"2025-01-31T23:39:54","date_gmt":"2025-01-31T23:39:54","guid":{"rendered":"https:\/\/canalshowsport.com.ar\/?p=430468"},"modified":"2025-01-31T23:39:54","modified_gmt":"2025-01-31T23:39:54","slug":"otra-baja-en-talleres-kevin-mantilla-sigue-su-rumbo-en-el-exterior","status":"publish","type":"post","link":"https:\/\/economiapoliticacba.com\/?p=34608","title":{"rendered":"Otra baja en Talleres: Kevin Mantilla sigue su rumbo en el exterior"},"content":{"rendered":"<p>El mercado de pases cerr\u00f3 para la mayor\u00eda de los clubes de argentina, pero <strong>Talleres<\/strong> y otros equipos pueden seguir incorporando por unos d\u00edas m\u00e1s ya que completaron ventas al exterior, lo que les permite mantenerse en el libro de pases por un periodo determinado por AFA. <\/p>\n<p>En este caso, <strong>el defensor no seguir\u00e1 vistiendo la camiseta albiazul<\/strong> y ser\u00e1 nuevo jugador de <strong>Deportivo Independiente Medell\u00edn<\/strong>. Ser\u00e1 a pr\u00e9stamo por un a\u00f1o, el cual incluye una opci\u00f3n de compra, con esto, el club \u201cMatador\u201d libera un cupo extranjero en el plantel. <\/p>\n<figure class=\"wp-block-image size-full\"><img loading=\"lazy\" fetchpriority=\"high\" decoding=\"async\" width=\"1200\" height=\"689\" src=\"http:\/\/economiapoliticacba.com\/wp-content\/uploads\/2025\/01\/otra-baja-en-talleres-kevin-mantilla-sigue-su-rumbo-en-el-exterior.png\" alt=\"Otra baja en Talleres: Kevin Mantilla sigue su rumbo en el exterior | Canal Showsport\" class=\"wp-image-430472\" srcset=\"http:\/\/economiapoliticacba.com\/wp-content\/uploads\/2025\/01\/otra-baja-en-talleres-kevin-mantilla-sigue-su-rumbo-en-el-exterior.png 1200w, http:\/\/economiapoliticacba.com\/wp-content\/uploads\/2025\/01\/otra-baja-en-talleres-kevin-mantilla-sigue-su-rumbo-en-el-exterior-1.png 768w, http:\/\/economiapoliticacba.com\/wp-content\/uploads\/2025\/01\/otra-baja-en-talleres-kevin-mantilla-sigue-su-rumbo-en-el-exterior-2.png 24w, http:\/\/economiapoliticacba.com\/wp-content\/uploads\/2025\/01\/otra-baja-en-talleres-kevin-mantilla-sigue-su-rumbo-en-el-exterior-3.png 36w, http:\/\/economiapoliticacba.com\/wp-content\/uploads\/2025\/01\/otra-baja-en-talleres-kevin-mantilla-sigue-su-rumbo-en-el-exterior-4.png 48w, http:\/\/economiapoliticacba.com\/wp-content\/uploads\/2025\/01\/otra-baja-en-talleres-kevin-mantilla-sigue-su-rumbo-en-el-exterior-5.png 750w, http:\/\/economiapoliticacba.com\/wp-content\/uploads\/2025\/01\/otra-baja-en-talleres-kevin-mantilla-sigue-su-rumbo-en-el-exterior-6.png 1140w\" sizes=\"(max-width: 1200px) 100vw, 1200px\"><\/figure>\n<p>En total, el colombiano de 21 a\u00f1os disput\u00f3 61 partidos y solo marc\u00f3 un gol con los colores de Talleres. Tambi\u00e9n, jug\u00f3 tres partidos de Copa Libertadores en 2024.<\/p>\n<p class=\"has-medium-font-size\"><strong><em> + Te puede interesar: <a href=\"https:\/\/canalshowsport.com.ar\/talleres-cierra-el-mercado-de-pases-con-el-fichaje-de-un-central\/\">\u00bfTalleres cierra el mercado de pases con el fichaje de un central?<\/a><\/em><\/strong><\/p>\n","protected":false},"excerpt":{"rendered":"<p>El mercado de pases cerr\u00f3 para la mayor\u00eda de los clubes de argentina, pero Talleres y otros equipos pueden seguir incorporando por unos d\u00edas m\u00e1s ya que completaron ventas al exterior, lo que les permite mantenerse en el libro de pases por un periodo determinado por AFA. En este caso, el defensor no seguir\u00e1 vistiendo [&hellip;]<\/p>\n","protected":false},"author":1,"featured_media":34609,"comment_status":"closed","ping_status":"closed","sticky":false,"template":"","format":"standard","meta":{"om_disable_all_campaigns":false,"_monsterinsights_skip_tracking":false,"_monsterinsights_sitenote_active":false,"_monsterinsights_sitenote_note":"","_monsterinsights_sitenote_category":0},"categories":[16],"tags":[30,34,35,36],"aioseo_notices":[],"_links":{"self":[{"href":"https:\/\/economiapoliticacba.com\/index.php?rest_route=\/wp\/v2\/posts\/34608"}],"collection":[{"href":"https:\/\/economiapoliticacba.com\/index.php?rest_route=\/wp\/v2\/posts"}],"about":[{"href":"https:\/\/economiapoliticacba.com\/index.php?rest_route=\/wp\/v2\/types\/post"}],"author":[{"embeddable":true,"href":"https:\/\/economiapoliticacba.com\/index.php?rest_route=\/wp\/v2\/users\/1"}],"replies":[{"embeddable":true,"href":"https:\/\/economiapoliticacba.com\/index.php?rest_route=%2Fwp%2Fv2%2Fcomments&post=34608"}],"version-history":[{"count":0,"href":"https:\/\/economiapoliticacba.com\/index.php?rest_route=\/wp\/v2\/posts\/34608\/revisions"}],"wp:featuredmedia":[{"embeddable":true,"href":"https:\/\/economiapoliticacba.com\/index.php?rest_route=\/wp\/v2\/media\/34609"}],"wp:attachment":[{"href":"https:\/\/economiapoliticacba.com\/index.php?rest_route=%2Fwp%2Fv2%2Fmedia&parent=34608"}],"wp:term":[{"taxonomy":"category","embeddable":true,"href":"https:\/\/economiapoliticacba.com\/index.php?rest_route=%2Fwp%2Fv2%2Fcategories&post=34608"},{"taxonomy":"post_tag","embeddable":true,"href":"https:\/\/economiapoliticacba.com\/index.php?rest_route=%2Fwp%2Fv2%2Ftags&post=34608"}],"curies":[{"name":"wp","href":"https:\/\/api.w.org\/{rel}","templated":true}]}}