{"id":34437,"date":"2025-01-27T23:28:35","date_gmt":"2025-01-27T23:28:35","guid":{"rendered":"https:\/\/canalshowsport.com.ar\/?p=429506"},"modified":"2025-01-27T23:28:35","modified_gmt":"2025-01-27T23:28:35","slug":"atencion-al-adelanto-instituto-define-detalles-para-la-presentacion-de-su-nueva-camiseta","status":"publish","type":"post","link":"https:\/\/economiapoliticacba.com\/?p=34437","title":{"rendered":"Atenci\u00f3n al adelanto: Instituto define detalles para la presentaci\u00f3n de su nueva camiseta"},"content":{"rendered":"<div><img src=\"http:\/\/economiapoliticacba.com\/wp-content\/uploads\/2025\/01\/atencion-al-adelanto-instituto-define-detalles-para-la-presentacion-de-su-nueva-camiseta.png\" class=\"ff-og-image-inserted\"><\/div>\n<p>El 2025 arranc\u00f3 con el pie derecho para <strong>Instituto<\/strong> luego de su victoria en Alta C\u00f3rdoba, ante Gimnasia. En el d\u00eda de hoy, se llev\u00f3 a cabo el entrenamiento abierto a la prensa, donde Alex Luna, quien marc\u00f3 uno de los goles, dialog\u00f3 ante los medios presentes.<\/p>\n<p>Adem\u00e1s de las \u00faltimas presentaciones de refuerzos por el corriente mercado de pases, la instituci\u00f3n ultima detalles para dar a conocer la <strong>nueva camiseta<\/strong> de juego.<\/p>\n<p>En redes sociales, <strong>Instituto<\/strong> adelant\u00f3 una peque\u00f1a parte mostrando una de las etiquetas y dej\u00f3 un claro mensaje sobre la fecha de la presentaci\u00f3n.<\/p>\n<blockquote class=\"instagram-media\" data-instgrm-captioned data-instgrm-permalink=\"https:\/\/www.instagram.com\/p\/DFWOqO7yOcg\/?utm_source=ig_embed&amp;utm_campaign=loading\" data-instgrm-version=\"14\" readability=\"0.04\"><\/blockquote>\n<p>El primero del pr\u00f3ximo mes, ser\u00e1 el evento de presentaci\u00f3n de la nueva indumentaria 2025. En cuanto a la camiseta titular, ser\u00eda utilizada al d\u00eda siguiente, donde recibir\u00e1 a V\u00e9lez en el marco de la tercera jornada del Torneo Apertura.<\/p>\n<p>Antes de ese partido, Instituto tendr\u00e1 el desaf\u00edo de visitar a River, desde las 21.30hs del pr\u00f3ximo mi\u00e9rcoles.<\/p>\n","protected":false},"excerpt":{"rendered":"<p>El 2025 arranc\u00f3 con el pie derecho para Instituto luego de su victoria en Alta C\u00f3rdoba, ante Gimnasia. En el d\u00eda de hoy, se llev\u00f3 a cabo el entrenamiento abierto a la prensa, donde Alex Luna, quien marc\u00f3 uno de los goles, dialog\u00f3 ante los medios presentes. Adem\u00e1s de las \u00faltimas presentaciones de refuerzos por [&hellip;]<\/p>\n","protected":false},"author":1,"featured_media":34438,"comment_status":"closed","ping_status":"closed","sticky":false,"template":"","format":"standard","meta":{"om_disable_all_campaigns":false,"_monsterinsights_skip_tracking":false,"_monsterinsights_sitenote_active":false,"_monsterinsights_sitenote_note":"","_monsterinsights_sitenote_category":0},"categories":[16],"tags":[30,34,63,35],"aioseo_notices":[],"_links":{"self":[{"href":"https:\/\/economiapoliticacba.com\/index.php?rest_route=\/wp\/v2\/posts\/34437"}],"collection":[{"href":"https:\/\/economiapoliticacba.com\/index.php?rest_route=\/wp\/v2\/posts"}],"about":[{"href":"https:\/\/economiapoliticacba.com\/index.php?rest_route=\/wp\/v2\/types\/post"}],"author":[{"embeddable":true,"href":"https:\/\/economiapoliticacba.com\/index.php?rest_route=\/wp\/v2\/users\/1"}],"replies":[{"embeddable":true,"href":"https:\/\/economiapoliticacba.com\/index.php?rest_route=%2Fwp%2Fv2%2Fcomments&post=34437"}],"version-history":[{"count":0,"href":"https:\/\/economiapoliticacba.com\/index.php?rest_route=\/wp\/v2\/posts\/34437\/revisions"}],"wp:featuredmedia":[{"embeddable":true,"href":"https:\/\/economiapoliticacba.com\/index.php?rest_route=\/wp\/v2\/media\/34438"}],"wp:attachment":[{"href":"https:\/\/economiapoliticacba.com\/index.php?rest_route=%2Fwp%2Fv2%2Fmedia&parent=34437"}],"wp:term":[{"taxonomy":"category","embeddable":true,"href":"https:\/\/economiapoliticacba.com\/index.php?rest_route=%2Fwp%2Fv2%2Fcategories&post=34437"},{"taxonomy":"post_tag","embeddable":true,"href":"https:\/\/economiapoliticacba.com\/index.php?rest_route=%2Fwp%2Fv2%2Ftags&post=34437"}],"curies":[{"name":"wp","href":"https:\/\/api.w.org\/{rel}","templated":true}]}}