{"id":34365,"date":"2025-01-26T01:15:00","date_gmt":"2025-01-26T01:15:00","guid":{"rendered":"https:\/\/canalshowsport.com.ar\/?p=429111"},"modified":"2025-01-26T01:15:00","modified_gmt":"2025-01-26T01:15:00","slug":"cacique-medina-tras-la-derrota-de-talleres-el-plantel-no-esta-cerrado","status":"publish","type":"post","link":"https:\/\/economiapoliticacba.com\/?p=34365","title":{"rendered":"\u201cCacique\u201d Medina tras la derrota de Talleres: \u201cEl plantel no est\u00e1 cerrado\u201d"},"content":{"rendered":"<p>El \u201cMatador\u201d cay\u00f3 por la m\u00ednima ante San Lorenzo en el Pedro Bidegain y comenz\u00f3 con el pie izquierdo en el <strong>Torneo Apertura<\/strong>. Luego, <strong>Alexander Medina<\/strong> trat\u00f3 de transmitirle calma a los hinchas albiazules. <\/p>\n<p><em>\u201cNo hay que bajar los brazos, hay que fortalecernos, porque hay muchas cosas buenas que se hicieron hoy\u201d<\/em>. As\u00ed fue una de las frases con la que abri\u00f3 la conferencia de prensa, destacando el trabajo del equipo a pesar de la ca\u00edda. <\/p>\n<p>Tambi\u00e9n dej\u00f3 su mensaje en cuanto al mercado de pases, que a\u00fan no cerr\u00f3, y no descart\u00f3 pr\u00f3ximas llegadas. <em>\u201cCon respecto a los refuerzos no est\u00e1 cerrado el plantel, creemos que necesitamos m\u00e1s jugadores\u201d<\/em>. <em>\u201cCreo que para seguir teniendo protagonismo necesitamos en algunas posiciones jugadores que tengan caracter\u00edsticas que hoy no tenemos\u201d<\/em>.<\/p>\n<figure class=\"wp-block-image size-full\"><img loading=\"lazy\" fetchpriority=\"high\" decoding=\"async\" width=\"1536\" height=\"2048\" src=\"http:\/\/economiapoliticacba.com\/wp-content\/uploads\/2025\/01\/cacique-medina-tras-la-derrota-de-talleres-el-plantel-no-esta-cerrado.jpg\" alt=\"&quot;Cacique&quot; Medina tras la derrota de Talleres: &quot;El plantel no est\u00e1 cerrado&quot; | Canal Showsport\" class=\"wp-image-429125\" srcset=\"http:\/\/economiapoliticacba.com\/wp-content\/uploads\/2025\/01\/cacique-medina-tras-la-derrota-de-talleres-el-plantel-no-esta-cerrado.jpg 1536w, http:\/\/economiapoliticacba.com\/wp-content\/uploads\/2025\/01\/cacique-medina-tras-la-derrota-de-talleres-el-plantel-no-esta-cerrado-2.jpg 768w, http:\/\/economiapoliticacba.com\/wp-content\/uploads\/2025\/01\/cacique-medina-tras-la-derrota-de-talleres-el-plantel-no-esta-cerrado-3.jpg 1152w, http:\/\/economiapoliticacba.com\/wp-content\/uploads\/2025\/01\/cacique-medina-tras-la-derrota-de-talleres-el-plantel-no-esta-cerrado-4.jpg 18w, http:\/\/economiapoliticacba.com\/wp-content\/uploads\/2025\/01\/cacique-medina-tras-la-derrota-de-talleres-el-plantel-no-esta-cerrado-5.jpg 27w, http:\/\/economiapoliticacba.com\/wp-content\/uploads\/2025\/01\/cacique-medina-tras-la-derrota-de-talleres-el-plantel-no-esta-cerrado-6.jpg 36w, http:\/\/economiapoliticacba.com\/wp-content\/uploads\/2025\/01\/cacique-medina-tras-la-derrota-de-talleres-el-plantel-no-esta-cerrado-7.jpg 750w, http:\/\/economiapoliticacba.com\/wp-content\/uploads\/2025\/01\/cacique-medina-tras-la-derrota-de-talleres-el-plantel-no-esta-cerrado-8.jpg 1140w\" sizes=\"(max-width: 1536px) 100vw, 1536px\"><figcaption class=\"wp-element-caption\">Foto: La1913ok<\/figcaption><\/figure>\n<p>Tambi\u00e9n agreg\u00f3 su conformidad con el partido, \u201cMe voy conforme con el partido que hicimos hoy, el equipo demostr\u00f3 personalidad y f\u00fatbol en muchos momentos\u201d. <\/p>\n<p>Uno de los puntos destacables, es que <strong>Rick Lima Morais<\/strong> sum\u00f3 sus primeros minutos con la camiseta albiazul. Cabe recordar, que Rick se convirti\u00f3 en la compra m\u00e1s cara de la instituci\u00f3n, desembolsando 6 millones de d\u00f3lares.<\/p>\n","protected":false},"excerpt":{"rendered":"<p>El \u201cMatador\u201d cay\u00f3 por la m\u00ednima ante San Lorenzo en el Pedro Bidegain y comenz\u00f3 con el pie izquierdo en el Torneo Apertura. Luego, Alexander Medina trat\u00f3 de transmitirle calma a los hinchas albiazules. \u201cNo hay que bajar los brazos, hay que fortalecernos, porque hay muchas cosas buenas que se hicieron hoy\u201d. As\u00ed fue una [&hellip;]<\/p>\n","protected":false},"author":1,"featured_media":34366,"comment_status":"closed","ping_status":"closed","sticky":false,"template":"","format":"standard","meta":{"om_disable_all_campaigns":false,"_monsterinsights_skip_tracking":false,"_monsterinsights_sitenote_active":false,"_monsterinsights_sitenote_note":"","_monsterinsights_sitenote_category":0},"categories":[16],"tags":[30,34,35,36],"aioseo_notices":[],"_links":{"self":[{"href":"https:\/\/economiapoliticacba.com\/index.php?rest_route=\/wp\/v2\/posts\/34365"}],"collection":[{"href":"https:\/\/economiapoliticacba.com\/index.php?rest_route=\/wp\/v2\/posts"}],"about":[{"href":"https:\/\/economiapoliticacba.com\/index.php?rest_route=\/wp\/v2\/types\/post"}],"author":[{"embeddable":true,"href":"https:\/\/economiapoliticacba.com\/index.php?rest_route=\/wp\/v2\/users\/1"}],"replies":[{"embeddable":true,"href":"https:\/\/economiapoliticacba.com\/index.php?rest_route=%2Fwp%2Fv2%2Fcomments&post=34365"}],"version-history":[{"count":0,"href":"https:\/\/economiapoliticacba.com\/index.php?rest_route=\/wp\/v2\/posts\/34365\/revisions"}],"wp:featuredmedia":[{"embeddable":true,"href":"https:\/\/economiapoliticacba.com\/index.php?rest_route=\/wp\/v2\/media\/34366"}],"wp:attachment":[{"href":"https:\/\/economiapoliticacba.com\/index.php?rest_route=%2Fwp%2Fv2%2Fmedia&parent=34365"}],"wp:term":[{"taxonomy":"category","embeddable":true,"href":"https:\/\/economiapoliticacba.com\/index.php?rest_route=%2Fwp%2Fv2%2Fcategories&post=34365"},{"taxonomy":"post_tag","embeddable":true,"href":"https:\/\/economiapoliticacba.com\/index.php?rest_route=%2Fwp%2Fv2%2Ftags&post=34365"}],"curies":[{"name":"wp","href":"https:\/\/api.w.org\/{rel}","templated":true}]}}