{"id":34331,"date":"2025-01-25T00:37:00","date_gmt":"2025-01-25T00:37:00","guid":{"rendered":"https:\/\/canalshowsport.com.ar\/?p=428994"},"modified":"2025-01-25T00:37:00","modified_gmt":"2025-01-25T00:37:00","slug":"walter-erviti-tras-el-empate-vamos-bien","status":"publish","type":"post","link":"https:\/\/economiapoliticacba.com\/?p=34331","title":{"rendered":"Walter Erviti tras el empate: \u201cVamos bien\u201d"},"content":{"rendered":"<p>Belgrano<a href=\"https:\/\/canalshowsport.com.ar\/en-juego-belgrano-ya-se-mide-ante-huracan-en-el-gigante-de-alberdi\/\" data-type=\"link\" data-id=\"https:\/\/canalshowsport.com.ar\/en-juego-belgrano-ya-se-mide-ante-huracan-en-el-gigante-de-alberdi\/\"> empat\u00f3 1 a 1 con Hurac\u00e1n <\/a>en la primera fecha del Torneo Apertura 2025. El <a href=\"https:\/\/canalshowsport.com.ar\/el-primer-gol-del-ano-fue-de-franco-jara\/\" data-type=\"link\" data-id=\"https:\/\/canalshowsport.com.ar\/el-primer-gol-del-ano-fue-de-franco-jara\/\">primer tanto lo convirti\u00f3 Franco Jara<\/a>, descont\u00f3 Mazzantti para la visita. <\/p>\n<p>Al finalizar el encuentro, el entrenador \u2018Pirata\u2019 brind\u00f3 la habitual conferencia de prensa donde coment\u00f3 que se qued\u00f3 con sensaciones m\u00e1s que positivas de este primer encuentro y elogi\u00f3 a los hinchas que bajo la lluvia se acercaron al Gigante de Alberdi para alentar al equipo. <\/p>\n<p>\u201cUna vez m\u00e1s, los hinchas han llenado el estadio.<strong> Es algo caracter\u00edstico de este club<\/strong> y agradecemos el esfuerzo que hacen desde lo econ\u00f3mico y afectivo para estar presentes en el debut\u201d comenz\u00f3 el entrenador. <\/p>\n<figure class=\"wp-block-image size-full\"><img loading=\"lazy\" fetchpriority=\"high\" decoding=\"async\" width=\"1536\" height=\"2048\" src=\"http:\/\/economiapoliticacba.com\/wp-content\/uploads\/2025\/01\/walter-erviti-tras-el-empate-vamos-bien.jpg\" alt=\"Walter Erviti tras el empate: &quot;Vamos bien&quot; | Canal Showsport\" class=\"wp-image-428996\" srcset=\"http:\/\/economiapoliticacba.com\/wp-content\/uploads\/2025\/01\/walter-erviti-tras-el-empate-vamos-bien.jpg 1536w, http:\/\/economiapoliticacba.com\/wp-content\/uploads\/2025\/01\/walter-erviti-tras-el-empate-vamos-bien-2.jpg 768w, http:\/\/economiapoliticacba.com\/wp-content\/uploads\/2025\/01\/walter-erviti-tras-el-empate-vamos-bien-3.jpg 1152w, http:\/\/economiapoliticacba.com\/wp-content\/uploads\/2025\/01\/walter-erviti-tras-el-empate-vamos-bien-4.jpg 18w, http:\/\/economiapoliticacba.com\/wp-content\/uploads\/2025\/01\/walter-erviti-tras-el-empate-vamos-bien-5.jpg 27w, http:\/\/economiapoliticacba.com\/wp-content\/uploads\/2025\/01\/walter-erviti-tras-el-empate-vamos-bien-6.jpg 36w, http:\/\/economiapoliticacba.com\/wp-content\/uploads\/2025\/01\/walter-erviti-tras-el-empate-vamos-bien-7.jpg 750w, http:\/\/economiapoliticacba.com\/wp-content\/uploads\/2025\/01\/walter-erviti-tras-el-empate-vamos-bien-8.jpg 1140w\" sizes=\"(max-width: 1536px) 100vw, 1536px\"><figcaption class=\"wp-element-caption\"><strong><em>Foto Showsport. <\/em><\/strong><\/figcaption><\/figure>\n<p>\u201cSe vio un equipo comprometido con la idea, para ser competitivos y luchar arriba tenemos que seguir por este camino.\u201d, analiz\u00f3 el entrenador. El plantel pudo ser agresivo por momentos y manejar el ritmo del encuentro. <\/p>\n<p>\u201c<strong>Lucas ha tenido un partido espectacular.<\/strong> Verlo jugar hoy a mi me ilusiona mucho sobretodo porque es su primer partido despu\u00e9s de mucho tiempo. Hoy toc\u00f3 mucho la pelota porque nuestro objetivo es que los centrales jueguen por abajo y ocurri\u00f3\u201d coment\u00f3 sobre el partido del \u201cChino\u201d Zelaray\u00e1n, qui\u00e9n dio la asistencia para que Franco Jara convirtiera el primer tanto del a\u00f1o. <\/p>\n<h4 class=\"wp-block-heading\">+ Te puede interesar: <a href=\"https:\/\/canalshowsport.com.ar\/agenda-pirata-lo-que-se-viene-para-belgrano-luego-del-empate-ante-huracan\/\" data-type=\"link\" data-id=\"https:\/\/canalshowsport.com.ar\/agenda-pirata-lo-que-se-viene-para-belgrano-luego-del-empate-ante-huracan\/\">\u201cAgenda Pirata: lo que se viene para Belgrano luego del empate ante Hurac\u00e1n\u201d<\/a><\/h4>\n","protected":false},"excerpt":{"rendered":"<p>Belgrano empat\u00f3 1 a 1 con Hurac\u00e1n en la primera fecha del Torneo Apertura 2025. El primer tanto lo convirti\u00f3 Franco Jara, descont\u00f3 Mazzantti para la visita. Al finalizar el encuentro, el entrenador \u2018Pirata\u2019 brind\u00f3 la habitual conferencia de prensa donde coment\u00f3 que se qued\u00f3 con sensaciones m\u00e1s que positivas de este primer encuentro y [&hellip;]<\/p>\n","protected":false},"author":1,"featured_media":34332,"comment_status":"closed","ping_status":"closed","sticky":false,"template":"","format":"standard","meta":{"om_disable_all_campaigns":false,"_monsterinsights_skip_tracking":false,"_monsterinsights_sitenote_active":false,"_monsterinsights_sitenote_note":"","_monsterinsights_sitenote_category":0},"categories":[16],"tags":[22,73,35],"aioseo_notices":[],"_links":{"self":[{"href":"https:\/\/economiapoliticacba.com\/index.php?rest_route=\/wp\/v2\/posts\/34331"}],"collection":[{"href":"https:\/\/economiapoliticacba.com\/index.php?rest_route=\/wp\/v2\/posts"}],"about":[{"href":"https:\/\/economiapoliticacba.com\/index.php?rest_route=\/wp\/v2\/types\/post"}],"author":[{"embeddable":true,"href":"https:\/\/economiapoliticacba.com\/index.php?rest_route=\/wp\/v2\/users\/1"}],"replies":[{"embeddable":true,"href":"https:\/\/economiapoliticacba.com\/index.php?rest_route=%2Fwp%2Fv2%2Fcomments&post=34331"}],"version-history":[{"count":0,"href":"https:\/\/economiapoliticacba.com\/index.php?rest_route=\/wp\/v2\/posts\/34331\/revisions"}],"wp:featuredmedia":[{"embeddable":true,"href":"https:\/\/economiapoliticacba.com\/index.php?rest_route=\/wp\/v2\/media\/34332"}],"wp:attachment":[{"href":"https:\/\/economiapoliticacba.com\/index.php?rest_route=%2Fwp%2Fv2%2Fmedia&parent=34331"}],"wp:term":[{"taxonomy":"category","embeddable":true,"href":"https:\/\/economiapoliticacba.com\/index.php?rest_route=%2Fwp%2Fv2%2Fcategories&post=34331"},{"taxonomy":"post_tag","embeddable":true,"href":"https:\/\/economiapoliticacba.com\/index.php?rest_route=%2Fwp%2Fv2%2Ftags&post=34331"}],"curies":[{"name":"wp","href":"https:\/\/api.w.org\/{rel}","templated":true}]}}