{"id":34171,"date":"2025-01-21T02:06:41","date_gmt":"2025-01-21T02:06:41","guid":{"rendered":"https:\/\/canalshowsport.com.ar\/?p=428194"},"modified":"2025-01-21T02:06:41","modified_gmt":"2025-01-21T02:06:41","slug":"vuelve-santiago-longo-podria-retornar-a-belgrano","status":"publish","type":"post","link":"https:\/\/economiapoliticacba.com\/?p=34171","title":{"rendered":"\u00bfVuelve?: Santiago Longo podr\u00eda retornar a Belgrano"},"content":{"rendered":"<p>En medio del mercado de pases, y a la espera de que lo extiendan varios d\u00edas m\u00e1s, el hincha de <strong>Belgrano<\/strong> podr\u00eda comenzar a ilusionarse con una vuelta muy esperada.<\/p>\n<p>El ex capit\u00e1n del celeste, hoy en San Pablo, cuenta con chances de retornar a Belgrano ya que desde la dirigencia del club \u201cPirata\u201d abrieron los movimientos para intentar el retorno del 5. <\/p>\n<p>Un impulso ser\u00eda que Longo rescinda contrato con el club brasile\u00f1o para as\u00ed facilitar las charlas y que pueda arribar a la ciudad antes de la fecha l\u00edmite del cierre del mercado de pases. <\/p>\n<figure class=\"wp-block-image size-full\"><img loading=\"lazy\" fetchpriority=\"high\" decoding=\"async\" width=\"862\" height=\"485\" src=\"http:\/\/economiapoliticacba.com\/wp-content\/uploads\/2025\/01\/vuelve-santiago-longo-podria-retornar-a-belgrano.png\" alt=\"\u00bfVuelve?: Santiago Longo podr\u00eda retornar a Belgrano | Canal Showsport\" class=\"wp-image-428197\" srcset=\"http:\/\/economiapoliticacba.com\/wp-content\/uploads\/2025\/01\/vuelve-santiago-longo-podria-retornar-a-belgrano.png 862w, http:\/\/economiapoliticacba.com\/wp-content\/uploads\/2025\/01\/vuelve-santiago-longo-podria-retornar-a-belgrano-1.png 768w, http:\/\/economiapoliticacba.com\/wp-content\/uploads\/2025\/01\/vuelve-santiago-longo-podria-retornar-a-belgrano-2.png 24w, http:\/\/economiapoliticacba.com\/wp-content\/uploads\/2025\/01\/vuelve-santiago-longo-podria-retornar-a-belgrano-3.png 36w, http:\/\/economiapoliticacba.com\/wp-content\/uploads\/2025\/01\/vuelve-santiago-longo-podria-retornar-a-belgrano-4.png 48w, http:\/\/economiapoliticacba.com\/wp-content\/uploads\/2025\/01\/vuelve-santiago-longo-podria-retornar-a-belgrano-5.png 750w\" sizes=\"(max-width: 862px) 100vw, 862px\"><\/figure>\n<p>A esta altura, y con pocos d\u00edas hasta el cierre del mercado de pases, la complejidad de que regrese es un porcentaje considerable, pero no ser\u00eda imposible verlo nuevamente con la camiseta de Belgrano.<\/p>\n<p>En cuanto a n\u00fameros, Longo en San Pablo est\u00e1 cedido hasta octubre de este a\u00f1o con una opci\u00f3n de compra en el contrato.<\/p>\n<p class=\"has-medium-font-size\"><strong><em>+ Te puede interesar: <a href=\"https:\/\/canalshowsport.com.ar\/se-acerca-el-debut-el-mensaje-de-erviti-hacia-el-hincha-y-la-motivacion-a-los-jugadores\/\">El mensaje de Erviti hacia el hincha y la motivaci\u00f3n a los jugadores<\/a><\/em><\/strong><\/p>\n","protected":false},"excerpt":{"rendered":"<p>En medio del mercado de pases, y a la espera de que lo extiendan varios d\u00edas m\u00e1s, el hincha de Belgrano podr\u00eda comenzar a ilusionarse con una vuelta muy esperada. El ex capit\u00e1n del celeste, hoy en San Pablo, cuenta con chances de retornar a Belgrano ya que desde la dirigencia del club \u201cPirata\u201d abrieron [&hellip;]<\/p>\n","protected":false},"author":1,"featured_media":34172,"comment_status":"closed","ping_status":"closed","sticky":false,"template":"","format":"standard","meta":{"om_disable_all_campaigns":false,"_monsterinsights_skip_tracking":false,"_monsterinsights_sitenote_active":false,"_monsterinsights_sitenote_note":"","_monsterinsights_sitenote_category":0},"categories":[16],"tags":[22,30,34,35,1664],"aioseo_notices":[],"_links":{"self":[{"href":"https:\/\/economiapoliticacba.com\/index.php?rest_route=\/wp\/v2\/posts\/34171"}],"collection":[{"href":"https:\/\/economiapoliticacba.com\/index.php?rest_route=\/wp\/v2\/posts"}],"about":[{"href":"https:\/\/economiapoliticacba.com\/index.php?rest_route=\/wp\/v2\/types\/post"}],"author":[{"embeddable":true,"href":"https:\/\/economiapoliticacba.com\/index.php?rest_route=\/wp\/v2\/users\/1"}],"replies":[{"embeddable":true,"href":"https:\/\/economiapoliticacba.com\/index.php?rest_route=%2Fwp%2Fv2%2Fcomments&post=34171"}],"version-history":[{"count":0,"href":"https:\/\/economiapoliticacba.com\/index.php?rest_route=\/wp\/v2\/posts\/34171\/revisions"}],"wp:featuredmedia":[{"embeddable":true,"href":"https:\/\/economiapoliticacba.com\/index.php?rest_route=\/wp\/v2\/media\/34172"}],"wp:attachment":[{"href":"https:\/\/economiapoliticacba.com\/index.php?rest_route=%2Fwp%2Fv2%2Fmedia&parent=34171"}],"wp:term":[{"taxonomy":"category","embeddable":true,"href":"https:\/\/economiapoliticacba.com\/index.php?rest_route=%2Fwp%2Fv2%2Fcategories&post=34171"},{"taxonomy":"post_tag","embeddable":true,"href":"https:\/\/economiapoliticacba.com\/index.php?rest_route=%2Fwp%2Fv2%2Ftags&post=34171"}],"curies":[{"name":"wp","href":"https:\/\/api.w.org\/{rel}","templated":true}]}}