{"id":34103,"date":"2025-01-19T02:43:34","date_gmt":"2025-01-19T02:43:34","guid":{"rendered":"https:\/\/canalshowsport.com.ar\/?p=427884"},"modified":"2025-01-19T02:43:34","modified_gmt":"2025-01-19T02:43:34","slug":"lo-que-se-viene-para-instituto-tras-la-derrota-en-uruguay","status":"publish","type":"post","link":"https:\/\/economiapoliticacba.com\/?p=34103","title":{"rendered":"Lo que se viene para Instituto tras la derrota en Uruguay"},"content":{"rendered":"<div><img src=\"http:\/\/economiapoliticacba.com\/wp-content\/uploads\/2025\/01\/lo-que-se-viene-para-instituto-tras-la-derrota-en-uruguay.jpg\" class=\"ff-og-image-inserted\"><\/div>\n<p>Luego de la derrota dura en el \u00faltimo minuto de Instituto contra Montevideo Wanderers en el debut del torneo de pretemporada, el equipo de Pedro Troglio definir\u00e1 los \u00faltimos detalles para finalizar su gira por Uruguay y preparar el primer partido de la Copa de la Liga.<\/p>\n<p>Desde las 22hs del pr\u00f3ximo martes, enfrentar\u00e1 a Defensor Sporting en Montevideo. La variante ya confirmada que es preocupaci\u00f3n es la de Manuel Roffo, que no pudo completar el partido ya que a los 18\u2032 de la primera parte fue reemplazado por Joaqu\u00edn Papaleo tras sufrir un duro choque en su cabeza contra la rodilla del delantero rival. <\/p>\n<blockquote class=\"twitter-tweet\" data-media-max-width=\"560\" readability=\"6.7758620689655\">\n<p lang=\"es\" dir=\"ltr\">RODILLAZO EN LA CARA Y CAMBIO: Roffo tuvo que dejar el campo de juego en el duelo entre Instituto y Wanderers en la Serie R\u00edo de la Plata.<\/p>\n<p>\ud83c\udfc6 Serie R\u00edo de la Plata | <a href=\"https:\/\/twitter.com\/hashtag\/Serie2025?src=hash&amp;ref_src=twsrc%5Etfw\" target=\"_blank\" rel=\"noopener\">#Serie2025<\/a><br \/>\ud83d\udcfa ESPN Premium | Suscribite al Pack F\u00fatbol en <a href=\"https:\/\/t.co\/7jYILYACXi\" target=\"_blank\" rel=\"noopener\">https:\/\/t.co\/7jYILYACXi<\/a> <br \/>\ud83d\udcfa <a href=\"https:\/\/twitter.com\/hashtag\/DisneyPlus?src=hash&amp;ref_src=twsrc%5Etfw\" target=\"_blank\" rel=\"noopener\">#DisneyPlus<\/a> Premium <a href=\"https:\/\/t.co\/CR0dxPKUoF\" target=\"_blank\" rel=\"noopener\">pic.twitter.com\/CR0dxPKUoF<\/a><\/p>\n<p>\u2014 SportsCenter (@SC_ESPN) <a href=\"https:\/\/twitter.com\/SC_ESPN\/status\/1880757133743911272?ref_src=twsrc%5Etfw\" target=\"_blank\" rel=\"noopener\">January 18, 2025<\/a><\/p><\/blockquote>\n<p>A partir de su cierre el martes, Instituto ya pensar\u00e1 en el primer partido de la Copa de la Liga. El debut ser\u00e1 el s\u00e1bado 25 ante Gimnasia y Esgrima La Plata desde las 19.15, en el Monumental de Alta C\u00f3rdoba.<\/p>\n<p>La segunda fecha ser\u00e1 ante River, el mi\u00e9rcoles 29 desde las 21.30, en el M\u00e1s Monumental.<\/p>\n","protected":false},"excerpt":{"rendered":"<p>Luego de la derrota dura en el \u00faltimo minuto de Instituto contra Montevideo Wanderers en el debut del torneo de pretemporada, el equipo de Pedro Troglio definir\u00e1 los \u00faltimos detalles para finalizar su gira por Uruguay y preparar el primer partido de la Copa de la Liga. Desde las 22hs del pr\u00f3ximo martes, enfrentar\u00e1 a [&hellip;]<\/p>\n","protected":false},"author":1,"featured_media":34104,"comment_status":"closed","ping_status":"closed","sticky":false,"template":"","format":"standard","meta":{"om_disable_all_campaigns":false,"_monsterinsights_skip_tracking":false,"_monsterinsights_sitenote_active":false,"_monsterinsights_sitenote_note":"","_monsterinsights_sitenote_category":0},"categories":[16],"tags":[30,34,63],"aioseo_notices":[],"_links":{"self":[{"href":"https:\/\/economiapoliticacba.com\/index.php?rest_route=\/wp\/v2\/posts\/34103"}],"collection":[{"href":"https:\/\/economiapoliticacba.com\/index.php?rest_route=\/wp\/v2\/posts"}],"about":[{"href":"https:\/\/economiapoliticacba.com\/index.php?rest_route=\/wp\/v2\/types\/post"}],"author":[{"embeddable":true,"href":"https:\/\/economiapoliticacba.com\/index.php?rest_route=\/wp\/v2\/users\/1"}],"replies":[{"embeddable":true,"href":"https:\/\/economiapoliticacba.com\/index.php?rest_route=%2Fwp%2Fv2%2Fcomments&post=34103"}],"version-history":[{"count":0,"href":"https:\/\/economiapoliticacba.com\/index.php?rest_route=\/wp\/v2\/posts\/34103\/revisions"}],"wp:featuredmedia":[{"embeddable":true,"href":"https:\/\/economiapoliticacba.com\/index.php?rest_route=\/wp\/v2\/media\/34104"}],"wp:attachment":[{"href":"https:\/\/economiapoliticacba.com\/index.php?rest_route=%2Fwp%2Fv2%2Fmedia&parent=34103"}],"wp:term":[{"taxonomy":"category","embeddable":true,"href":"https:\/\/economiapoliticacba.com\/index.php?rest_route=%2Fwp%2Fv2%2Fcategories&post=34103"},{"taxonomy":"post_tag","embeddable":true,"href":"https:\/\/economiapoliticacba.com\/index.php?rest_route=%2Fwp%2Fv2%2Ftags&post=34103"}],"curies":[{"name":"wp","href":"https:\/\/api.w.org\/{rel}","templated":true}]}}