{"id":33985,"date":"2025-01-16T01:57:44","date_gmt":"2025-01-16T01:57:44","guid":{"rendered":"https:\/\/canalshowsport.com.ar\/?p=427342"},"modified":"2025-01-16T01:57:44","modified_gmt":"2025-01-16T01:57:44","slug":"belgrano-debuta-en-serie-rio-de-la-plata-como-verlo-y-que-equipo-formara-erviti","status":"publish","type":"post","link":"https:\/\/economiapoliticacba.com\/?p=33985","title":{"rendered":"Belgrano debuta en \u201cSerie R\u00edo de La Plata\u201d: c\u00f3mo verlo y que equipo formar\u00e1 Erviti"},"content":{"rendered":"<p>El equipo celeste jugar\u00e1 su primer partido en el torneo, ante <strong>Montevideo Wanderers<\/strong>. Ser\u00e1 ma\u00f1ana desde las 20hs, y <em>ESPN Premium<\/em> ser\u00e1 el encargado de televisar el compromiso. <\/p>\n<p>Crece la expectativa en el hincha \u201cPirata\u201d con el nuevo equipo que se est\u00e1 mostrando. M\u00e1s all\u00e1 de la vuelta de <strong>Zelaray\u00e1n<\/strong>, las recientes incorporaciones mostraron buenas presentaciones y este torneo ser\u00e1 una prueba de fuego.<\/p>\n<figure class=\"wp-block-image size-full\"><img loading=\"lazy\" fetchpriority=\"high\" decoding=\"async\" width=\"2560\" height=\"1707\" src=\"http:\/\/economiapoliticacba.com\/wp-content\/uploads\/2025\/01\/belgrano-debuta-en-serie-rio-de-la-plata-como-verlo-y-que-equipo-formara-erviti.jpg\" alt=\"Belgrano debuta en &quot;Serie R\u00edo de La Plata&quot;: c\u00f3mo verlo y que equipo formar\u00e1 Erviti | Canal Showsport\" class=\"wp-image-427344\" srcset=\"http:\/\/economiapoliticacba.com\/wp-content\/uploads\/2025\/01\/belgrano-debuta-en-serie-rio-de-la-plata-como-verlo-y-que-equipo-formara-erviti.jpg 2560w, http:\/\/economiapoliticacba.com\/wp-content\/uploads\/2025\/01\/belgrano-debuta-en-serie-rio-de-la-plata-como-verlo-y-que-equipo-formara-erviti-2.jpg 768w, http:\/\/economiapoliticacba.com\/wp-content\/uploads\/2025\/01\/belgrano-debuta-en-serie-rio-de-la-plata-como-verlo-y-que-equipo-formara-erviti-3.jpg 1536w, http:\/\/economiapoliticacba.com\/wp-content\/uploads\/2025\/01\/belgrano-debuta-en-serie-rio-de-la-plata-como-verlo-y-que-equipo-formara-erviti-4.jpg 2048w, http:\/\/economiapoliticacba.com\/wp-content\/uploads\/2025\/01\/belgrano-debuta-en-serie-rio-de-la-plata-como-verlo-y-que-equipo-formara-erviti-5.jpg 24w, http:\/\/economiapoliticacba.com\/wp-content\/uploads\/2025\/01\/belgrano-debuta-en-serie-rio-de-la-plata-como-verlo-y-que-equipo-formara-erviti-6.jpg 36w, http:\/\/economiapoliticacba.com\/wp-content\/uploads\/2025\/01\/belgrano-debuta-en-serie-rio-de-la-plata-como-verlo-y-que-equipo-formara-erviti-7.jpg 48w, http:\/\/economiapoliticacba.com\/wp-content\/uploads\/2025\/01\/belgrano-debuta-en-serie-rio-de-la-plata-como-verlo-y-que-equipo-formara-erviti-8.jpg 750w, http:\/\/economiapoliticacba.com\/wp-content\/uploads\/2025\/01\/belgrano-debuta-en-serie-rio-de-la-plata-como-verlo-y-que-equipo-formara-erviti-9.jpg 1140w\" sizes=\"(max-width: 2560px) 100vw, 2560px\"><figcaption class=\"wp-element-caption\">Foto Prensa Belgrano<\/figcaption><\/figure>\n<p><strong>Walter Erviti<\/strong> repetir\u00eda el primer once que enfrent\u00f3 a F\u00e9nix, donde gan\u00f3 4 a 0. As\u00ed fueron los 11 que par\u00f3 el t\u00e9cnico en el predio de Real Pilar, <em>Juan Esp\u00ednola, Gabriel Compagnucci, An\u00edbal Leguizam\u00f3n, Nicol\u00e1s Meriano y Juan Vel\u00e1zquez; Lucas Menosi, Tiago Cravero y Francisco Gonz\u00e1lez Metilli; Lucas Zelaray\u00e1n, Nicol\u00e1s Fern\u00e1ndez y Franco Jara<\/em>.<\/p>\n<p>En dicho partido, tambi\u00e9n le dio la oportunidad a <strong>Gonzalo Zelaray\u00e1n<\/strong>, sobrino del \u201cChino\u201d, de sumar minutos con el equipo. <\/p>\n<p>Belgrano tambi\u00e9n est\u00e1 a la espera de otro refuerzo, ya que <strong>Fausto Grillo<\/strong> lleg\u00f3 al club con el pase en su poder y se sumar\u00eda desde ma\u00f1ana al plantel. El defensor de 31 a\u00f1os viene de jugar en Universidad Cat\u00f3lica de Ecuador. <\/p>\n","protected":false},"excerpt":{"rendered":"<p>El equipo celeste jugar\u00e1 su primer partido en el torneo, ante Montevideo Wanderers. Ser\u00e1 ma\u00f1ana desde las 20hs, y ESPN Premium ser\u00e1 el encargado de televisar el compromiso. Crece la expectativa en el hincha \u201cPirata\u201d con el nuevo equipo que se est\u00e1 mostrando. M\u00e1s all\u00e1 de la vuelta de Zelaray\u00e1n, las recientes incorporaciones mostraron buenas [&hellip;]<\/p>\n","protected":false},"author":1,"featured_media":33986,"comment_status":"closed","ping_status":"closed","sticky":false,"template":"","format":"standard","meta":{"om_disable_all_campaigns":false,"_monsterinsights_skip_tracking":false,"_monsterinsights_sitenote_active":false,"_monsterinsights_sitenote_note":"","_monsterinsights_sitenote_category":0},"categories":[16],"tags":[22,30,34,35],"aioseo_notices":[],"_links":{"self":[{"href":"https:\/\/economiapoliticacba.com\/index.php?rest_route=\/wp\/v2\/posts\/33985"}],"collection":[{"href":"https:\/\/economiapoliticacba.com\/index.php?rest_route=\/wp\/v2\/posts"}],"about":[{"href":"https:\/\/economiapoliticacba.com\/index.php?rest_route=\/wp\/v2\/types\/post"}],"author":[{"embeddable":true,"href":"https:\/\/economiapoliticacba.com\/index.php?rest_route=\/wp\/v2\/users\/1"}],"replies":[{"embeddable":true,"href":"https:\/\/economiapoliticacba.com\/index.php?rest_route=%2Fwp%2Fv2%2Fcomments&post=33985"}],"version-history":[{"count":0,"href":"https:\/\/economiapoliticacba.com\/index.php?rest_route=\/wp\/v2\/posts\/33985\/revisions"}],"wp:featuredmedia":[{"embeddable":true,"href":"https:\/\/economiapoliticacba.com\/index.php?rest_route=\/wp\/v2\/media\/33986"}],"wp:attachment":[{"href":"https:\/\/economiapoliticacba.com\/index.php?rest_route=%2Fwp%2Fv2%2Fmedia&parent=33985"}],"wp:term":[{"taxonomy":"category","embeddable":true,"href":"https:\/\/economiapoliticacba.com\/index.php?rest_route=%2Fwp%2Fv2%2Fcategories&post=33985"},{"taxonomy":"post_tag","embeddable":true,"href":"https:\/\/economiapoliticacba.com\/index.php?rest_route=%2Fwp%2Fv2%2Ftags&post=33985"}],"curies":[{"name":"wp","href":"https:\/\/api.w.org\/{rel}","templated":true}]}}