{"id":33910,"date":"2025-01-14T02:26:28","date_gmt":"2025-01-14T02:26:28","guid":{"rendered":"https:\/\/canalshowsport.com.ar\/?p=426914"},"modified":"2025-01-14T02:26:28","modified_gmt":"2025-01-14T02:26:28","slug":"define-detalles-ultimos-dos-amistosos-de-talleres-en-la-pretemporada","status":"publish","type":"post","link":"https:\/\/economiapoliticacba.com\/?p=33910","title":{"rendered":"Define detalles: \u00faltimos dos amistosos de Talleres en la pretemporada"},"content":{"rendered":"<p>El pasado s\u00e1bado, <strong>Talleres<\/strong> se prob\u00f3 ante San Mart\u00edn de Tucum\u00e1n y obtuvo buenos resultados. Esta semana cambiar\u00e1 de chip y definir\u00e1 la pretemporada en el <strong>Centro de Alto Rendimiento Deportivo Amadeo Nuccetelli<\/strong>. <\/p>\n<p>Bajo la lupa estar\u00e1 <strong>Nahuel Bustos,<\/strong> ya que retorn\u00f3 al club y convirti\u00f3 en el amistoso anterior. En esta ocasi\u00f3n, <strong>Talleres<\/strong> se medir\u00e1 ante <strong>Racing de Nueva Italia<\/strong> y con <strong>Argentinos Juniors<\/strong>. <\/p>\n<p>En cuanto al encuentro amistoso contra Racing, el partido se llevar\u00e1 a cabo desde el mi\u00e9rcoles, y el pr\u00f3ximo s\u00e1bado enfrentar\u00e1 al \u201cBicho\u201d en Buenos Aires. <\/p>\n<figure class=\"wp-block-image size-full\"><img loading=\"lazy\" fetchpriority=\"high\" decoding=\"async\" width=\"2048\" height=\"1368\" src=\"http:\/\/economiapoliticacba.com\/wp-content\/uploads\/2025\/01\/define-detalles-ultimos-dos-amistosos-de-talleres-en-la-pretemporada.jpg\" alt=\"Define detalles: \u00faltimos dos amistosos de Talleres en la pretemporada | Canal Showsport\" class=\"wp-image-426916\" srcset=\"http:\/\/economiapoliticacba.com\/wp-content\/uploads\/2025\/01\/define-detalles-ultimos-dos-amistosos-de-talleres-en-la-pretemporada.jpg 2048w, http:\/\/economiapoliticacba.com\/wp-content\/uploads\/2025\/01\/define-detalles-ultimos-dos-amistosos-de-talleres-en-la-pretemporada-2.jpg 768w, http:\/\/economiapoliticacba.com\/wp-content\/uploads\/2025\/01\/define-detalles-ultimos-dos-amistosos-de-talleres-en-la-pretemporada-3.jpg 1536w, http:\/\/economiapoliticacba.com\/wp-content\/uploads\/2025\/01\/define-detalles-ultimos-dos-amistosos-de-talleres-en-la-pretemporada-4.jpg 24w, http:\/\/economiapoliticacba.com\/wp-content\/uploads\/2025\/01\/define-detalles-ultimos-dos-amistosos-de-talleres-en-la-pretemporada-5.jpg 36w, http:\/\/economiapoliticacba.com\/wp-content\/uploads\/2025\/01\/define-detalles-ultimos-dos-amistosos-de-talleres-en-la-pretemporada-6.jpg 48w, http:\/\/economiapoliticacba.com\/wp-content\/uploads\/2025\/01\/define-detalles-ultimos-dos-amistosos-de-talleres-en-la-pretemporada-7.jpg 750w, http:\/\/economiapoliticacba.com\/wp-content\/uploads\/2025\/01\/define-detalles-ultimos-dos-amistosos-de-talleres-en-la-pretemporada-8.jpg 1140w\" sizes=\"(max-width: 2048px) 100vw, 2048px\"><figcaption class=\"wp-element-caption\">Foto Prensa Talleres<\/figcaption><\/figure>\n<p>Al finalizar los pr\u00f3ximos encuentros, el plantel del \u201cCacique\u201d tendr\u00e1 en la mochila tres amistoso y esa preparaci\u00f3n ser\u00e1 la puesta a punto para comenzar la Copa de la Liga, donde debutar\u00e1 ante San Lorenzo el 25 de enero, en Buenos Aires. <\/p>\n<p>En cuanto a la posible formaci\u00f3n para los pr\u00f3ximos partidos, <strong>Alexander Medina<\/strong> podr\u00eda repetir o cambiar algunas piezas de los equipo que mostr\u00f3 en el anterior encuentro ante San Mart\u00edn, donde se disputaron dos partidos de 70\u2032 cada uno. <\/p>\n<p>En el primer partido, as\u00ed fue el 11 que par\u00f3 el t\u00e9cnico: Guido Herrera; Gast\u00f3n Benav\u00eddez, Juan Rodr\u00edguez, Lucas Su\u00e1rez y Miguel Navarro; Mat\u00edas G\u00f3mez, Mat\u00edas Alejandro Galarza y Mat\u00edas Galarza Fonda; Sebasti\u00e1n Palacios, Nahuel Bustos y Bruno Barticciotto. En dicho partido, la \u201cT\u201d venci\u00f3 por 3 a 0 con dos goles de Bustos y uno de Navarro. <\/p>\n<p>Luego, en el segundo, tambi\u00e9n fue victoria para Talleres por 2 a 0 con goles de Alejandro Mart\u00ednez y Jerem\u00edas Gallard. Jerem\u00edas Florent\u00edn; Alex Vigo, Augusto Schott, Kevin Mantilla y Blas Riveros; Alejandro Mart\u00ednez, Gustavo Albarrac\u00edn, Ulises Ortegoza y Jerem\u00edas Gallard; Cristian Tarragona y Federico Girotti.<\/p>\n","protected":false},"excerpt":{"rendered":"<p>El pasado s\u00e1bado, Talleres se prob\u00f3 ante San Mart\u00edn de Tucum\u00e1n y obtuvo buenos resultados. Esta semana cambiar\u00e1 de chip y definir\u00e1 la pretemporada en el Centro de Alto Rendimiento Deportivo Amadeo Nuccetelli. Bajo la lupa estar\u00e1 Nahuel Bustos, ya que retorn\u00f3 al club y convirti\u00f3 en el amistoso anterior. En esta ocasi\u00f3n, Talleres se [&hellip;]<\/p>\n","protected":false},"author":1,"featured_media":33911,"comment_status":"closed","ping_status":"closed","sticky":false,"template":"","format":"standard","meta":{"om_disable_all_campaigns":false,"_monsterinsights_skip_tracking":false,"_monsterinsights_sitenote_active":false,"_monsterinsights_sitenote_note":"","_monsterinsights_sitenote_category":0},"categories":[16],"tags":[34,35,36],"aioseo_notices":[],"_links":{"self":[{"href":"https:\/\/economiapoliticacba.com\/index.php?rest_route=\/wp\/v2\/posts\/33910"}],"collection":[{"href":"https:\/\/economiapoliticacba.com\/index.php?rest_route=\/wp\/v2\/posts"}],"about":[{"href":"https:\/\/economiapoliticacba.com\/index.php?rest_route=\/wp\/v2\/types\/post"}],"author":[{"embeddable":true,"href":"https:\/\/economiapoliticacba.com\/index.php?rest_route=\/wp\/v2\/users\/1"}],"replies":[{"embeddable":true,"href":"https:\/\/economiapoliticacba.com\/index.php?rest_route=%2Fwp%2Fv2%2Fcomments&post=33910"}],"version-history":[{"count":0,"href":"https:\/\/economiapoliticacba.com\/index.php?rest_route=\/wp\/v2\/posts\/33910\/revisions"}],"wp:featuredmedia":[{"embeddable":true,"href":"https:\/\/economiapoliticacba.com\/index.php?rest_route=\/wp\/v2\/media\/33911"}],"wp:attachment":[{"href":"https:\/\/economiapoliticacba.com\/index.php?rest_route=%2Fwp%2Fv2%2Fmedia&parent=33910"}],"wp:term":[{"taxonomy":"category","embeddable":true,"href":"https:\/\/economiapoliticacba.com\/index.php?rest_route=%2Fwp%2Fv2%2Fcategories&post=33910"},{"taxonomy":"post_tag","embeddable":true,"href":"https:\/\/economiapoliticacba.com\/index.php?rest_route=%2Fwp%2Fv2%2Ftags&post=33910"}],"curies":[{"name":"wp","href":"https:\/\/api.w.org\/{rel}","templated":true}]}}