{"id":33753,"date":"2025-01-10T02:39:18","date_gmt":"2025-01-10T02:39:18","guid":{"rendered":"https:\/\/canalshowsport.com.ar\/?p=426253"},"modified":"2025-01-10T02:39:18","modified_gmt":"2025-01-10T02:39:18","slug":"confirmado-el-primer-partido-amistoso-de-talleres-en-2025","status":"publish","type":"post","link":"https:\/\/economiapoliticacba.com\/?p=33753","title":{"rendered":"Confirmado el primer partido amistoso de Talleres en 2025"},"content":{"rendered":"<p>El equipo de <strong>Alexander Medina<\/strong> define lo \u00faltimo para afrontar un a\u00f1o largo peleando en varios frentes, nacionales e internacionales. En esta pretemporada, se oficializ\u00f3 el primer encuentro amistoso en el cual probar\u00e1 nuevas piezas. <\/p>\n<p>Hasta ahora, <strong>Nahuel Bustos<\/strong> y <strong>Augusto Schott<\/strong> son las \u201ccaras nuevas\u201d del plantel. Todav\u00eda el hincha deber\u00e1 esperar las incorporaciones de nuevos refuerzos ya que contin\u00faan las negociaciones por los jugadores que est\u00e1n bajo la lupa \u201cMatadora\u201d.<\/p>\n<p>Con dos equipos diferentes, uno titular y otro suplente, <strong>Talleres<\/strong> enfrentar\u00e1 a <strong>San Mart\u00edn de Tucum\u00e1n<\/strong> desde este s\u00e1bado en el <strong>Centro de Alto Rendimiento Deportivo Amadeo Nuccetelli<\/strong>.<\/p>\n<p>Sin Mat\u00edas Esquivel ni Ramiro Ruiz Rodr\u00edguez, el \u201cCacique\u201d formar\u00eda con la misma base que el \u00faltimo partido del 2024, ante Newell\u2019s.<\/p>\n<figure class=\"wp-block-image size-full\"><img loading=\"lazy\" fetchpriority=\"high\" decoding=\"async\" width=\"2048\" height=\"1362\" src=\"http:\/\/economiapoliticacba.com\/wp-content\/uploads\/2025\/01\/confirmado-el-primer-partido-amistoso-de-talleres-en-2025.jpg\" alt=\"Confirmado el primer partido amistoso de Talleres en 2025 | Canal Showsport\" class=\"wp-image-426262\" srcset=\"http:\/\/economiapoliticacba.com\/wp-content\/uploads\/2025\/01\/confirmado-el-primer-partido-amistoso-de-talleres-en-2025.jpg 2048w, http:\/\/economiapoliticacba.com\/wp-content\/uploads\/2025\/01\/confirmado-el-primer-partido-amistoso-de-talleres-en-2025-2.jpg 768w, http:\/\/economiapoliticacba.com\/wp-content\/uploads\/2025\/01\/confirmado-el-primer-partido-amistoso-de-talleres-en-2025-3.jpg 1536w, http:\/\/economiapoliticacba.com\/wp-content\/uploads\/2025\/01\/confirmado-el-primer-partido-amistoso-de-talleres-en-2025-4.jpg 24w, http:\/\/economiapoliticacba.com\/wp-content\/uploads\/2025\/01\/confirmado-el-primer-partido-amistoso-de-talleres-en-2025-5.jpg 36w, http:\/\/economiapoliticacba.com\/wp-content\/uploads\/2025\/01\/confirmado-el-primer-partido-amistoso-de-talleres-en-2025-6.jpg 48w, http:\/\/economiapoliticacba.com\/wp-content\/uploads\/2025\/01\/confirmado-el-primer-partido-amistoso-de-talleres-en-2025-7.jpg 750w, http:\/\/economiapoliticacba.com\/wp-content\/uploads\/2025\/01\/confirmado-el-primer-partido-amistoso-de-talleres-en-2025-8.jpg 1140w\" sizes=\"(max-width: 2048px) 100vw, 2048px\"><figcaption class=\"wp-element-caption\">Foto: Prensa Talleres<\/figcaption><\/figure>\n<p>Por el lado del equipo tucumano, hace poco perdi\u00f3 la oportunidad de ascender a la m\u00e1xima categor\u00eda del f\u00fatbol argentino tras caer en la final por el ascenso, ante Aldosivi. <\/p>\n","protected":false},"excerpt":{"rendered":"<p>El equipo de Alexander Medina define lo \u00faltimo para afrontar un a\u00f1o largo peleando en varios frentes, nacionales e internacionales. En esta pretemporada, se oficializ\u00f3 el primer encuentro amistoso en el cual probar\u00e1 nuevas piezas. Hasta ahora, Nahuel Bustos y Augusto Schott son las \u201ccaras nuevas\u201d del plantel. Todav\u00eda el hincha deber\u00e1 esperar las incorporaciones [&hellip;]<\/p>\n","protected":false},"author":1,"featured_media":33754,"comment_status":"closed","ping_status":"closed","sticky":false,"template":"","format":"standard","meta":{"om_disable_all_campaigns":false,"_monsterinsights_skip_tracking":false,"_monsterinsights_sitenote_active":false,"_monsterinsights_sitenote_note":"","_monsterinsights_sitenote_category":0},"categories":[16],"tags":[30,34,35,36],"aioseo_notices":[],"_links":{"self":[{"href":"https:\/\/economiapoliticacba.com\/index.php?rest_route=\/wp\/v2\/posts\/33753"}],"collection":[{"href":"https:\/\/economiapoliticacba.com\/index.php?rest_route=\/wp\/v2\/posts"}],"about":[{"href":"https:\/\/economiapoliticacba.com\/index.php?rest_route=\/wp\/v2\/types\/post"}],"author":[{"embeddable":true,"href":"https:\/\/economiapoliticacba.com\/index.php?rest_route=\/wp\/v2\/users\/1"}],"replies":[{"embeddable":true,"href":"https:\/\/economiapoliticacba.com\/index.php?rest_route=%2Fwp%2Fv2%2Fcomments&post=33753"}],"version-history":[{"count":0,"href":"https:\/\/economiapoliticacba.com\/index.php?rest_route=\/wp\/v2\/posts\/33753\/revisions"}],"wp:featuredmedia":[{"embeddable":true,"href":"https:\/\/economiapoliticacba.com\/index.php?rest_route=\/wp\/v2\/media\/33754"}],"wp:attachment":[{"href":"https:\/\/economiapoliticacba.com\/index.php?rest_route=%2Fwp%2Fv2%2Fmedia&parent=33753"}],"wp:term":[{"taxonomy":"category","embeddable":true,"href":"https:\/\/economiapoliticacba.com\/index.php?rest_route=%2Fwp%2Fv2%2Fcategories&post=33753"},{"taxonomy":"post_tag","embeddable":true,"href":"https:\/\/economiapoliticacba.com\/index.php?rest_route=%2Fwp%2Fv2%2Ftags&post=33753"}],"curies":[{"name":"wp","href":"https:\/\/api.w.org\/{rel}","templated":true}]}}