{"id":33751,"date":"2025-01-09T23:57:41","date_gmt":"2025-01-09T23:57:41","guid":{"rendered":"https:\/\/canalshowsport.com.ar\/?p=426206"},"modified":"2025-01-09T23:57:41","modified_gmt":"2025-01-09T23:57:41","slug":"la-situacion-de-girotti-en-talleres-y-los-clubes-que-se-interesan-en-el","status":"publish","type":"post","link":"https:\/\/economiapoliticacba.com\/?p=33751","title":{"rendered":"La situaci\u00f3n de Girotti en Talleres y los clubes que se interesan en \u00e9l"},"content":{"rendered":"<p><strong>Talleres<\/strong> se mantiene expectante en el corriente mercado de pases y no movi\u00f3 varias fichas. Entre altas y bajas, la \u201cT\u201d contin\u00faa su pretemporada en el <strong>Centro de Alto Rendimiento Deportivo Amadeo Nuccetelli<\/strong>, a la espera de los amistosos. <\/p>\n<p>Uno de los temas que rodean el contexto del club es acerca de <strong>Federico Girotti<\/strong>. El delantero mantiene su contrato hasta diciembre de 2026, sin embargo, clubes del f\u00fatbol argentino y del exterior mostraron inter\u00e9s en \u00e9l.<\/p>\n<p>Recordemos tambi\u00e9n que desde el club ya anunciaron el regreso de<strong> Nahuel Bustos<\/strong>, ejecutando la cl\u00e1usula de repesca a San Lorenzo, sumado a la continuaci\u00f3n de Cristian Tarragona en la \u201cT\u201d. Ante este panorama, el futuro de Girotti podr\u00eda estar sobre la cuerda floja.<\/p>\n<figure class=\"wp-block-image size-full\"><img loading=\"lazy\" fetchpriority=\"high\" decoding=\"async\" width=\"1079\" height=\"770\" src=\"http:\/\/economiapoliticacba.com\/wp-content\/uploads\/2025\/01\/la-situacion-de-girotti-en-talleres-y-los-clubes-que-se-interesan-en-el.png\" alt=\"La situaci\u00f3n de Girotti en Talleres y los clubes que se interesan en \u00e9l | Canal Showsport\" class=\"wp-image-426217\" srcset=\"http:\/\/economiapoliticacba.com\/wp-content\/uploads\/2025\/01\/la-situacion-de-girotti-en-talleres-y-los-clubes-que-se-interesan-en-el.png 1079w, http:\/\/economiapoliticacba.com\/wp-content\/uploads\/2025\/01\/la-situacion-de-girotti-en-talleres-y-los-clubes-que-se-interesan-en-el-2.png 768w, http:\/\/economiapoliticacba.com\/wp-content\/uploads\/2025\/01\/la-situacion-de-girotti-en-talleres-y-los-clubes-que-se-interesan-en-el-3.png 24w, http:\/\/economiapoliticacba.com\/wp-content\/uploads\/2025\/01\/la-situacion-de-girotti-en-talleres-y-los-clubes-que-se-interesan-en-el-4.png 36w, http:\/\/economiapoliticacba.com\/wp-content\/uploads\/2025\/01\/la-situacion-de-girotti-en-talleres-y-los-clubes-que-se-interesan-en-el-5.png 48w, http:\/\/economiapoliticacba.com\/wp-content\/uploads\/2025\/01\/la-situacion-de-girotti-en-talleres-y-los-clubes-que-se-interesan-en-el-6.png 120w, http:\/\/economiapoliticacba.com\/wp-content\/uploads\/2025\/01\/la-situacion-de-girotti-en-talleres-y-los-clubes-que-se-interesan-en-el-7.png 350w, http:\/\/economiapoliticacba.com\/wp-content\/uploads\/2025\/01\/la-situacion-de-girotti-en-talleres-y-los-clubes-que-se-interesan-en-el-8.png 750w\" sizes=\"(max-width: 1079px) 100vw, 1079px\"><\/figure>\n<p>Uno de los intereses m\u00e1s concretos tiene relaci\u00f3n con <strong>Racing de Avellaneda<\/strong>, desde la \u201cAcademia\u201d mostraron intenciones de sumar al delantero y ya establecieron charlas con la dirigencia cordobesa intentando involucrar a <strong>Nazareno Colombo<\/strong> en la transacci\u00f3n. <\/p>\n<p>Sin embargo, la intenci\u00f3n de Talleres no ser\u00eda de un jugador por jugador, sino que sumar al futbolista de Racing incluyendo una <strong>suma econ\u00f3mica<\/strong>. De esta manera, la \u201cT\u201d vender\u00eda un porcentaje de la ficha de <strong>Federico Girotti<\/strong>. <\/p>\n<p>Por otro lado, Racing tambi\u00e9n quiere vender cierto porcentaje de Colombo. El futbolista lleg\u00f3 al albiceleste desde Defensa y Justicia a cambio de aproximadamente 3 millones de d\u00f3lares. Tambi\u00e9n, figur\u00f3 otra opci\u00f3n que es la de incluir a <strong>Carbonero<\/strong> y no al defensor, el colombiano de 25 a\u00f1os estar\u00eda buscando una salida del club recientemente campe\u00f3n de la Copa Sudamericana. <\/p>\n<figure class=\"wp-block-image size-full\"><img loading=\"lazy\" decoding=\"async\" width=\"980\" height=\"640\" alt=\"La situaci\u00f3n de Girotti en Talleres y los clubes que se interesan en \u00e9l | Canal Showsport\" class=\"wp-image-426219 lazyload\" data-sizes=\"(max-width: 980px) 100vw, 980px\" src=\"http:\/\/economiapoliticacba.com\/wp-content\/uploads\/2025\/01\/la-situacion-de-girotti-en-talleres-y-los-clubes-que-se-interesan-en-el-1.png\" srcset=\"http:\/\/economiapoliticacba.com\/wp-content\/uploads\/2025\/01\/la-situacion-de-girotti-en-talleres-y-los-clubes-que-se-interesan-en-el-1.png 980w, http:\/\/economiapoliticacba.com\/wp-content\/uploads\/2025\/01\/la-situacion-de-girotti-en-talleres-y-los-clubes-que-se-interesan-en-el-9.png 768w, http:\/\/economiapoliticacba.com\/wp-content\/uploads\/2025\/01\/la-situacion-de-girotti-en-talleres-y-los-clubes-que-se-interesan-en-el-10.png 24w, http:\/\/economiapoliticacba.com\/wp-content\/uploads\/2025\/01\/la-situacion-de-girotti-en-talleres-y-los-clubes-que-se-interesan-en-el-11.png 36w, http:\/\/economiapoliticacba.com\/wp-content\/uploads\/2025\/01\/la-situacion-de-girotti-en-talleres-y-los-clubes-que-se-interesan-en-el-12.png 48w, http:\/\/economiapoliticacba.com\/wp-content\/uploads\/2025\/01\/la-situacion-de-girotti-en-talleres-y-los-clubes-que-se-interesan-en-el-13.png 750w\"><noscript><img loading=\"lazy\" decoding=\"async\" width=\"980\" height=\"640\" src=\"http:\/\/economiapoliticacba.com\/wp-content\/uploads\/2025\/01\/la-situacion-de-girotti-en-talleres-y-los-clubes-que-se-interesan-en-el-1.png\" alt=\"La situaci\u00f3n de Girotti en Talleres y los clubes que se interesan en \u00e9l | Canal Showsport\" class=\"wp-image-426219\" srcset=\"http:\/\/economiapoliticacba.com\/wp-content\/uploads\/2025\/01\/la-situacion-de-girotti-en-talleres-y-los-clubes-que-se-interesan-en-el-1.png 980w, http:\/\/economiapoliticacba.com\/wp-content\/uploads\/2025\/01\/la-situacion-de-girotti-en-talleres-y-los-clubes-que-se-interesan-en-el-9.png 768w, http:\/\/economiapoliticacba.com\/wp-content\/uploads\/2025\/01\/la-situacion-de-girotti-en-talleres-y-los-clubes-que-se-interesan-en-el-10.png 24w, http:\/\/economiapoliticacba.com\/wp-content\/uploads\/2025\/01\/la-situacion-de-girotti-en-talleres-y-los-clubes-que-se-interesan-en-el-11.png 36w, http:\/\/economiapoliticacba.com\/wp-content\/uploads\/2025\/01\/la-situacion-de-girotti-en-talleres-y-los-clubes-que-se-interesan-en-el-12.png 48w, http:\/\/economiapoliticacba.com\/wp-content\/uploads\/2025\/01\/la-situacion-de-girotti-en-talleres-y-los-clubes-que-se-interesan-en-el-13.png 750w\" sizes=\"(max-width: 980px) 100vw, 980px\"><\/noscript><\/figure>\n<p>Junto a <strong>Racing<\/strong>, <strong>Independiente<\/strong>, <strong>Nacional de Montevideo<\/strong> y <strong>Tigre<\/strong>, han mostrado el inter\u00e9s por sumarlo a Girotti. En cuanto al \u00faltimo club, <strong>Tigre<\/strong>, ya pregunt\u00f3 por el jugador y el mismo Girotti declar\u00f3 acerca del club. <em>\u201cMe enter\u00e9 durante la semana que me quer\u00eda Tigre. Es un club que conozco porque me queda a 10 cuadras de mi casa. Todav\u00eda no habl\u00e9 con nadie\u201d<\/em>, esto dijo Federico en <em>Dsports Radio<\/em>.<\/p>\n","protected":false},"excerpt":{"rendered":"<p>Talleres se mantiene expectante en el corriente mercado de pases y no movi\u00f3 varias fichas. Entre altas y bajas, la \u201cT\u201d contin\u00faa su pretemporada en el Centro de Alto Rendimiento Deportivo Amadeo Nuccetelli, a la espera de los amistosos. Uno de los temas que rodean el contexto del club es acerca de Federico Girotti. El [&hellip;]<\/p>\n","protected":false},"author":1,"featured_media":33752,"comment_status":"closed","ping_status":"closed","sticky":false,"template":"","format":"standard","meta":{"om_disable_all_campaigns":false,"_monsterinsights_skip_tracking":false,"_monsterinsights_sitenote_active":false,"_monsterinsights_sitenote_note":"","_monsterinsights_sitenote_category":0},"categories":[16],"tags":[30,34,35,36],"aioseo_notices":[],"_links":{"self":[{"href":"https:\/\/economiapoliticacba.com\/index.php?rest_route=\/wp\/v2\/posts\/33751"}],"collection":[{"href":"https:\/\/economiapoliticacba.com\/index.php?rest_route=\/wp\/v2\/posts"}],"about":[{"href":"https:\/\/economiapoliticacba.com\/index.php?rest_route=\/wp\/v2\/types\/post"}],"author":[{"embeddable":true,"href":"https:\/\/economiapoliticacba.com\/index.php?rest_route=\/wp\/v2\/users\/1"}],"replies":[{"embeddable":true,"href":"https:\/\/economiapoliticacba.com\/index.php?rest_route=%2Fwp%2Fv2%2Fcomments&post=33751"}],"version-history":[{"count":0,"href":"https:\/\/economiapoliticacba.com\/index.php?rest_route=\/wp\/v2\/posts\/33751\/revisions"}],"wp:featuredmedia":[{"embeddable":true,"href":"https:\/\/economiapoliticacba.com\/index.php?rest_route=\/wp\/v2\/media\/33752"}],"wp:attachment":[{"href":"https:\/\/economiapoliticacba.com\/index.php?rest_route=%2Fwp%2Fv2%2Fmedia&parent=33751"}],"wp:term":[{"taxonomy":"category","embeddable":true,"href":"https:\/\/economiapoliticacba.com\/index.php?rest_route=%2Fwp%2Fv2%2Fcategories&post=33751"},{"taxonomy":"post_tag","embeddable":true,"href":"https:\/\/economiapoliticacba.com\/index.php?rest_route=%2Fwp%2Fv2%2Ftags&post=33751"}],"curies":[{"name":"wp","href":"https:\/\/api.w.org\/{rel}","templated":true}]}}