{"id":33711,"date":"2025-01-09T01:35:59","date_gmt":"2025-01-09T01:35:59","guid":{"rendered":"https:\/\/canalshowsport.com.ar\/?p=426034"},"modified":"2025-01-09T01:35:59","modified_gmt":"2025-01-09T01:35:59","slug":"suma-otro-mas-belgrano-esta-en-negociaciones-con-un-defensor","status":"publish","type":"post","link":"https:\/\/economiapoliticacba.com\/?p=33711","title":{"rendered":"\u00bfSuma otro m\u00e1s? Belgrano est\u00e1 en negociaciones con un defensor"},"content":{"rendered":"<p><strong>Belgrano <\/strong>se refuerza pensando en gran temporada que tendr\u00e1 que hacer este 2025 para volver a ingresar a las copas internacionales. El conjunto que dirige Walter Erviti ya confirm\u00f3 tres refuerzos: <strong>Juli\u00e1n Mavilla, El\u00edas L\u00f3pez <\/strong>y oficializ\u00f3 este mi\u00e9rcoles al <strong>\u201cChino\u201d Zelaray\u00e1n.<\/strong><\/p>\n<p>En este sentido, el club de Alberdi abri\u00f3 negociaciones con el defensor <strong>Fausto Grillo<\/strong>, jugador que est\u00e1 libre y con el pase en su poder tras su salida de Universidad Cat\u00f3lica de Ecuador.<\/p>\n<p>Seg\u00fan el periodista <em>C\u00e9sar Luis Merlo<\/em> ya hay una oferta formal para que el \u201cPirata\u201d contrate los servicios del jugador de 31 a\u00f1os.<\/p>\n<figure class=\"wp-block-image size-full\"><img loading=\"lazy\" fetchpriority=\"high\" decoding=\"async\" width=\"1200\" height=\"799\" src=\"http:\/\/economiapoliticacba.com\/wp-content\/uploads\/2025\/01\/suma-otro-mas-belgrano-esta-en-negociaciones-con-un-defensor.png\" alt=\"\u00bfSuma otro m\u00e1s? Belgrano est\u00e1 en negociaciones con un defensor | Canal Showsport\" class=\"wp-image-426040\" srcset=\"http:\/\/economiapoliticacba.com\/wp-content\/uploads\/2025\/01\/suma-otro-mas-belgrano-esta-en-negociaciones-con-un-defensor.png 1200w, http:\/\/economiapoliticacba.com\/wp-content\/uploads\/2025\/01\/suma-otro-mas-belgrano-esta-en-negociaciones-con-un-defensor-2.png 768w, http:\/\/economiapoliticacba.com\/wp-content\/uploads\/2025\/01\/suma-otro-mas-belgrano-esta-en-negociaciones-con-un-defensor-3.png 24w, http:\/\/economiapoliticacba.com\/wp-content\/uploads\/2025\/01\/suma-otro-mas-belgrano-esta-en-negociaciones-con-un-defensor-4.png 36w, http:\/\/economiapoliticacba.com\/wp-content\/uploads\/2025\/01\/suma-otro-mas-belgrano-esta-en-negociaciones-con-un-defensor-5.png 48w, http:\/\/economiapoliticacba.com\/wp-content\/uploads\/2025\/01\/suma-otro-mas-belgrano-esta-en-negociaciones-con-un-defensor-6.png 750w, http:\/\/economiapoliticacba.com\/wp-content\/uploads\/2025\/01\/suma-otro-mas-belgrano-esta-en-negociaciones-con-un-defensor-7.png 1140w\" sizes=\"(max-width: 1200px) 100vw, 1200px\"><figcaption class=\"wp-element-caption\">Grillo en Universidad Cat\u00f3lica.<\/figcaption><\/figure>\n<p>Grillo comenz\u00f3 su carrera futbol\u00edstica en V\u00e9lez en el 2014, tambi\u00e9n milit\u00f3 en el G\u00f6stepe de Turqu\u00eda; Trapani Calcio de Italia; Volos de Grecia y O\u2019Higgins de Chile hasta el 2022. En el 2023 desemboc\u00f3 en el cuadro ecuatoriano.<\/p>\n<p>All\u00ed se convirti\u00f3 en una de las figuras, complementado por los ecuatorianos Vallecida y Minda y bajo la direcci\u00f3n t\u00e9cnica del argentino Jorge C\u00e9lico. Jug\u00f3 un total de 51 partidos e hizo dos goles.<\/p>\n<p>Tras un gran baj\u00f3n futbol\u00edstico sobre el final de la temporada y con la llegada de Diego Mart\u00ednez bajo la direcci\u00f3n t\u00e9cnica, el club hizo limpieza de todo el plantel. Grillo termin\u00f3 contrato con la instituci\u00f3n y no le renovaron.<\/p>\n<figure class=\"wp-block-embed is-type-wp-embed is-provider-canal-showsport wp-block-embed-canal-showsport\"><\/figure>\n","protected":false},"excerpt":{"rendered":"<p>Belgrano se refuerza pensando en gran temporada que tendr\u00e1 que hacer este 2025 para volver a ingresar a las copas internacionales. El conjunto que dirige Walter Erviti ya confirm\u00f3 tres refuerzos: Juli\u00e1n Mavilla, El\u00edas L\u00f3pez y oficializ\u00f3 este mi\u00e9rcoles al \u201cChino\u201d Zelaray\u00e1n. En este sentido, el club de Alberdi abri\u00f3 negociaciones con el defensor Fausto [&hellip;]<\/p>\n","protected":false},"author":1,"featured_media":33712,"comment_status":"closed","ping_status":"closed","sticky":false,"template":"","format":"standard","meta":{"om_disable_all_campaigns":false,"_monsterinsights_skip_tracking":false,"_monsterinsights_sitenote_active":false,"_monsterinsights_sitenote_note":"","_monsterinsights_sitenote_category":0},"categories":[16],"tags":[22,2571,35],"aioseo_notices":[],"_links":{"self":[{"href":"https:\/\/economiapoliticacba.com\/index.php?rest_route=\/wp\/v2\/posts\/33711"}],"collection":[{"href":"https:\/\/economiapoliticacba.com\/index.php?rest_route=\/wp\/v2\/posts"}],"about":[{"href":"https:\/\/economiapoliticacba.com\/index.php?rest_route=\/wp\/v2\/types\/post"}],"author":[{"embeddable":true,"href":"https:\/\/economiapoliticacba.com\/index.php?rest_route=\/wp\/v2\/users\/1"}],"replies":[{"embeddable":true,"href":"https:\/\/economiapoliticacba.com\/index.php?rest_route=%2Fwp%2Fv2%2Fcomments&post=33711"}],"version-history":[{"count":0,"href":"https:\/\/economiapoliticacba.com\/index.php?rest_route=\/wp\/v2\/posts\/33711\/revisions"}],"wp:featuredmedia":[{"embeddable":true,"href":"https:\/\/economiapoliticacba.com\/index.php?rest_route=\/wp\/v2\/media\/33712"}],"wp:attachment":[{"href":"https:\/\/economiapoliticacba.com\/index.php?rest_route=%2Fwp%2Fv2%2Fmedia&parent=33711"}],"wp:term":[{"taxonomy":"category","embeddable":true,"href":"https:\/\/economiapoliticacba.com\/index.php?rest_route=%2Fwp%2Fv2%2Fcategories&post=33711"},{"taxonomy":"post_tag","embeddable":true,"href":"https:\/\/economiapoliticacba.com\/index.php?rest_route=%2Fwp%2Fv2%2Ftags&post=33711"}],"curies":[{"name":"wp","href":"https:\/\/api.w.org\/{rel}","templated":true}]}}