{"id":33680,"date":"2025-01-08T01:04:15","date_gmt":"2025-01-08T01:04:15","guid":{"rendered":"https:\/\/canalshowsport.com.ar\/?p=425734"},"modified":"2025-01-08T01:04:15","modified_gmt":"2025-01-08T01:04:15","slug":"con-destino-a-chile-matias-marin-saldria-de-belgrano-prestado","status":"publish","type":"post","link":"https:\/\/economiapoliticacba.com\/?p=33680","title":{"rendered":"Con destino a Chile: Mat\u00edas Mar\u00edn saldr\u00eda de Belgrano prestado"},"content":{"rendered":"<p>Entre altas y bajas, <strong>Belgrano<\/strong> mantiene su estad\u00eda en Pilar esperando viajar a Uruguay para medirse en el torneo de pretemporada \u201cSerie Rio de La Plata\u201d. <\/p>\n<p>Uno de lo movimientos que se podr\u00eda dar en el corriente mercado de pase tiene relaci\u00f3n con el chileno<strong> Mat\u00edas Mar\u00edn<\/strong>. El jugador ser\u00eda prestado por Belgrano a la \u201cU\u201d Cat\u00f3lica de Chile con duraci\u00f3n de un a\u00f1o y una opci\u00f3n de compra. <\/p>\n<p>En el \u201cPirata\u201d, el antiguo \u201c10\u201d disput\u00f3 17 partidos alternando entre Copa de la Liga, Copa Sudamericana y Liga Profesional. Mayormente fue tenido en cuenta por la \u00faltima mitad del ciclo de Guillermo Farr\u00e9, algo que no se repiti\u00f3 cuando asumi\u00f3 Juan Cruz Real y as\u00ed perdi\u00f3 protagonismo.<\/p>\n<figure class=\"wp-block-image size-full\"><img loading=\"lazy\" fetchpriority=\"high\" decoding=\"async\" width=\"950\" height=\"633\" src=\"http:\/\/economiapoliticacba.com\/wp-content\/uploads\/2025\/01\/con-destino-a-chile-matias-marin-saldria-de-belgrano-prestado.png\" alt=\"Con destino a Chile: Mat\u00edas Mar\u00edn saldr\u00eda de Belgrano prestado | Canal Showsport\" class=\"wp-image-425744\" srcset=\"http:\/\/economiapoliticacba.com\/wp-content\/uploads\/2025\/01\/con-destino-a-chile-matias-marin-saldria-de-belgrano-prestado.png 950w, http:\/\/economiapoliticacba.com\/wp-content\/uploads\/2025\/01\/con-destino-a-chile-matias-marin-saldria-de-belgrano-prestado-1.png 768w, http:\/\/economiapoliticacba.com\/wp-content\/uploads\/2025\/01\/con-destino-a-chile-matias-marin-saldria-de-belgrano-prestado-2.png 24w, http:\/\/economiapoliticacba.com\/wp-content\/uploads\/2025\/01\/con-destino-a-chile-matias-marin-saldria-de-belgrano-prestado-3.png 36w, http:\/\/economiapoliticacba.com\/wp-content\/uploads\/2025\/01\/con-destino-a-chile-matias-marin-saldria-de-belgrano-prestado-4.png 48w, http:\/\/economiapoliticacba.com\/wp-content\/uploads\/2025\/01\/con-destino-a-chile-matias-marin-saldria-de-belgrano-prestado-5.png 750w\" sizes=\"(max-width: 950px) 100vw, 950px\"><\/figure>\n<p>Recordemos que <strong>Belgrano<\/strong> actualmente contin\u00faa su pretemporada en Pilar y luego viajar\u00e1 con destino a Uruguay. El pr\u00f3ximo 16 de enero el celeste se medir\u00e1 ante <strong>Montevideo Wanderers<\/strong> y luego se enfrentar\u00e1 a <strong>Progreso<\/strong>, el 19.<\/p>\n<p class=\"has-medium-font-size\"><em><strong>+ Te puede interesar: <a href=\"https:\/\/canalshowsport.com.ar\/sin-lugar-en-belgrano-tres-juveniles-sumaran-minutos-en-otros-clubes\/\">Sin lugar en Belgrano, tres juveniles sumar\u00e1n minutos en otros clubes<\/a><\/strong><\/em><\/p>\n","protected":false},"excerpt":{"rendered":"<p>Entre altas y bajas, Belgrano mantiene su estad\u00eda en Pilar esperando viajar a Uruguay para medirse en el torneo de pretemporada \u201cSerie Rio de La Plata\u201d. Uno de lo movimientos que se podr\u00eda dar en el corriente mercado de pase tiene relaci\u00f3n con el chileno Mat\u00edas Mar\u00edn. El jugador ser\u00eda prestado por Belgrano a la [&hellip;]<\/p>\n","protected":false},"author":1,"featured_media":33681,"comment_status":"closed","ping_status":"closed","sticky":false,"template":"","format":"standard","meta":{"om_disable_all_campaigns":false,"_monsterinsights_skip_tracking":false,"_monsterinsights_sitenote_active":false,"_monsterinsights_sitenote_note":"","_monsterinsights_sitenote_category":0},"categories":[16],"tags":[22,30,34,35],"aioseo_notices":[],"_links":{"self":[{"href":"https:\/\/economiapoliticacba.com\/index.php?rest_route=\/wp\/v2\/posts\/33680"}],"collection":[{"href":"https:\/\/economiapoliticacba.com\/index.php?rest_route=\/wp\/v2\/posts"}],"about":[{"href":"https:\/\/economiapoliticacba.com\/index.php?rest_route=\/wp\/v2\/types\/post"}],"author":[{"embeddable":true,"href":"https:\/\/economiapoliticacba.com\/index.php?rest_route=\/wp\/v2\/users\/1"}],"replies":[{"embeddable":true,"href":"https:\/\/economiapoliticacba.com\/index.php?rest_route=%2Fwp%2Fv2%2Fcomments&post=33680"}],"version-history":[{"count":0,"href":"https:\/\/economiapoliticacba.com\/index.php?rest_route=\/wp\/v2\/posts\/33680\/revisions"}],"wp:featuredmedia":[{"embeddable":true,"href":"https:\/\/economiapoliticacba.com\/index.php?rest_route=\/wp\/v2\/media\/33681"}],"wp:attachment":[{"href":"https:\/\/economiapoliticacba.com\/index.php?rest_route=%2Fwp%2Fv2%2Fmedia&parent=33680"}],"wp:term":[{"taxonomy":"category","embeddable":true,"href":"https:\/\/economiapoliticacba.com\/index.php?rest_route=%2Fwp%2Fv2%2Fcategories&post=33680"},{"taxonomy":"post_tag","embeddable":true,"href":"https:\/\/economiapoliticacba.com\/index.php?rest_route=%2Fwp%2Fv2%2Ftags&post=33680"}],"curies":[{"name":"wp","href":"https:\/\/api.w.org\/{rel}","templated":true}]}}