{"id":33644,"date":"2025-01-07T12:49:19","date_gmt":"2025-01-07T12:49:19","guid":{"rendered":"https:\/\/canalshowsport.com.ar\/?p=425468"},"modified":"2025-01-07T12:49:19","modified_gmt":"2025-01-07T12:49:19","slug":"liga-profesional-se-confirmo-la-programacion-para-las-primeras-diez-fechas","status":"publish","type":"post","link":"https:\/\/economiapoliticacba.com\/?p=33644","title":{"rendered":"Liga Profesional: se confirm\u00f3 la programaci\u00f3n para las primeras diez fechas"},"content":{"rendered":"<p>En la ma\u00f1ana de este martes, se confirm\u00f3 la programaci\u00f3n de las primeras diez fechas del <strong>Torneo Apertura Betano 2025<\/strong>, competencia que comenzar\u00e1 a disputarse desde el jueves 23 de enero. A continuaci\u00f3n, repasamos la agenda de los equipos cordobeses.<\/p>\n<figure class=\"wp-block-image size-full\"><img loading=\"lazy\" fetchpriority=\"high\" decoding=\"async\" width=\"1280\" height=\"960\" src=\"http:\/\/economiapoliticacba.com\/wp-content\/uploads\/2025\/01\/liga-profesional-se-confirmo-la-programacion-para-las-primeras-diez-fechas.jpg\" alt=\"Liga Profesional: se confirm\u00f3 la programaci\u00f3n para las primeras diez fechas | Canal Showsport\" class=\"wp-image-425473\" srcset=\"http:\/\/economiapoliticacba.com\/wp-content\/uploads\/2025\/01\/liga-profesional-se-confirmo-la-programacion-para-las-primeras-diez-fechas.jpg 1280w, http:\/\/economiapoliticacba.com\/wp-content\/uploads\/2025\/01\/liga-profesional-se-confirmo-la-programacion-para-las-primeras-diez-fechas-1.jpg 768w, http:\/\/economiapoliticacba.com\/wp-content\/uploads\/2025\/01\/liga-profesional-se-confirmo-la-programacion-para-las-primeras-diez-fechas-2.jpg 24w, http:\/\/economiapoliticacba.com\/wp-content\/uploads\/2025\/01\/liga-profesional-se-confirmo-la-programacion-para-las-primeras-diez-fechas-3.jpg 36w, http:\/\/economiapoliticacba.com\/wp-content\/uploads\/2025\/01\/liga-profesional-se-confirmo-la-programacion-para-las-primeras-diez-fechas-4.jpg 48w, http:\/\/economiapoliticacba.com\/wp-content\/uploads\/2025\/01\/liga-profesional-se-confirmo-la-programacion-para-las-primeras-diez-fechas-5.jpg 750w, http:\/\/economiapoliticacba.com\/wp-content\/uploads\/2025\/01\/liga-profesional-se-confirmo-la-programacion-para-las-primeras-diez-fechas-6.jpg 1140w\" sizes=\"(max-width: 1280px) 100vw, 1280px\"><\/figure>\n<p>El \u201cMatador\u201d arranc\u00f3 la pretemporada en las instalaciones del Predio Amadeo Nuccetelli y este s\u00e1bado jugar\u00eda su primer amistoso de pretemporada frente a San Mart\u00edn de Tucum\u00e1n; ser\u00eda por la ma\u00f1ana a puertas cerradas en el CARD.<\/p>\n<p>Por su parte, el \u201cPirata\u201d ya parti\u00f3 rumbo a Pilar donde se albergar\u00e1 hasta el 14 de enero para luego viajar a Uruguay y disputar el torneo de pretemporada <em>Serie R\u00edo de la Plata<\/em>. En cuanto a la \u201cGloria\u201d, viene sumando varios refuerzos para completar el plantel que dirige Pedro Troglio. <\/p>\n<p><strong>Fecha 1<\/strong><\/p>\n<ul>\n<li>\u2013 Viernes 24 de enero \/ <strong>Belgrano<\/strong> vs Hurac\u00e1n \/ 21:00 hs<\/li>\n<li>\u2013 S\u00e1bado 25 de enero \/ San Lorenzo vs <strong>Talleres<\/strong> \/ 17:00 hs<\/li>\n<li>\u2013 S\u00e1bado 25 de enero \/ <strong>Instituto<\/strong> vs Gimnasia \/ 19:15 hs<\/li>\n<\/ul>\n<p><strong>Fecha 2<\/strong><\/p>\n<ul>\n<li>\u2013 Mi\u00e9rcoles 29 de enero \/ <strong>Talleres<\/strong> vs Independiente \/ 17:00 hs<\/li>\n<li>\u2013 Mi\u00e9rcoles 29 de enero \/ River vs<strong> Instituto<\/strong> \/ 21:30 hs<\/li>\n<li>\u2013 Jueves 30 de enero \/ Racing vs <strong>Belgrano<\/strong> \/ 19:15 hs<\/li>\n<\/ul>\n<p><strong>Fecha 3<\/strong><\/p>\n<ul>\n<li>\u2013 Domingo 2 de febrero \/ <strong>Instituto<\/strong> vs V\u00e9lez \/ 21:30 hs<\/li>\n<li>\u2013 Lunes 3 de febrero \/ <strong>Belgrano<\/strong> vs Independiente Rivadavia \/ 21:30 hs<\/li>\n<li>\u2013 Martes 4 de febrero \/ Godoy Cruz vs <strong>Talleres<\/strong> \/ 19:00 hs<\/li>\n<\/ul>\n<p><strong>Fecha 4<\/strong><\/p>\n<ul>\n<li>\u2013 Viernes 7 de febrero \/ Banfield vs <strong>Belgrano<\/strong> \/ 17:00 hs<\/li>\n<li>\u2013 Domingo 9 de febrero \/ Platense vs <strong>Instituto<\/strong> \/ 17:00 hs<\/li>\n<li>\u2013 Domingo 9 de febrero \/ <strong>Talleres<\/strong> vs Lan\u00fas \/ 21:30 hs<\/li>\n<\/ul>\n<p><strong>Fecha 5<\/strong><\/p>\n<ul>\n<li>\u2013 Martes 11 de febrero \/ <strong>Belgrano<\/strong> vs Aldosivi \/ 21:30 hs<\/li>\n<li>\u2013 Jueves 13 de febrero \/ San Mart\u00edn SJ vs <strong>Talleres<\/strong> \/ 20:00 hs<\/li>\n<li>\u2013 Jueves 13 de febrero \/ Uni\u00f3n vs <strong>Instituto<\/strong> \/ 22:15 hs<\/li>\n<\/ul>\n<p><strong>Fecha 6<\/strong><\/p>\n<ul>\n<li>\u2013 S\u00e1bado 15 de febrero \/ Central Cba vs <strong>Belgrano<\/strong> \/ 19:15 hs<\/li>\n<li>\u2013 Domingo 16 de febrero \/ <strong>Talleres<\/strong> vs Atl\u00e9tico Tucum\u00e1n \/ 21:30 hs<\/li>\n<li>\u2013 Lunes 17 de febrero \/ <strong>Instituto<\/strong> vs San Lorenzo \/ 21:30 hs<\/li>\n<\/ul>\n<p><strong>Fecha 7<\/strong><\/p>\n<ul>\n<li>\u2013 Viernes 21 de febrero \/ Deportivo Riestra vs<strong> Talleres<\/strong> \/ 17:00 hs<\/li>\n<li>\u2013 S\u00e1bado 22 de febrero \/ Independiente vs<strong> Instituto<\/strong> \/ 17:00 hs<\/li>\n<li>\u2013 Domingo 23 de febrero \/ <strong>Belgrano<\/strong> vs DyJ \/ 19:15 hs<\/li>\n<\/ul>\n<p><strong>Fecha 8<\/strong><\/p>\n<ul>\n<li>\u2013 Viernes 28 de febrero \/ San Mart\u00edn SJ vs<strong> Belgrano<\/strong> \/ 22:15<\/li>\n<li>\u2013 S\u00e1bado 1 de marzo \/ <strong>Talleres<\/strong> vs Tigre \/ 21:30 hs<\/li>\n<li>\u2013 Domingo 2 de marzo \/ Argentinos Jrs vs <strong>Instituto<\/strong> \/ 17:00 hs<\/li>\n<\/ul>\n<p><strong>Fecha 9<\/strong><\/p>\n<ul>\n<li>\u2013 Domingo 9 de marzo \/ Newell\u2019s vs <strong>Belgrano <\/strong>\/ 21:30 hs<\/li>\n<li>\u2013 Domingo 9 de marzo \/ <strong>Instituto <\/strong>vs Godoy Cruz \/ 21:30 hs<\/li>\n<li>\u2013 Lunes 10 de marzo \/ <strong>Talleres <\/strong>vs Rosario Central \/ 21:15 hs<\/li>\n<\/ul>\n<p><strong>Fecha 10<\/strong><\/p>\n<ul>\n<li>\u2013 S\u00e1bado 15 de marzo \/ Sarmiento vs <strong>Talleres <\/strong>\/ 21:00 hs<\/li>\n<li>\u2013 Domingo 16 de marzo \/ Lan\u00fas vs <strong>Instituto <\/strong>\/ 21:00 hs<\/li>\n<li>\u2013 Domingo 16 de marzo \/ <strong>Belgrano <\/strong>vs Barracas Central \/ 21:00 hs<\/li>\n<\/ul>\n<blockquote class=\"twitter-tweet\" readability=\"4.3448275862069\">\n<p lang=\"es\" dir=\"ltr\"><a href=\"https:\/\/twitter.com\/hashtag\/Programaci%C3%B3n?src=hash&amp;ref_src=twsrc%5Etfw\" target=\"_blank\" rel=\"noopener\">#Programaci\u00f3n<\/a> | Agenda desde la <a href=\"https:\/\/twitter.com\/hashtag\/Fecha1?src=hash&amp;ref_src=twsrc%5Etfw\" target=\"_blank\" rel=\"noopener\">#Fecha1<\/a> hasta la <a href=\"https:\/\/twitter.com\/hashtag\/Fecha10?src=hash&amp;ref_src=twsrc%5Etfw\" target=\"_blank\" rel=\"noopener\">#Fecha10<\/a> del <a href=\"https:\/\/twitter.com\/hashtag\/TorneoBetano?src=hash&amp;ref_src=twsrc%5Etfw\" target=\"_blank\" rel=\"noopener\">#TorneoBetano<\/a> Apertura 2025 \ud83c\udfc6<\/p>\n<p>Aqu\u00ed, toda la informaci\u00f3n: <a href=\"https:\/\/t.co\/8OtfSqldr4\" target=\"_blank\" rel=\"noopener\">https:\/\/t.co\/8OtfSqldr4<\/a> <a href=\"https:\/\/t.co\/NODgjesoiX\" target=\"_blank\" rel=\"noopener\">pic.twitter.com\/NODgjesoiX<\/a><\/p>\n<p>\u2014 Liga Profesional de F\u00fatbol (@LigaAFA) <a href=\"https:\/\/twitter.com\/LigaAFA\/status\/1876598879569019363?ref_src=twsrc%5Etfw\" target=\"_blank\" rel=\"noopener\">January 7, 2025<\/a><\/p><\/blockquote>\n<h5 class=\"wp-block-heading\">+ Te puede interesar:<a href=\"https:\/\/canalshowsport.com.ar\/otro-jugador-del-futbol-argentino-que-sera-companero-de-lionel-messi\/\" data-type=\"link\" data-id=\"https:\/\/canalshowsport.com.ar\/otro-jugador-del-futbol-argentino-que-sera-companero-de-lionel-messi\/\"> Otro jugador del f\u00fatbol argentino que ser\u00e1 compa\u00f1ero de Lionel Messi<\/a><\/h5>\n","protected":false},"excerpt":{"rendered":"<p>En la ma\u00f1ana de este martes, se confirm\u00f3 la programaci\u00f3n de las primeras diez fechas del Torneo Apertura Betano 2025, competencia que comenzar\u00e1 a disputarse desde el jueves 23 de enero. A continuaci\u00f3n, repasamos la agenda de los equipos cordobeses. El \u201cMatador\u201d arranc\u00f3 la pretemporada en las instalaciones del Predio Amadeo Nuccetelli y este s\u00e1bado [&hellip;]<\/p>\n","protected":false},"author":1,"featured_media":33645,"comment_status":"closed","ping_status":"closed","sticky":false,"template":"","format":"standard","meta":{"om_disable_all_campaigns":false,"_monsterinsights_skip_tracking":false,"_monsterinsights_sitenote_active":false,"_monsterinsights_sitenote_note":"","_monsterinsights_sitenote_category":0},"categories":[16],"tags":[2568,34,63,35,36],"aioseo_notices":[],"_links":{"self":[{"href":"https:\/\/economiapoliticacba.com\/index.php?rest_route=\/wp\/v2\/posts\/33644"}],"collection":[{"href":"https:\/\/economiapoliticacba.com\/index.php?rest_route=\/wp\/v2\/posts"}],"about":[{"href":"https:\/\/economiapoliticacba.com\/index.php?rest_route=\/wp\/v2\/types\/post"}],"author":[{"embeddable":true,"href":"https:\/\/economiapoliticacba.com\/index.php?rest_route=\/wp\/v2\/users\/1"}],"replies":[{"embeddable":true,"href":"https:\/\/economiapoliticacba.com\/index.php?rest_route=%2Fwp%2Fv2%2Fcomments&post=33644"}],"version-history":[{"count":0,"href":"https:\/\/economiapoliticacba.com\/index.php?rest_route=\/wp\/v2\/posts\/33644\/revisions"}],"wp:featuredmedia":[{"embeddable":true,"href":"https:\/\/economiapoliticacba.com\/index.php?rest_route=\/wp\/v2\/media\/33645"}],"wp:attachment":[{"href":"https:\/\/economiapoliticacba.com\/index.php?rest_route=%2Fwp%2Fv2%2Fmedia&parent=33644"}],"wp:term":[{"taxonomy":"category","embeddable":true,"href":"https:\/\/economiapoliticacba.com\/index.php?rest_route=%2Fwp%2Fv2%2Fcategories&post=33644"},{"taxonomy":"post_tag","embeddable":true,"href":"https:\/\/economiapoliticacba.com\/index.php?rest_route=%2Fwp%2Fv2%2Ftags&post=33644"}],"curies":[{"name":"wp","href":"https:\/\/api.w.org\/{rel}","templated":true}]}}