{"id":33483,"date":"2025-01-03T02:19:54","date_gmt":"2025-01-03T02:19:54","guid":{"rendered":"https:\/\/canalshowsport.com.ar\/?p=424413"},"modified":"2025-01-03T02:19:54","modified_gmt":"2025-01-03T02:19:54","slug":"tc2000-next-gen-debutan-las-suv-en-el-oscar-cabalen-de-cordoba","status":"publish","type":"post","link":"https:\/\/economiapoliticacba.com\/?p=33483","title":{"rendered":"TC2000 Next Gen: debutan las SUV en el Oscar Cabal\u00e9n de C\u00f3rdoba"},"content":{"rendered":"<p>El <strong>campeonato de automovilismo<\/strong> enfrenta un nuevo a\u00f1o y con ello nuevos desaf\u00edos y cambios que se implementar\u00e1n en esta edici\u00f3n. Con la inclusi\u00f3n de las <strong>SUV<\/strong>, la divisional inform\u00f3 que comenzar\u00e1 el 13 de abril en el aut\u00f3dromo<strong> Oscar Cabal\u00e9n<\/strong>.<\/p>\n<p>A lo largo de los a\u00f1os, la categor\u00eda perdi\u00f3 prestigio a nivel continente. Por eso, es que en <strong>2025<\/strong> se pondr\u00e1n a prueba nuevas modificaciones con el objetivo de repuntar la categor\u00eda y exponerla m\u00e1s. <\/p>\n<p>Una de las modificaciones es la introducci\u00f3n de las <strong>SUV<\/strong>, que competir\u00e1n junto a los sedanes tradicionales. El <strong>TC2000<\/strong> las integrar\u00e1n con el objetivo de tener posesi\u00f3n de m\u00e1s marcas en la parrilla y aportarle as\u00ed mas competencia a la divisi\u00f3n. <\/p>\n<p>Todav\u00eda no se conocen todos los modelos SUV que competir\u00e1n pero si se saben los confirmados. Se sumar\u00e1 el modelo <strong>VW Nivus<\/strong>, <strong>Chevrolet Tracker,<\/strong> <strong>Fiat Pulse<\/strong>, <strong>Peugeot 2008<\/strong>, <strong>Ford Mustang Mach-E<\/strong>, <strong>Toyota Corolla Cross<\/strong>, <strong>Nissan Kicks<\/strong>, <strong>Renault Captur<\/strong> y <strong>Honda ZR-V<\/strong>.<\/p>\n<figure class=\"wp-block-image size-full\"><img loading=\"lazy\" fetchpriority=\"high\" decoding=\"async\" width=\"1600\" height=\"1066\" src=\"http:\/\/economiapoliticacba.com\/wp-content\/uploads\/2025\/01\/tc2000-next-gen-debutan-las-suv-en-el-oscar-cabalen-de-cordoba.jpg\" alt=\"TC2000 Next Gen: debutan las SUV en el Oscar Cabal\u00e9n de C\u00f3rdoba | Canal Showsport\" class=\"wp-image-424431\" srcset=\"http:\/\/economiapoliticacba.com\/wp-content\/uploads\/2025\/01\/tc2000-next-gen-debutan-las-suv-en-el-oscar-cabalen-de-cordoba.jpg 1600w, http:\/\/economiapoliticacba.com\/wp-content\/uploads\/2025\/01\/tc2000-next-gen-debutan-las-suv-en-el-oscar-cabalen-de-cordoba-1.jpg 768w, http:\/\/economiapoliticacba.com\/wp-content\/uploads\/2025\/01\/tc2000-next-gen-debutan-las-suv-en-el-oscar-cabalen-de-cordoba-2.jpg 1536w, http:\/\/economiapoliticacba.com\/wp-content\/uploads\/2025\/01\/tc2000-next-gen-debutan-las-suv-en-el-oscar-cabalen-de-cordoba-3.jpg 24w, http:\/\/economiapoliticacba.com\/wp-content\/uploads\/2025\/01\/tc2000-next-gen-debutan-las-suv-en-el-oscar-cabalen-de-cordoba-4.jpg 36w, http:\/\/economiapoliticacba.com\/wp-content\/uploads\/2025\/01\/tc2000-next-gen-debutan-las-suv-en-el-oscar-cabalen-de-cordoba-5.jpg 48w, http:\/\/economiapoliticacba.com\/wp-content\/uploads\/2025\/01\/tc2000-next-gen-debutan-las-suv-en-el-oscar-cabalen-de-cordoba-6.jpg 750w, http:\/\/economiapoliticacba.com\/wp-content\/uploads\/2025\/01\/tc2000-next-gen-debutan-las-suv-en-el-oscar-cabalen-de-cordoba-7.jpg 1140w\" sizes=\"(max-width: 1600px) 100vw, 1600px\"><figcaption class=\"wp-element-caption\">Chevrolet Tracker. <em>Foto: Prensa TC2000<\/em><\/figcaption><\/figure>\n<p>Dichos modelos, contar\u00e1n con motores nuevos fabricados por la empresa <strong>BaseN Engineering<\/strong>, y estar\u00e1n integrados por cinco cilindros que aportar\u00e1n mas de 500 caballos de fuerza. <\/p>\n<p>El <strong>TC2000<\/strong> buscar\u00e1 impulsar la industria automotriz nacional ya que los nuevos motores se fabrican en la sede de la compa\u00f1\u00eda ubicada en <strong>C\u00f3rdoba<\/strong>. Los motores de los sed\u00e1n seguir\u00e1n siendo los <strong>Oreca<\/strong>, de origen franc\u00e9s.<\/p>\n<p>Tambi\u00e9n, se implementar\u00e1 el <strong>BOP<\/strong> (<em><strong>Balance de Performance<\/strong><\/em>) con el objetivo de garantizar una <strong>igualdad<\/strong> entre los modelos SUV y los sed\u00e1n. Los autos se introducir\u00e1n a pruebas para mostrar el rendimiento m\u00e1ximo, as\u00ed como tambi\u00e9n igualar\u00e1n el rendimiento de la aerodin\u00e1mica y otros factores.<\/p>\n<p>Con los resultados de las pruebas, se determinar\u00e1n el peso, la potencia del motor, la altura m\u00ednima del modelo, entre otros. <\/p>\n<p>Se dar\u00e1 comienzo en el circuito de <strong>Alta Gracia<\/strong> desde el 13 de abril. Los dem\u00e1s circuitos restan de confirmarse.<\/p>\n<figure class=\"wp-block-image size-full\"><img loading=\"lazy\" decoding=\"async\" width=\"500\" height=\"500\" alt=\"TC2000 Next Gen: debutan las SUV en el Oscar Cabal\u00e9n de C\u00f3rdoba | Canal Showsport\" class=\"wp-image-424425 lazyload\" data-sizes=\"(max-width: 500px) 100vw, 500px\" src=\"http:\/\/economiapoliticacba.com\/wp-content\/uploads\/2025\/01\/tc2000-next-gen-debutan-las-suv-en-el-oscar-cabalen-de-cordoba.png\" srcset=\"http:\/\/economiapoliticacba.com\/wp-content\/uploads\/2025\/01\/tc2000-next-gen-debutan-las-suv-en-el-oscar-cabalen-de-cordoba.png 500w, http:\/\/economiapoliticacba.com\/wp-content\/uploads\/2025\/01\/tc2000-next-gen-debutan-las-suv-en-el-oscar-cabalen-de-cordoba-1.png 24w, http:\/\/economiapoliticacba.com\/wp-content\/uploads\/2025\/01\/tc2000-next-gen-debutan-las-suv-en-el-oscar-cabalen-de-cordoba-2.png 36w, http:\/\/economiapoliticacba.com\/wp-content\/uploads\/2025\/01\/tc2000-next-gen-debutan-las-suv-en-el-oscar-cabalen-de-cordoba-3.png 48w, http:\/\/economiapoliticacba.com\/wp-content\/uploads\/2025\/01\/tc2000-next-gen-debutan-las-suv-en-el-oscar-cabalen-de-cordoba-4.png 75w, http:\/\/economiapoliticacba.com\/wp-content\/uploads\/2025\/01\/tc2000-next-gen-debutan-las-suv-en-el-oscar-cabalen-de-cordoba-5.png 350w\"><noscript><img loading=\"lazy\" decoding=\"async\" width=\"500\" height=\"500\" src=\"http:\/\/economiapoliticacba.com\/wp-content\/uploads\/2025\/01\/tc2000-next-gen-debutan-las-suv-en-el-oscar-cabalen-de-cordoba.png\" alt=\"TC2000 Next Gen: debutan las SUV en el Oscar Cabal\u00e9n de C\u00f3rdoba | Canal Showsport\" class=\"wp-image-424425\" srcset=\"http:\/\/economiapoliticacba.com\/wp-content\/uploads\/2025\/01\/tc2000-next-gen-debutan-las-suv-en-el-oscar-cabalen-de-cordoba.png 500w, http:\/\/economiapoliticacba.com\/wp-content\/uploads\/2025\/01\/tc2000-next-gen-debutan-las-suv-en-el-oscar-cabalen-de-cordoba-1.png 24w, http:\/\/economiapoliticacba.com\/wp-content\/uploads\/2025\/01\/tc2000-next-gen-debutan-las-suv-en-el-oscar-cabalen-de-cordoba-2.png 36w, http:\/\/economiapoliticacba.com\/wp-content\/uploads\/2025\/01\/tc2000-next-gen-debutan-las-suv-en-el-oscar-cabalen-de-cordoba-3.png 48w, http:\/\/economiapoliticacba.com\/wp-content\/uploads\/2025\/01\/tc2000-next-gen-debutan-las-suv-en-el-oscar-cabalen-de-cordoba-4.png 75w, http:\/\/economiapoliticacba.com\/wp-content\/uploads\/2025\/01\/tc2000-next-gen-debutan-las-suv-en-el-oscar-cabalen-de-cordoba-5.png 350w\" sizes=\"(max-width: 500px) 100vw, 500px\"><\/noscript><\/figure>\n","protected":false},"excerpt":{"rendered":"<p>El campeonato de automovilismo enfrenta un nuevo a\u00f1o y con ello nuevos desaf\u00edos y cambios que se implementar\u00e1n en esta edici\u00f3n. Con la inclusi\u00f3n de las SUV, la divisional inform\u00f3 que comenzar\u00e1 el 13 de abril en el aut\u00f3dromo Oscar Cabal\u00e9n. A lo largo de los a\u00f1os, la categor\u00eda perdi\u00f3 prestigio a nivel continente. Por [&hellip;]<\/p>\n","protected":false},"author":1,"featured_media":33484,"comment_status":"closed","ping_status":"closed","sticky":false,"template":"","format":"standard","meta":{"om_disable_all_campaigns":false,"_monsterinsights_skip_tracking":false,"_monsterinsights_sitenote_active":false,"_monsterinsights_sitenote_note":"","_monsterinsights_sitenote_category":0},"categories":[16],"tags":[716,30,2555],"aioseo_notices":[],"_links":{"self":[{"href":"https:\/\/economiapoliticacba.com\/index.php?rest_route=\/wp\/v2\/posts\/33483"}],"collection":[{"href":"https:\/\/economiapoliticacba.com\/index.php?rest_route=\/wp\/v2\/posts"}],"about":[{"href":"https:\/\/economiapoliticacba.com\/index.php?rest_route=\/wp\/v2\/types\/post"}],"author":[{"embeddable":true,"href":"https:\/\/economiapoliticacba.com\/index.php?rest_route=\/wp\/v2\/users\/1"}],"replies":[{"embeddable":true,"href":"https:\/\/economiapoliticacba.com\/index.php?rest_route=%2Fwp%2Fv2%2Fcomments&post=33483"}],"version-history":[{"count":0,"href":"https:\/\/economiapoliticacba.com\/index.php?rest_route=\/wp\/v2\/posts\/33483\/revisions"}],"wp:featuredmedia":[{"embeddable":true,"href":"https:\/\/economiapoliticacba.com\/index.php?rest_route=\/wp\/v2\/media\/33484"}],"wp:attachment":[{"href":"https:\/\/economiapoliticacba.com\/index.php?rest_route=%2Fwp%2Fv2%2Fmedia&parent=33483"}],"wp:term":[{"taxonomy":"category","embeddable":true,"href":"https:\/\/economiapoliticacba.com\/index.php?rest_route=%2Fwp%2Fv2%2Fcategories&post=33483"},{"taxonomy":"post_tag","embeddable":true,"href":"https:\/\/economiapoliticacba.com\/index.php?rest_route=%2Fwp%2Fv2%2Ftags&post=33483"}],"curies":[{"name":"wp","href":"https:\/\/api.w.org\/{rel}","templated":true}]}}