{"id":33301,"date":"2024-12-30T02:00:00","date_gmt":"2024-12-30T02:00:00","guid":{"rendered":"https:\/\/canalshowsport.com.ar\/?p=423466"},"modified":"2024-12-30T02:00:00","modified_gmt":"2024-12-30T02:00:00","slug":"belgrano-presenta-este-lunes-a-walter-erviti-en-donde-y-a-que-hora","status":"publish","type":"post","link":"https:\/\/economiapoliticacba.com\/?p=33301","title":{"rendered":"Belgrano presenta este lunes a Walter Erviti: en d\u00f3nde y a qu\u00e9 hora"},"content":{"rendered":"<p><strong>Belgrano <\/strong>presentar\u00eda de manera oficial a <strong>Walter Erviti<\/strong>,<strong> <\/strong>este lunes por la tarde, en el Hotel Quinto Centenario. En principio la cita tendr\u00eda lugar a las 19:00 hs, pero a\u00fan no hay confirmaci\u00f3n oficial al respecto.<\/p>\n<p>El entrenador con poca experiencia, pero que convenci\u00f3 a Luis Artime y a todo su equipo, tendr\u00e1 su presentaci\u00f3n antes que el refuerzo estrella <strong>Lucas Zelaray\u00e1n<\/strong>.<\/p>\n<p>La misma se iba a realizar el viernes pasado, pero <a href=\"https:\/\/canalshowsport.com.ar\/ultimo-momento-reprogramaron-la-presentacion-de-zelarayan-en-belgrano\/\">tuvo que suspenderse a ra\u00edz de unos inconvenientes legales en la transferencia desde Al-Fateh de Arabia Saudita.<\/a><\/p>\n<figure class=\"wp-block-image size-full\"><img loading=\"lazy\" fetchpriority=\"high\" decoding=\"async\" width=\"1150\" height=\"766\" src=\"http:\/\/economiapoliticacba.com\/wp-content\/uploads\/2024\/12\/belgrano-presenta-este-lunes-a-walter-erviti-en-donde-y-a-que-hora.png\" alt=\"Belgrano presenta este lunes a Walter Erviti: en d\u00f3nde y a qu\u00e9 hora | Canal Showsport\" class=\"wp-image-423472\" srcset=\"http:\/\/economiapoliticacba.com\/wp-content\/uploads\/2024\/12\/belgrano-presenta-este-lunes-a-walter-erviti-en-donde-y-a-que-hora.png 1150w, http:\/\/economiapoliticacba.com\/wp-content\/uploads\/2024\/12\/belgrano-presenta-este-lunes-a-walter-erviti-en-donde-y-a-que-hora-2.png 768w, http:\/\/economiapoliticacba.com\/wp-content\/uploads\/2024\/12\/belgrano-presenta-este-lunes-a-walter-erviti-en-donde-y-a-que-hora-3.png 24w, http:\/\/economiapoliticacba.com\/wp-content\/uploads\/2024\/12\/belgrano-presenta-este-lunes-a-walter-erviti-en-donde-y-a-que-hora-4.png 36w, http:\/\/economiapoliticacba.com\/wp-content\/uploads\/2024\/12\/belgrano-presenta-este-lunes-a-walter-erviti-en-donde-y-a-que-hora-5.png 48w, http:\/\/economiapoliticacba.com\/wp-content\/uploads\/2024\/12\/belgrano-presenta-este-lunes-a-walter-erviti-en-donde-y-a-que-hora-6.png 750w, http:\/\/economiapoliticacba.com\/wp-content\/uploads\/2024\/12\/belgrano-presenta-este-lunes-a-walter-erviti-en-donde-y-a-que-hora-7.png 1140w\" sizes=\"(max-width: 1150px) 100vw, 1150px\"><figcaption class=\"wp-element-caption\"><em>Foto: Prensa Belgrano<\/em><\/figcaption><\/figure>\n<p>La experiencia de Erviti como director t\u00e9cnico se resume en Atlanta de la Primera Nacional, entre 2021 y 2022, y la \u00faltima este a\u00f1o en Audax Italiano. En total, dirigi\u00f3 50 partidos: gan\u00f3 13, empat\u00f3 19 y perdi\u00f3 18, lo que da un 39% de efectividad.<\/p>\n<p>Mientras que, el plantel de Belgrano estar\u00e1 de vacaciones hasta el 3 de enero, cuando comienza la pretemporada en el predio de Villa Esqui\u00fa.<\/p>\n<h5 class=\"wp-block-heading\"><em>+ Lee tambi\u00e9n | <a href=\"https:\/\/canalshowsport.com.ar\/se-vence-el-prestamo-de-agustin-colazo-que-debe-hace-belgrano\/\">Se vence el pr\u00e9stamo de Agust\u00edn Colazo: \u00bfQu\u00e9 debe hace Belgrano?<\/a><\/em><\/h5>\n","protected":false},"excerpt":{"rendered":"<p>Belgrano presentar\u00eda de manera oficial a Walter Erviti, este lunes por la tarde, en el Hotel Quinto Centenario. En principio la cita tendr\u00eda lugar a las 19:00 hs, pero a\u00fan no hay confirmaci\u00f3n oficial al respecto. El entrenador con poca experiencia, pero que convenci\u00f3 a Luis Artime y a todo su equipo, tendr\u00e1 su presentaci\u00f3n [&hellip;]<\/p>\n","protected":false},"author":1,"featured_media":33302,"comment_status":"closed","ping_status":"closed","sticky":false,"template":"","format":"standard","meta":{"om_disable_all_campaigns":false,"_monsterinsights_skip_tracking":false,"_monsterinsights_sitenote_active":false,"_monsterinsights_sitenote_note":"","_monsterinsights_sitenote_category":0},"categories":[16],"tags":[22,35,2507],"aioseo_notices":[],"_links":{"self":[{"href":"https:\/\/economiapoliticacba.com\/index.php?rest_route=\/wp\/v2\/posts\/33301"}],"collection":[{"href":"https:\/\/economiapoliticacba.com\/index.php?rest_route=\/wp\/v2\/posts"}],"about":[{"href":"https:\/\/economiapoliticacba.com\/index.php?rest_route=\/wp\/v2\/types\/post"}],"author":[{"embeddable":true,"href":"https:\/\/economiapoliticacba.com\/index.php?rest_route=\/wp\/v2\/users\/1"}],"replies":[{"embeddable":true,"href":"https:\/\/economiapoliticacba.com\/index.php?rest_route=%2Fwp%2Fv2%2Fcomments&post=33301"}],"version-history":[{"count":0,"href":"https:\/\/economiapoliticacba.com\/index.php?rest_route=\/wp\/v2\/posts\/33301\/revisions"}],"wp:featuredmedia":[{"embeddable":true,"href":"https:\/\/economiapoliticacba.com\/index.php?rest_route=\/wp\/v2\/media\/33302"}],"wp:attachment":[{"href":"https:\/\/economiapoliticacba.com\/index.php?rest_route=%2Fwp%2Fv2%2Fmedia&parent=33301"}],"wp:term":[{"taxonomy":"category","embeddable":true,"href":"https:\/\/economiapoliticacba.com\/index.php?rest_route=%2Fwp%2Fv2%2Fcategories&post=33301"},{"taxonomy":"post_tag","embeddable":true,"href":"https:\/\/economiapoliticacba.com\/index.php?rest_route=%2Fwp%2Fv2%2Ftags&post=33301"}],"curies":[{"name":"wp","href":"https:\/\/api.w.org\/{rel}","templated":true}]}}