{"id":33183,"date":"2024-12-27T01:52:05","date_gmt":"2024-12-27T01:52:05","guid":{"rendered":"https:\/\/canalshowsport.com.ar\/?p=422901"},"modified":"2024-12-27T01:52:05","modified_gmt":"2024-12-27T01:52:05","slug":"chiqui-tapia-analiza-modificar-el-sistema-de-clasificacion-a-copa-libertadores-y-sudamericana","status":"publish","type":"post","link":"https:\/\/economiapoliticacba.com\/?p=33183","title":{"rendered":"\u201cChiqui\u201d Tapia analiza modificar el sistema de clasificaci\u00f3n a Copa Libertadores y Sudamericana"},"content":{"rendered":"<p>El actual presidente de la <strong>Asociaci\u00f3n del F\u00fatbol Argentino<\/strong>, <strong>Claudio Fabi\u00e1n Tapia<\/strong>, considera cambiar la manera de que los equipos clasifiquen a las copas internacionales. <\/p>\n<p>Esto impactar\u00eda para las ediciones <strong>2026<\/strong> de la <strong>Copa Libertadores<\/strong> y <strong>Copa Sudamericana<\/strong>. Actualmente los equipos se clasifican a trav\u00e9s de la tabla anual, los mejores tres se clasifican a Copa Libertadores y los pr\u00f3ximos seis a Sudamericana, tambi\u00e9n tras ganar el campeonato y Copa Argentina. <\/p>\n<p>En cuanto a la modificaci\u00f3n, esta relacionada a que las clasificaciones se den tras un <strong>ranking<\/strong> contabilizando los puntos conseguidos desde la <strong>Liga Profesional 2020<\/strong> y tambi\u00e9n considerando el rendimiento en Copas Internacionales.<\/p>\n<figure class=\"wp-block-image size-full\"><img loading=\"lazy\" fetchpriority=\"high\" decoding=\"async\" width=\"1000\" height=\"750\" src=\"http:\/\/economiapoliticacba.com\/wp-content\/uploads\/2024\/12\/chiqui-tapia-analiza-modificar-el-sistema-de-clasificacion-a-copa-libertadores-y-sudamericana.png\" alt=\"&quot;Chiqui&quot; Tapia analiza modificar el sistema de clasificaci\u00f3n a Copa Libertadores y Sudamericana | Canal Showsport\" class=\"wp-image-422903\" srcset=\"http:\/\/economiapoliticacba.com\/wp-content\/uploads\/2024\/12\/chiqui-tapia-analiza-modificar-el-sistema-de-clasificacion-a-copa-libertadores-y-sudamericana.png 1000w, http:\/\/economiapoliticacba.com\/wp-content\/uploads\/2024\/12\/chiqui-tapia-analiza-modificar-el-sistema-de-clasificacion-a-copa-libertadores-y-sudamericana-1.png 768w, http:\/\/economiapoliticacba.com\/wp-content\/uploads\/2024\/12\/chiqui-tapia-analiza-modificar-el-sistema-de-clasificacion-a-copa-libertadores-y-sudamericana-2.png 24w, http:\/\/economiapoliticacba.com\/wp-content\/uploads\/2024\/12\/chiqui-tapia-analiza-modificar-el-sistema-de-clasificacion-a-copa-libertadores-y-sudamericana-3.png 36w, http:\/\/economiapoliticacba.com\/wp-content\/uploads\/2024\/12\/chiqui-tapia-analiza-modificar-el-sistema-de-clasificacion-a-copa-libertadores-y-sudamericana-4.png 48w, http:\/\/economiapoliticacba.com\/wp-content\/uploads\/2024\/12\/chiqui-tapia-analiza-modificar-el-sistema-de-clasificacion-a-copa-libertadores-y-sudamericana-5.png 750w\" sizes=\"(max-width: 1000px) 100vw, 1000px\"><\/figure>\n<p>Recordemos que los \u00faltimos clasificados a Copa Libertadores fueron: V\u00e9lez, Talleres, River, Racing, Boca Juniors y Estudiantes. En cuanto a Sudamericana, los \u00faltimos clasificados fueron: Godoy Cruz, Independiente, Hurac\u00e1n, Uni\u00f3n, Lan\u00fas y Defensa y Justicia.<\/p>\n","protected":false},"excerpt":{"rendered":"<p>El actual presidente de la Asociaci\u00f3n del F\u00fatbol Argentino, Claudio Fabi\u00e1n Tapia, considera cambiar la manera de que los equipos clasifiquen a las copas internacionales. Esto impactar\u00eda para las ediciones 2026 de la Copa Libertadores y Copa Sudamericana. Actualmente los equipos se clasifican a trav\u00e9s de la tabla anual, los mejores tres se clasifican a [&hellip;]<\/p>\n","protected":false},"author":1,"featured_media":33184,"comment_status":"closed","ping_status":"closed","sticky":false,"template":"","format":"standard","meta":{"om_disable_all_campaigns":false,"_monsterinsights_skip_tracking":false,"_monsterinsights_sitenote_active":false,"_monsterinsights_sitenote_note":"","_monsterinsights_sitenote_category":0},"categories":[16],"tags":[22,34,35,36],"aioseo_notices":[],"_links":{"self":[{"href":"https:\/\/economiapoliticacba.com\/index.php?rest_route=\/wp\/v2\/posts\/33183"}],"collection":[{"href":"https:\/\/economiapoliticacba.com\/index.php?rest_route=\/wp\/v2\/posts"}],"about":[{"href":"https:\/\/economiapoliticacba.com\/index.php?rest_route=\/wp\/v2\/types\/post"}],"author":[{"embeddable":true,"href":"https:\/\/economiapoliticacba.com\/index.php?rest_route=\/wp\/v2\/users\/1"}],"replies":[{"embeddable":true,"href":"https:\/\/economiapoliticacba.com\/index.php?rest_route=%2Fwp%2Fv2%2Fcomments&post=33183"}],"version-history":[{"count":0,"href":"https:\/\/economiapoliticacba.com\/index.php?rest_route=\/wp\/v2\/posts\/33183\/revisions"}],"wp:featuredmedia":[{"embeddable":true,"href":"https:\/\/economiapoliticacba.com\/index.php?rest_route=\/wp\/v2\/media\/33184"}],"wp:attachment":[{"href":"https:\/\/economiapoliticacba.com\/index.php?rest_route=%2Fwp%2Fv2%2Fmedia&parent=33183"}],"wp:term":[{"taxonomy":"category","embeddable":true,"href":"https:\/\/economiapoliticacba.com\/index.php?rest_route=%2Fwp%2Fv2%2Fcategories&post=33183"},{"taxonomy":"post_tag","embeddable":true,"href":"https:\/\/economiapoliticacba.com\/index.php?rest_route=%2Fwp%2Fv2%2Ftags&post=33183"}],"curies":[{"name":"wp","href":"https:\/\/api.w.org\/{rel}","templated":true}]}}