{"id":33029,"date":"2024-12-23T01:45:00","date_gmt":"2024-12-23T01:45:00","guid":{"rendered":"https:\/\/canalshowsport.com.ar\/?p=422062"},"modified":"2024-12-23T01:45:00","modified_gmt":"2024-12-23T01:45:00","slug":"sebastian-villa-a-talleres-que-pide-independiente-rivadavia-para-que-se-concrete-el-pase","status":"publish","type":"post","link":"https:\/\/economiapoliticacba.com\/?p=33029","title":{"rendered":"\u00bfSebasti\u00e1n Villa a Talleres? Qu\u00e9 pide Independiente Rivadavia para que se concrete el pase"},"content":{"rendered":"<p><strong>Talleres<\/strong>&nbsp;comenz\u00f3 la ardua tarea de buscar los refuerzos que pidi\u00f3 el entrenador&nbsp;<strong>Alexander Medina<\/strong>&nbsp;en la cumbre junto a&nbsp;<strong>Andr\u00e9s Fassi<\/strong>.<\/p>\n<p>El \u201cCacique\u201d busca dos laterales, dos zagueros, un volante ofensivo, dos extremos y un centro delantero, pero pueden ser m\u00e1s si&nbsp;Guido Herrera&nbsp;y&nbsp;Gast\u00f3n Benav\u00eddez&nbsp;no contin\u00faan en el club.<\/p>\n<p>En este contexto, hay un futbolista que son\u00f3 en el mundo albiazul y que gener\u00f3 mucha controversia, y es el delantero Sebasti\u00e1n Villa, para ocupar el puesto que dej\u00f3 Ram\u00f3n Sosa.<\/p>\n<figure class=\"wp-block-image size-full\"><img loading=\"lazy\" fetchpriority=\"high\" decoding=\"async\" width=\"1200\" height=\"900\" src=\"http:\/\/economiapoliticacba.com\/wp-content\/uploads\/2024\/12\/sebastian-villa-a-talleres-que-pide-independiente-rivadavia-para-que-se-concrete-el-pase.png\" alt=\"\u00bfSebasti\u00e1n Villa a Talleres? Qu\u00e9 pide Independiente Rivadavia para que se concrete el pase | Canal Showsport\" class=\"wp-image-422084\" srcset=\"http:\/\/economiapoliticacba.com\/wp-content\/uploads\/2024\/12\/sebastian-villa-a-talleres-que-pide-independiente-rivadavia-para-que-se-concrete-el-pase.png 1200w, http:\/\/economiapoliticacba.com\/wp-content\/uploads\/2024\/12\/sebastian-villa-a-talleres-que-pide-independiente-rivadavia-para-que-se-concrete-el-pase-3.png 768w, http:\/\/economiapoliticacba.com\/wp-content\/uploads\/2024\/12\/sebastian-villa-a-talleres-que-pide-independiente-rivadavia-para-que-se-concrete-el-pase-4.png 24w, http:\/\/economiapoliticacba.com\/wp-content\/uploads\/2024\/12\/sebastian-villa-a-talleres-que-pide-independiente-rivadavia-para-que-se-concrete-el-pase-5.png 36w, http:\/\/economiapoliticacba.com\/wp-content\/uploads\/2024\/12\/sebastian-villa-a-talleres-que-pide-independiente-rivadavia-para-que-se-concrete-el-pase-6.png 48w, http:\/\/economiapoliticacba.com\/wp-content\/uploads\/2024\/12\/sebastian-villa-a-talleres-que-pide-independiente-rivadavia-para-que-se-concrete-el-pase-7.png 750w, http:\/\/economiapoliticacba.com\/wp-content\/uploads\/2024\/12\/sebastian-villa-a-talleres-que-pide-independiente-rivadavia-para-que-se-concrete-el-pase-8.png 1140w\" sizes=\"(max-width: 1200px) 100vw, 1200px\"><figcaption class=\"wp-element-caption\">Sebasti\u00e1n Villa en Independiente Rivadavia.<\/figcaption><\/figure>\n<p>El colombiano actualmente est\u00e1 en Independiente Rivadavia de Mendoza, desde julio de este a\u00f1o. All\u00ed, disput\u00f3 un total de 22 partidos, marc\u00f3 9 goles y brind\u00f3 7 asistencias.<\/p>\n<p>Su contrato con la \u201cLepra mendocina\u201d se extiende hasta 2027, por lo que el club no lo dejar\u00e1 ir tan f\u00e1cilmente. Est\u00e1 dispuesto a negociar, con una condici\u00f3n especial: incluir en la operaci\u00f3n un porcentaje de dos j\u00f3venes promesas albiazules.<\/p>\n<p>Se trata de <strong>Sheyko Studer y Luis Sequeira<\/strong>, juveniles de la Reserva que Talleres cedi\u00f3 al conjunto mendocino, en algunas ocasiones.<\/p>\n<p>Adem\u00e1s, de concretarse el traspaso, Talleres deber\u00e1 hacerse cargo de la ficha del colombiano, lo que eleva a\u00fan m\u00e1s los costos de la operaci\u00f3n. <\/p>\n<p>El conjunto de barrio Jard\u00edn no es el \u00fanico interesado en el colombiano. Cruzeiro, Colo-Colo, Racing Club, Estudiantes de La Plata y San Lorenzo tambi\u00e9n habr\u00edan pedido condiciones por el extremo.<\/p>\n<p>Adem\u00e1s de Villa, se eval\u00faan otras opciones para reforzar su ofensiva: Lautaro Giaccone, de Rosario Central y Tadeo Allende, el cordob\u00e9s que juega en el Celta de Vigo.<\/p>\n<figure class=\"wp-block-image size-full\"><img loading=\"lazy\" decoding=\"async\" width=\"1045\" height=\"660\" alt=\"\u00bfSebasti\u00e1n Villa a Talleres? Qu\u00e9 pide Independiente Rivadavia para que se concrete el pase | Canal Showsport\" class=\"wp-image-422090 lazyload\" data-sizes=\"(max-width: 1045px) 100vw, 1045px\" src=\"http:\/\/economiapoliticacba.com\/wp-content\/uploads\/2024\/12\/sebastian-villa-a-talleres-que-pide-independiente-rivadavia-para-que-se-concrete-el-pase-1.png\" srcset=\"http:\/\/economiapoliticacba.com\/wp-content\/uploads\/2024\/12\/sebastian-villa-a-talleres-que-pide-independiente-rivadavia-para-que-se-concrete-el-pase-1.png 1045w, http:\/\/economiapoliticacba.com\/wp-content\/uploads\/2024\/12\/sebastian-villa-a-talleres-que-pide-independiente-rivadavia-para-que-se-concrete-el-pase-9.png 768w, http:\/\/economiapoliticacba.com\/wp-content\/uploads\/2024\/12\/sebastian-villa-a-talleres-que-pide-independiente-rivadavia-para-que-se-concrete-el-pase-10.png 24w, http:\/\/economiapoliticacba.com\/wp-content\/uploads\/2024\/12\/sebastian-villa-a-talleres-que-pide-independiente-rivadavia-para-que-se-concrete-el-pase-11.png 36w, http:\/\/economiapoliticacba.com\/wp-content\/uploads\/2024\/12\/sebastian-villa-a-talleres-que-pide-independiente-rivadavia-para-que-se-concrete-el-pase-12.png 48w, http:\/\/economiapoliticacba.com\/wp-content\/uploads\/2024\/12\/sebastian-villa-a-talleres-que-pide-independiente-rivadavia-para-que-se-concrete-el-pase-13.png 750w\"><noscript><img loading=\"lazy\" decoding=\"async\" width=\"1045\" height=\"660\" src=\"http:\/\/economiapoliticacba.com\/wp-content\/uploads\/2024\/12\/sebastian-villa-a-talleres-que-pide-independiente-rivadavia-para-que-se-concrete-el-pase-1.png\" alt=\"\u00bfSebasti\u00e1n Villa a Talleres? Qu\u00e9 pide Independiente Rivadavia para que se concrete el pase | Canal Showsport\" class=\"wp-image-422090\" srcset=\"http:\/\/economiapoliticacba.com\/wp-content\/uploads\/2024\/12\/sebastian-villa-a-talleres-que-pide-independiente-rivadavia-para-que-se-concrete-el-pase-1.png 1045w, http:\/\/economiapoliticacba.com\/wp-content\/uploads\/2024\/12\/sebastian-villa-a-talleres-que-pide-independiente-rivadavia-para-que-se-concrete-el-pase-9.png 768w, http:\/\/economiapoliticacba.com\/wp-content\/uploads\/2024\/12\/sebastian-villa-a-talleres-que-pide-independiente-rivadavia-para-que-se-concrete-el-pase-10.png 24w, http:\/\/economiapoliticacba.com\/wp-content\/uploads\/2024\/12\/sebastian-villa-a-talleres-que-pide-independiente-rivadavia-para-que-se-concrete-el-pase-11.png 36w, http:\/\/economiapoliticacba.com\/wp-content\/uploads\/2024\/12\/sebastian-villa-a-talleres-que-pide-independiente-rivadavia-para-que-se-concrete-el-pase-12.png 48w, http:\/\/economiapoliticacba.com\/wp-content\/uploads\/2024\/12\/sebastian-villa-a-talleres-que-pide-independiente-rivadavia-para-que-se-concrete-el-pase-13.png 750w\" sizes=\"(max-width: 1045px) 100vw, 1045px\"><\/noscript><figcaption class=\"wp-element-caption\">Sebasti\u00e1n Villa en Independiente Rivadavia.<\/figcaption><\/figure>\n<p>Cabe recordar que Sebasti\u00e1n Villa est\u00e1 involucrado en dos causas judiciales, que lo llevaron en un inicio al exilio en Bulgaria:&nbsp;est\u00e1 condenado por violencia de g\u00e9nero y tiene otra causa abierta, por abuso sexual con acceso carnal.<\/p>\n<h5 class=\"wp-block-heading\"><em>+ Lee tambi\u00e9n | <a href=\"https:\/\/canalshowsport.com.ar\/los-partidos-de-talleres-en-el-torneo-apertura-2025\/\">Los partidos de Talleres en el Torneo Apertura 2025<\/a><\/em><\/h5>\n","protected":false},"excerpt":{"rendered":"<p>Talleres&nbsp;comenz\u00f3 la ardua tarea de buscar los refuerzos que pidi\u00f3 el entrenador&nbsp;Alexander Medina&nbsp;en la cumbre junto a&nbsp;Andr\u00e9s Fassi. El \u201cCacique\u201d busca dos laterales, dos zagueros, un volante ofensivo, dos extremos y un centro delantero, pero pueden ser m\u00e1s si&nbsp;Guido Herrera&nbsp;y&nbsp;Gast\u00f3n Benav\u00eddez&nbsp;no contin\u00faan en el club. En este contexto, hay un futbolista que son\u00f3 en el [&hellip;]<\/p>\n","protected":false},"author":1,"featured_media":33030,"comment_status":"closed","ping_status":"closed","sticky":false,"template":"","format":"standard","meta":{"om_disable_all_campaigns":false,"_monsterinsights_skip_tracking":false,"_monsterinsights_sitenote_active":false,"_monsterinsights_sitenote_note":"","_monsterinsights_sitenote_category":0},"categories":[16],"tags":[2005,35,2517,36],"aioseo_notices":[],"_links":{"self":[{"href":"https:\/\/economiapoliticacba.com\/index.php?rest_route=\/wp\/v2\/posts\/33029"}],"collection":[{"href":"https:\/\/economiapoliticacba.com\/index.php?rest_route=\/wp\/v2\/posts"}],"about":[{"href":"https:\/\/economiapoliticacba.com\/index.php?rest_route=\/wp\/v2\/types\/post"}],"author":[{"embeddable":true,"href":"https:\/\/economiapoliticacba.com\/index.php?rest_route=\/wp\/v2\/users\/1"}],"replies":[{"embeddable":true,"href":"https:\/\/economiapoliticacba.com\/index.php?rest_route=%2Fwp%2Fv2%2Fcomments&post=33029"}],"version-history":[{"count":0,"href":"https:\/\/economiapoliticacba.com\/index.php?rest_route=\/wp\/v2\/posts\/33029\/revisions"}],"wp:featuredmedia":[{"embeddable":true,"href":"https:\/\/economiapoliticacba.com\/index.php?rest_route=\/wp\/v2\/media\/33030"}],"wp:attachment":[{"href":"https:\/\/economiapoliticacba.com\/index.php?rest_route=%2Fwp%2Fv2%2Fmedia&parent=33029"}],"wp:term":[{"taxonomy":"category","embeddable":true,"href":"https:\/\/economiapoliticacba.com\/index.php?rest_route=%2Fwp%2Fv2%2Fcategories&post=33029"},{"taxonomy":"post_tag","embeddable":true,"href":"https:\/\/economiapoliticacba.com\/index.php?rest_route=%2Fwp%2Fv2%2Ftags&post=33029"}],"curies":[{"name":"wp","href":"https:\/\/api.w.org\/{rel}","templated":true}]}}