{"id":32669,"date":"2024-12-14T02:24:04","date_gmt":"2024-12-14T02:24:04","guid":{"rendered":"https:\/\/canalshowsport.com.ar\/?p=420070"},"modified":"2024-12-14T02:24:04","modified_gmt":"2024-12-14T02:24:04","slug":"lo-confirmo-el-club-kempes-repleto-de-socios-albiazules","status":"publish","type":"post","link":"https:\/\/economiapoliticacba.com\/?p=32669","title":{"rendered":"Lo confirm\u00f3 el club: Kempes repleto de socios albiazules"},"content":{"rendered":"<p>Hace unas horas, el Club Atl\u00e9tico Talleres comunic\u00f3 que los socios <a href=\"https:\/\/canalshowsport.com.ar\/el-domingo-se-vera-un-kempes-repleto-de-socios-albiazules\/\" data-type=\"link\" data-id=\"https:\/\/canalshowsport.com.ar\/el-domingo-se-vera-un-kempes-repleto-de-socios-albiazules\/\">agotaron las ubicaciones de la Platea Ardiles<\/a>. Pero ahora, la euforia matadora es a\u00fan mayor: la instituci\u00f3n confirm\u00f3 que los afiliados de la T completaron la capacidad del estadio. <\/p>\n<p>En el marco de la fecha 27, este domingo Talleres ir\u00e1 en busca de coronarse campe\u00f3n de la Liga Porfesional 2024 cuando reciba a Newells, si es que V\u00e9lez de la una mano y no derrota a Hurac\u00e1n.<\/p>\n<figure class=\"wp-block-image size-full is-resized\"><img loading=\"lazy\" fetchpriority=\"high\" decoding=\"async\" width=\"1024\" height=\"684\" src=\"http:\/\/economiapoliticacba.com\/wp-content\/uploads\/2024\/12\/lo-confirmo-el-club-kempes-repleto-de-socios-albiazules.jpg\" alt=\"Lo confirm\u00f3 el club: Kempes repleto de socios albiazules | Canal Showsport\" class=\"wp-image-420074\" srcset=\"http:\/\/economiapoliticacba.com\/wp-content\/uploads\/2024\/12\/lo-confirmo-el-club-kempes-repleto-de-socios-albiazules.jpg 1024w, http:\/\/economiapoliticacba.com\/wp-content\/uploads\/2024\/12\/lo-confirmo-el-club-kempes-repleto-de-socios-albiazules-3.jpg 768w, http:\/\/economiapoliticacba.com\/wp-content\/uploads\/2024\/12\/lo-confirmo-el-club-kempes-repleto-de-socios-albiazules-4.jpg 24w, http:\/\/economiapoliticacba.com\/wp-content\/uploads\/2024\/12\/lo-confirmo-el-club-kempes-repleto-de-socios-albiazules-5.jpg 36w, http:\/\/economiapoliticacba.com\/wp-content\/uploads\/2024\/12\/lo-confirmo-el-club-kempes-repleto-de-socios-albiazules-6.jpg 48w, http:\/\/economiapoliticacba.com\/wp-content\/uploads\/2024\/12\/lo-confirmo-el-club-kempes-repleto-de-socios-albiazules-7.jpg 750w\" sizes=\"(max-width: 1024px) 100vw, 1024px\"><figcaption class=\"wp-element-caption\">Kempes colmado de socios albiazules este domingo<\/figcaption><\/figure>\n<p>Sin embargo, la ilusi\u00f3n es m\u00e1s que latente y todos los hinchas quieren estar presentes en esta final. En un principio se agot\u00f3 la tribuna Sur, luego le siguieron la popular Willington y platea Gasparini. Finalmente este viernes por la ma\u00f1ana se confirm\u00f3 el sold out de la platea Ardiles y ahora el club confirm\u00f3 que se complet\u00f3 la capacidad del Kempes.<\/p>\n<figure class=\"wp-block-image size-full is-resized\"><img loading=\"lazy\" decoding=\"async\" width=\"1082\" height=\"1352\" alt=\"Lo confirm\u00f3 el club: Kempes repleto de socios albiazules | Canal Showsport\" class=\"wp-image-420071 lazyload\" data-sizes=\"(max-width: 1082px) 100vw, 1082px\" src=\"http:\/\/economiapoliticacba.com\/wp-content\/uploads\/2024\/12\/lo-confirmo-el-club-kempes-repleto-de-socios-albiazules-1.jpg\" srcset=\"http:\/\/economiapoliticacba.com\/wp-content\/uploads\/2024\/12\/lo-confirmo-el-club-kempes-repleto-de-socios-albiazules-1.jpg 1082w, http:\/\/economiapoliticacba.com\/wp-content\/uploads\/2024\/12\/lo-confirmo-el-club-kempes-repleto-de-socios-albiazules-8.jpg 768w, http:\/\/economiapoliticacba.com\/wp-content\/uploads\/2024\/12\/lo-confirmo-el-club-kempes-repleto-de-socios-albiazules-9.jpg 19w, http:\/\/economiapoliticacba.com\/wp-content\/uploads\/2024\/12\/lo-confirmo-el-club-kempes-repleto-de-socios-albiazules-10.jpg 29w, http:\/\/economiapoliticacba.com\/wp-content\/uploads\/2024\/12\/lo-confirmo-el-club-kempes-repleto-de-socios-albiazules-11.jpg 38w, http:\/\/economiapoliticacba.com\/wp-content\/uploads\/2024\/12\/lo-confirmo-el-club-kempes-repleto-de-socios-albiazules-12.jpg 750w\"><noscript><img loading=\"lazy\" decoding=\"async\" width=\"1082\" height=\"1352\" src=\"http:\/\/economiapoliticacba.com\/wp-content\/uploads\/2024\/12\/lo-confirmo-el-club-kempes-repleto-de-socios-albiazules-1.jpg\" alt=\"Lo confirm\u00f3 el club: Kempes repleto de socios albiazules | Canal Showsport\" class=\"wp-image-420071\" srcset=\"http:\/\/economiapoliticacba.com\/wp-content\/uploads\/2024\/12\/lo-confirmo-el-club-kempes-repleto-de-socios-albiazules-1.jpg 1082w, http:\/\/economiapoliticacba.com\/wp-content\/uploads\/2024\/12\/lo-confirmo-el-club-kempes-repleto-de-socios-albiazules-8.jpg 768w, http:\/\/economiapoliticacba.com\/wp-content\/uploads\/2024\/12\/lo-confirmo-el-club-kempes-repleto-de-socios-albiazules-9.jpg 19w, http:\/\/economiapoliticacba.com\/wp-content\/uploads\/2024\/12\/lo-confirmo-el-club-kempes-repleto-de-socios-albiazules-10.jpg 29w, http:\/\/economiapoliticacba.com\/wp-content\/uploads\/2024\/12\/lo-confirmo-el-club-kempes-repleto-de-socios-albiazules-11.jpg 38w, http:\/\/economiapoliticacba.com\/wp-content\/uploads\/2024\/12\/lo-confirmo-el-club-kempes-repleto-de-socios-albiazules-12.jpg 750w\" sizes=\"(max-width: 1082px) 100vw, 1082px\"><\/noscript><figcaption class=\"wp-element-caption\">Comunicado oficial: Club Atl\u00e9tico Talleres<\/figcaption><\/figure>\n<p>En este comunicado se inform\u00f3 tambi\u00e9n que todos los centros de Atenci\u00f3n Integral al Socio permanecer\u00e1n cerrados hasta el d\u00eda lunes, mientras que la Tienda T atender\u00e1 con normalidad.<\/p>\n<p>El domingo, el m\u00edtico estadio cordob\u00e9s ser\u00e1 el escenario de un hecho m\u00e1s que emocionante sea cual sea el resultado y si Talleres se consagra campe\u00f3n quedar\u00e1 grabado en la historia de miles de corazones albiazules.<\/p>\n<p><em>+ Te puede interesar: <a href=\"https:\/\/canalshowsport.com.ar\/la-posible-formacion-de-talleres-para-ir-a-buscar-el-titulo\/\" data-type=\"link\" data-id=\"https:\/\/canalshowsport.com.ar\/la-posible-formacion-de-talleres-para-ir-a-buscar-el-titulo\/\">La posible formaci\u00f3n de Talleres para ir a buscar el t\u00edtulo<\/a><\/em><\/p>\n","protected":false},"excerpt":{"rendered":"<p>Hace unas horas, el Club Atl\u00e9tico Talleres comunic\u00f3 que los socios agotaron las ubicaciones de la Platea Ardiles. Pero ahora, la euforia matadora es a\u00fan mayor: la instituci\u00f3n confirm\u00f3 que los afiliados de la T completaron la capacidad del estadio. En el marco de la fecha 27, este domingo Talleres ir\u00e1 en busca de coronarse [&hellip;]<\/p>\n","protected":false},"author":1,"featured_media":32670,"comment_status":"closed","ping_status":"closed","sticky":false,"template":"","format":"standard","meta":{"om_disable_all_campaigns":false,"_monsterinsights_skip_tracking":false,"_monsterinsights_sitenote_active":false,"_monsterinsights_sitenote_note":"","_monsterinsights_sitenote_category":0},"categories":[16],"tags":[2498,35,528,2360,36],"aioseo_notices":[],"_links":{"self":[{"href":"https:\/\/economiapoliticacba.com\/index.php?rest_route=\/wp\/v2\/posts\/32669"}],"collection":[{"href":"https:\/\/economiapoliticacba.com\/index.php?rest_route=\/wp\/v2\/posts"}],"about":[{"href":"https:\/\/economiapoliticacba.com\/index.php?rest_route=\/wp\/v2\/types\/post"}],"author":[{"embeddable":true,"href":"https:\/\/economiapoliticacba.com\/index.php?rest_route=\/wp\/v2\/users\/1"}],"replies":[{"embeddable":true,"href":"https:\/\/economiapoliticacba.com\/index.php?rest_route=%2Fwp%2Fv2%2Fcomments&post=32669"}],"version-history":[{"count":0,"href":"https:\/\/economiapoliticacba.com\/index.php?rest_route=\/wp\/v2\/posts\/32669\/revisions"}],"wp:featuredmedia":[{"embeddable":true,"href":"https:\/\/economiapoliticacba.com\/index.php?rest_route=\/wp\/v2\/media\/32670"}],"wp:attachment":[{"href":"https:\/\/economiapoliticacba.com\/index.php?rest_route=%2Fwp%2Fv2%2Fmedia&parent=32669"}],"wp:term":[{"taxonomy":"category","embeddable":true,"href":"https:\/\/economiapoliticacba.com\/index.php?rest_route=%2Fwp%2Fv2%2Fcategories&post=32669"},{"taxonomy":"post_tag","embeddable":true,"href":"https:\/\/economiapoliticacba.com\/index.php?rest_route=%2Fwp%2Fv2%2Ftags&post=32669"}],"curies":[{"name":"wp","href":"https:\/\/api.w.org\/{rel}","templated":true}]}}