{"id":32278,"date":"2024-12-03T23:53:34","date_gmt":"2024-12-03T23:53:34","guid":{"rendered":"https:\/\/canalshowsport.com.ar\/?p=417356"},"modified":"2024-12-03T23:53:34","modified_gmt":"2024-12-03T23:53:34","slug":"el-nombre-que-tiene-ventaja-para-ser-el-proximo-dt-de-belgrano","status":"publish","type":"post","link":"https:\/\/economiapoliticacba.com\/?p=32278","title":{"rendered":"El nombre que tiene ventaja para ser el pr\u00f3ximo DT de Belgrano"},"content":{"rendered":"<p><strong>Pablo Lavall\u00e9n<\/strong> hoy ser\u00eda el nombre propio que tiene mas posibilidades de tomar el cargo de director t\u00e9cnico en <strong>Belgrano<\/strong>. El nacido en Buenos Aires, dirigi\u00f3 al equipo de Alberdi en la temporada 17\/18.<\/p>\n<p>En aquel a\u00f1o, <strong>Lavall\u00e9n<\/strong> ingres\u00f3 al club en octubre de 2017 donde dirigi\u00f3 22 encuentros de los cuales gan\u00f3 8, empat\u00f3 7 y perdi\u00f3 7. Luego de 250 d\u00edas, dej\u00f3 el cargo en junio del a\u00f1o siguiente.<\/p>\n<figure class=\"wp-block-image size-full\"><img loading=\"lazy\" fetchpriority=\"high\" decoding=\"async\" width=\"1920\" height=\"1080\" src=\"http:\/\/economiapoliticacba.com\/wp-content\/uploads\/2024\/12\/el-nombre-que-tiene-ventaja-para-ser-el-proximo-dt-de-belgrano.jpg\" alt=\"El nombre que tiene ventaja para ser el pr\u00f3ximo DT de Belgrano | Canal Showsport\" class=\"wp-image-417360\" srcset=\"http:\/\/economiapoliticacba.com\/wp-content\/uploads\/2024\/12\/el-nombre-que-tiene-ventaja-para-ser-el-proximo-dt-de-belgrano.jpg 1920w, http:\/\/economiapoliticacba.com\/wp-content\/uploads\/2024\/12\/el-nombre-que-tiene-ventaja-para-ser-el-proximo-dt-de-belgrano-1.jpg 768w, http:\/\/economiapoliticacba.com\/wp-content\/uploads\/2024\/12\/el-nombre-que-tiene-ventaja-para-ser-el-proximo-dt-de-belgrano-2.jpg 1536w, http:\/\/economiapoliticacba.com\/wp-content\/uploads\/2024\/12\/el-nombre-que-tiene-ventaja-para-ser-el-proximo-dt-de-belgrano-3.jpg 24w, http:\/\/economiapoliticacba.com\/wp-content\/uploads\/2024\/12\/el-nombre-que-tiene-ventaja-para-ser-el-proximo-dt-de-belgrano-4.jpg 36w, http:\/\/economiapoliticacba.com\/wp-content\/uploads\/2024\/12\/el-nombre-que-tiene-ventaja-para-ser-el-proximo-dt-de-belgrano-5.jpg 48w, http:\/\/economiapoliticacba.com\/wp-content\/uploads\/2024\/12\/el-nombre-que-tiene-ventaja-para-ser-el-proximo-dt-de-belgrano-6.jpg 750w, http:\/\/economiapoliticacba.com\/wp-content\/uploads\/2024\/12\/el-nombre-que-tiene-ventaja-para-ser-el-proximo-dt-de-belgrano-7.jpg 1140w\" sizes=\"(max-width: 1920px) 100vw, 1920px\"><\/figure>\n<p>Luego de su cargo en <strong>Belgrano<\/strong>, dirigi\u00f3 a Col\u00f3n de Santa Fe donde logr\u00f3 el subcampeonato de la Copa Sudamericana. Tambi\u00e9n, tuvo paso por Sarmiento, The Strongest, Melgar, entre otros. <\/p>\n<p class=\"has-medium-font-size\"><strong><em>+ Te puede interesar: <a href=\"https:\/\/canalshowsport.com.ar\/beto-fernandez-yo-aca-soy-el-hombre-mas-feliz-del-mundo\/\">\u201cBeto\u201d Fern\u00e1ndez: \u201cYo ac\u00e1 soy el hombre m\u00e1s feliz del mundo\u201d<\/a><\/em><\/strong><\/p>\n","protected":false},"excerpt":{"rendered":"<p>Pablo Lavall\u00e9n hoy ser\u00eda el nombre propio que tiene mas posibilidades de tomar el cargo de director t\u00e9cnico en Belgrano. El nacido en Buenos Aires, dirigi\u00f3 al equipo de Alberdi en la temporada 17\/18. En aquel a\u00f1o, Lavall\u00e9n ingres\u00f3 al club en octubre de 2017 donde dirigi\u00f3 22 encuentros de los cuales gan\u00f3 8, empat\u00f3 [&hellip;]<\/p>\n","protected":false},"author":1,"featured_media":32279,"comment_status":"closed","ping_status":"closed","sticky":false,"template":"","format":"standard","meta":{"om_disable_all_campaigns":false,"_monsterinsights_skip_tracking":false,"_monsterinsights_sitenote_active":false,"_monsterinsights_sitenote_note":"","_monsterinsights_sitenote_category":0},"categories":[16],"tags":[22,30,34,35],"aioseo_notices":[],"_links":{"self":[{"href":"https:\/\/economiapoliticacba.com\/index.php?rest_route=\/wp\/v2\/posts\/32278"}],"collection":[{"href":"https:\/\/economiapoliticacba.com\/index.php?rest_route=\/wp\/v2\/posts"}],"about":[{"href":"https:\/\/economiapoliticacba.com\/index.php?rest_route=\/wp\/v2\/types\/post"}],"author":[{"embeddable":true,"href":"https:\/\/economiapoliticacba.com\/index.php?rest_route=\/wp\/v2\/users\/1"}],"replies":[{"embeddable":true,"href":"https:\/\/economiapoliticacba.com\/index.php?rest_route=%2Fwp%2Fv2%2Fcomments&post=32278"}],"version-history":[{"count":0,"href":"https:\/\/economiapoliticacba.com\/index.php?rest_route=\/wp\/v2\/posts\/32278\/revisions"}],"wp:featuredmedia":[{"embeddable":true,"href":"https:\/\/economiapoliticacba.com\/index.php?rest_route=\/wp\/v2\/media\/32279"}],"wp:attachment":[{"href":"https:\/\/economiapoliticacba.com\/index.php?rest_route=%2Fwp%2Fv2%2Fmedia&parent=32278"}],"wp:term":[{"taxonomy":"category","embeddable":true,"href":"https:\/\/economiapoliticacba.com\/index.php?rest_route=%2Fwp%2Fv2%2Fcategories&post=32278"},{"taxonomy":"post_tag","embeddable":true,"href":"https:\/\/economiapoliticacba.com\/index.php?rest_route=%2Fwp%2Fv2%2Ftags&post=32278"}],"curies":[{"name":"wp","href":"https:\/\/api.w.org\/{rel}","templated":true}]}}