{"id":31665,"date":"2024-11-19T04:00:00","date_gmt":"2024-11-19T04:00:00","guid":{"rendered":"https:\/\/canalshowsport.com.ar\/?p=413634"},"modified":"2024-11-19T04:00:00","modified_gmt":"2024-11-19T04:00:00","slug":"a-dos-anos-del-historico-ascenso-de-instituto","status":"publish","type":"post","link":"https:\/\/economiapoliticacba.com\/?p=31665","title":{"rendered":"A dos a\u00f1os del hist\u00f3rico ascenso de Instituto"},"content":{"rendered":"<p><strong>19 de noviembre<\/strong> ser\u00e1 una fecha muy recordada por los hinchas de Instituto, y por la historia del f\u00fatbol cordob\u00e9s. De la mano de Lucas Bovaglio,<strong> Instituto volv\u00eda a Primera<\/strong>. <\/p>\n<p>Con figuras, garra, y partidos emocionantes, la \u201cGloria\u201d lleg\u00f3 a la final del reducido y tras empatar con Estudiantes de Caseros ascendi\u00f3 a la m\u00e1xima categor\u00eda del F\u00fatbol Argentino. <strong>Alta C\u00f3rdoba<\/strong> era una fiesta despu\u00e9s de 16 a\u00f1os en la Primera Nacional.<\/p>\n<figure class=\"wp-block-image size-full\"><img loading=\"lazy\" fetchpriority=\"high\" decoding=\"async\" width=\"1290\" height=\"760\" src=\"http:\/\/economiapoliticacba.com\/wp-content\/uploads\/2024\/11\/a-dos-anos-del-historico-ascenso-de-instituto.png\" alt=\"A dos a\u00f1os del hist\u00f3rico ascenso de Instituto | Canal Showsport\" class=\"wp-image-413640\" srcset=\"http:\/\/economiapoliticacba.com\/wp-content\/uploads\/2024\/11\/a-dos-anos-del-historico-ascenso-de-instituto.png 1290w, http:\/\/economiapoliticacba.com\/wp-content\/uploads\/2024\/11\/a-dos-anos-del-historico-ascenso-de-instituto-1.png 768w, http:\/\/economiapoliticacba.com\/wp-content\/uploads\/2024\/11\/a-dos-anos-del-historico-ascenso-de-instituto-2.png 24w, http:\/\/economiapoliticacba.com\/wp-content\/uploads\/2024\/11\/a-dos-anos-del-historico-ascenso-de-instituto-3.png 36w, http:\/\/economiapoliticacba.com\/wp-content\/uploads\/2024\/11\/a-dos-anos-del-historico-ascenso-de-instituto-4.png 48w, http:\/\/economiapoliticacba.com\/wp-content\/uploads\/2024\/11\/a-dos-anos-del-historico-ascenso-de-instituto-5.png 750w, http:\/\/economiapoliticacba.com\/wp-content\/uploads\/2024\/11\/a-dos-anos-del-historico-ascenso-de-instituto-6.png 1140w\" sizes=\"(max-width: 1290px) 100vw, 1290px\"><\/figure>\n<p>En la actualidad, cinco jugadores de aquel plantel recordado del ascenso dicen presente hoy, se trata de Fernando Alarc\u00f3n, Roberto Bochi, Giuliano Cerato, Gregorio Rodr\u00edguez y Emanuel Sittaro. <\/p>\n<p class=\"has-medium-font-size\"><strong>Reviv\u00ed la consagraci\u00f3n de Instituto:<\/strong><\/p>\n<blockquote class=\"twitter-tweet\" data-media-max-width=\"560\" readability=\"6.8684210526316\">\n<p lang=\"es\" dir=\"ltr\">\u00a1INSTITUTO ES DE PRIMERA!<a href=\"https:\/\/twitter.com\/hashtag\/NacionalEnTyCSports?src=hash&amp;ref_src=twsrc%5Etfw\" target=\"_blank\" rel=\"noopener\">#NacionalEnTyCSports<\/a> En un empate repleto de pol\u00e9micas, la Gloria se qued\u00f3 con el \u00faltimo boleto a la Primera Divisi\u00f3n gracias a la ventaja deportiva y ser\u00e1 el tercer equipo cordob\u00e9s en la m\u00e1xima categor\u00eda, junto a <a href=\"https:\/\/twitter.com\/hashtag\/Talleres?src=hash&amp;ref_src=twsrc%5Etfw\" target=\"_blank\" rel=\"noopener\">#Talleres<\/a> y <a href=\"https:\/\/twitter.com\/hashtag\/Belgrano?src=hash&amp;ref_src=twsrc%5Etfw\" target=\"_blank\" rel=\"noopener\">#Belgrano<\/a>. <a href=\"https:\/\/t.co\/WBdZCKMVJG\" target=\"_blank\" rel=\"noopener\">pic.twitter.com\/WBdZCKMVJG<\/a><\/p>\n<p>\u2014 TyC Sports (@TyCSports) <a href=\"https:\/\/twitter.com\/TyCSports\/status\/1594140839374381057?ref_src=twsrc%5Etfw\" target=\"_blank\" rel=\"noopener\">November 20, 2022<\/a><\/p><\/blockquote>\n","protected":false},"excerpt":{"rendered":"<p>19 de noviembre ser\u00e1 una fecha muy recordada por los hinchas de Instituto, y por la historia del f\u00fatbol cordob\u00e9s. De la mano de Lucas Bovaglio, Instituto volv\u00eda a Primera. Con figuras, garra, y partidos emocionantes, la \u201cGloria\u201d lleg\u00f3 a la final del reducido y tras empatar con Estudiantes de Caseros ascendi\u00f3 a la m\u00e1xima [&hellip;]<\/p>\n","protected":false},"author":1,"featured_media":31666,"comment_status":"closed","ping_status":"closed","sticky":false,"template":"","format":"standard","meta":{"om_disable_all_campaigns":false,"_monsterinsights_skip_tracking":false,"_monsterinsights_sitenote_active":false,"_monsterinsights_sitenote_note":"","_monsterinsights_sitenote_category":0},"categories":[16],"tags":[30,63],"aioseo_notices":[],"_links":{"self":[{"href":"https:\/\/economiapoliticacba.com\/index.php?rest_route=\/wp\/v2\/posts\/31665"}],"collection":[{"href":"https:\/\/economiapoliticacba.com\/index.php?rest_route=\/wp\/v2\/posts"}],"about":[{"href":"https:\/\/economiapoliticacba.com\/index.php?rest_route=\/wp\/v2\/types\/post"}],"author":[{"embeddable":true,"href":"https:\/\/economiapoliticacba.com\/index.php?rest_route=\/wp\/v2\/users\/1"}],"replies":[{"embeddable":true,"href":"https:\/\/economiapoliticacba.com\/index.php?rest_route=%2Fwp%2Fv2%2Fcomments&post=31665"}],"version-history":[{"count":0,"href":"https:\/\/economiapoliticacba.com\/index.php?rest_route=\/wp\/v2\/posts\/31665\/revisions"}],"wp:featuredmedia":[{"embeddable":true,"href":"https:\/\/economiapoliticacba.com\/index.php?rest_route=\/wp\/v2\/media\/31666"}],"wp:attachment":[{"href":"https:\/\/economiapoliticacba.com\/index.php?rest_route=%2Fwp%2Fv2%2Fmedia&parent=31665"}],"wp:term":[{"taxonomy":"category","embeddable":true,"href":"https:\/\/economiapoliticacba.com\/index.php?rest_route=%2Fwp%2Fv2%2Fcategories&post=31665"},{"taxonomy":"post_tag","embeddable":true,"href":"https:\/\/economiapoliticacba.com\/index.php?rest_route=%2Fwp%2Fv2%2Ftags&post=31665"}],"curies":[{"name":"wp","href":"https:\/\/api.w.org\/{rel}","templated":true}]}}