{"id":31424,"date":"2024-11-13T02:45:34","date_gmt":"2024-11-13T02:45:34","guid":{"rendered":"https:\/\/canalshowsport.com.ar\/?p=412396"},"modified":"2024-11-13T02:45:34","modified_gmt":"2024-11-13T02:45:34","slug":"la-situacion-futbolistica-de-dabove","status":"publish","type":"post","link":"https:\/\/economiapoliticacba.com\/?p=31424","title":{"rendered":"La situaci\u00f3n futbol\u00edstica de Dabove"},"content":{"rendered":"<div><img src=\"http:\/\/economiapoliticacba.com\/wp-content\/uploads\/2024\/11\/la-situacion-futbolistica-de-dabove.jpg\" class=\"ff-og-image-inserted\"><\/div>\n<p>Luego de la derrota frente a Belgrano en la fecha pasada, <strong>Instituto <\/strong>reafirma su momento inestable en esta<strong> Liga Profesional<\/strong>.<\/p>\n<p>Entre idas y vueltas, la extensi\u00f3n de su contrato fue algo que se analiz\u00f3 desde la dirigencia pero no se llev\u00f3 a cabo. Actualmente Dabove cuenta con contrato hasta <strong>diciembre <\/strong>de este a\u00f1o, y \u00e9l ha declarado que cuenta con ganas de seguir con su proyecto. <\/p>\n<p>Luego de describir su situaci\u00f3n como \u201c<strong>Estamos en un baj\u00f3n futbol\u00edstico<\/strong>\u201c, as\u00ed est\u00e1 posicionado Instituto en la corriente Liga Profesional:<\/p>\n","protected":false},"excerpt":{"rendered":"<p>Luego de la derrota frente a Belgrano en la fecha pasada, Instituto reafirma su momento inestable en esta Liga Profesional. Entre idas y vueltas, la extensi\u00f3n de su contrato fue algo que se analiz\u00f3 desde la dirigencia pero no se llev\u00f3 a cabo. Actualmente Dabove cuenta con contrato hasta diciembre de este a\u00f1o, y \u00e9l [&hellip;]<\/p>\n","protected":false},"author":1,"featured_media":31425,"comment_status":"closed","ping_status":"closed","sticky":false,"template":"","format":"standard","meta":{"om_disable_all_campaigns":false,"_monsterinsights_skip_tracking":false,"_monsterinsights_sitenote_active":false,"_monsterinsights_sitenote_note":"","_monsterinsights_sitenote_category":0},"categories":[16],"tags":[34,63,35],"aioseo_notices":[],"_links":{"self":[{"href":"https:\/\/economiapoliticacba.com\/index.php?rest_route=\/wp\/v2\/posts\/31424"}],"collection":[{"href":"https:\/\/economiapoliticacba.com\/index.php?rest_route=\/wp\/v2\/posts"}],"about":[{"href":"https:\/\/economiapoliticacba.com\/index.php?rest_route=\/wp\/v2\/types\/post"}],"author":[{"embeddable":true,"href":"https:\/\/economiapoliticacba.com\/index.php?rest_route=\/wp\/v2\/users\/1"}],"replies":[{"embeddable":true,"href":"https:\/\/economiapoliticacba.com\/index.php?rest_route=%2Fwp%2Fv2%2Fcomments&post=31424"}],"version-history":[{"count":0,"href":"https:\/\/economiapoliticacba.com\/index.php?rest_route=\/wp\/v2\/posts\/31424\/revisions"}],"wp:featuredmedia":[{"embeddable":true,"href":"https:\/\/economiapoliticacba.com\/index.php?rest_route=\/wp\/v2\/media\/31425"}],"wp:attachment":[{"href":"https:\/\/economiapoliticacba.com\/index.php?rest_route=%2Fwp%2Fv2%2Fmedia&parent=31424"}],"wp:term":[{"taxonomy":"category","embeddable":true,"href":"https:\/\/economiapoliticacba.com\/index.php?rest_route=%2Fwp%2Fv2%2Fcategories&post=31424"},{"taxonomy":"post_tag","embeddable":true,"href":"https:\/\/economiapoliticacba.com\/index.php?rest_route=%2Fwp%2Fv2%2Ftags&post=31424"}],"curies":[{"name":"wp","href":"https:\/\/api.w.org\/{rel}","templated":true}]}}