{"id":31336,"date":"2024-11-11T02:00:00","date_gmt":"2024-11-11T02:00:00","guid":{"rendered":"https:\/\/canalshowsport.com.ar\/?p=411769"},"modified":"2024-11-11T02:00:00","modified_gmt":"2024-11-11T02:00:00","slug":"belgrano-e-instituto-se-miden-en-alberdi-con-la-mejor-previa-de-showsport-hora-tv-y-formaciones","status":"publish","type":"post","link":"https:\/\/economiapoliticacba.com\/?p=31336","title":{"rendered":"Belgrano e Instituto se miden en Alberdi, con la mejor previa de Showsport: hora, TV y formaciones"},"content":{"rendered":"<p><strong>Belgrano <\/strong>e <strong>Instituto <\/strong>se enfrentan este lunes a las 21:00 horas, en el estadio Julio C\u00e9sar Villagra por la fecha 22 de la<strong> Liga Profesional de F\u00fatbol.<\/strong> El encargado de impartir justicia ser\u00e1 Yael Falc\u00f3n P\u00e9rez, mientras que el partido se podr\u00e1 ver por la se\u00f1al de <em>TNT Sports<\/em>.<\/p>\n<p>Pero lo mejor vendr\u00e1 antes, ya que<em><strong> Canal Showsport <\/strong><\/em>transmitir\u00e1 la previa del encuentro desde las 19hs con Joel Albarran y Luciano Vachillieri en los estudios, Daniel Al\u00e9 y Joaqu\u00edn Valenzuela desde Alberdi y Tom\u00e1s Asselborn en Alta C\u00f3rdoba.<\/p>\n<p>Los hinchas podr\u00e1n disfrutar de todo el an\u00e1lisis, la palabra de los protagonistas, el colorido y mucho m\u00e1s en las se\u00f1ales 34 y 120 de Flow, en la <a href=\"https:\/\/canalshowsport.com.ar\/vivo\/\">plataforma web<\/a> o a trav\u00e9s de <a href=\"https:\/\/www.youtube.com\/@CanalShowsportOficial\/streams\" target=\"_blank\" rel=\"noopener\">Youtube<\/a>.<\/p>\n<figure class=\"wp-block-pullquote\" readability=\"1.1341463414634\">\n<blockquote readability=\"4.5365853658537\">\n<p>Disfrut\u00e1 de nuestra programaci\u00f3n en las se\u00f1ales 34 y 120 de Flow y en la plataforma web:&nbsp;<a href=\"https:\/\/canalshowsport.com.ar\/vivo\/\">www.canalshowsport.com.ar\/vivo<\/a><\/p>\n<\/blockquote>\n<\/figure>\n<p>El \u201cPirata\u201d viene de igualar 1-1 ante Banfield y se posiciona 15\u00b0 en la tabla con 27 puntos, producto de seis victorias, nueve empates y seis derrotas.<\/p>\n<p>En tanto, la \u201cGloria\u201d perdi\u00f3 3-2 ante River en Alta C\u00f3rdoba, resultado que lo coloc\u00f3 en la 10\u00b0 posici\u00f3n con 29 unidades, producto de ocho victorias, cinco empates y ocho derrotas.<\/p>\n<figure class=\"wp-block-image size-full\"><img loading=\"lazy\" fetchpriority=\"high\" decoding=\"async\" width=\"1200\" height=\"845\" src=\"http:\/\/economiapoliticacba.com\/wp-content\/uploads\/2024\/11\/belgrano-e-instituto-se-miden-en-alberdi-con-la-mejor-previa-de-showsport-hora-tv-y-formaciones.png\" alt=\"Belgrano e Instituto se miden en Alberdi, con la mejor previa de Showsport: hora, TV y formaciones | Canal Showsport\" class=\"wp-image-411782\" srcset=\"http:\/\/economiapoliticacba.com\/wp-content\/uploads\/2024\/11\/belgrano-e-instituto-se-miden-en-alberdi-con-la-mejor-previa-de-showsport-hora-tv-y-formaciones.png 1200w, http:\/\/economiapoliticacba.com\/wp-content\/uploads\/2024\/11\/belgrano-e-instituto-se-miden-en-alberdi-con-la-mejor-previa-de-showsport-hora-tv-y-formaciones-3.png 768w, http:\/\/economiapoliticacba.com\/wp-content\/uploads\/2024\/11\/belgrano-e-instituto-se-miden-en-alberdi-con-la-mejor-previa-de-showsport-hora-tv-y-formaciones-4.png 24w, http:\/\/economiapoliticacba.com\/wp-content\/uploads\/2024\/11\/belgrano-e-instituto-se-miden-en-alberdi-con-la-mejor-previa-de-showsport-hora-tv-y-formaciones-5.png 36w, http:\/\/economiapoliticacba.com\/wp-content\/uploads\/2024\/11\/belgrano-e-instituto-se-miden-en-alberdi-con-la-mejor-previa-de-showsport-hora-tv-y-formaciones-6.png 48w, http:\/\/economiapoliticacba.com\/wp-content\/uploads\/2024\/11\/belgrano-e-instituto-se-miden-en-alberdi-con-la-mejor-previa-de-showsport-hora-tv-y-formaciones-7.png 120w, http:\/\/economiapoliticacba.com\/wp-content\/uploads\/2024\/11\/belgrano-e-instituto-se-miden-en-alberdi-con-la-mejor-previa-de-showsport-hora-tv-y-formaciones-8.png 750w, http:\/\/economiapoliticacba.com\/wp-content\/uploads\/2024\/11\/belgrano-e-instituto-se-miden-en-alberdi-con-la-mejor-previa-de-showsport-hora-tv-y-formaciones-9.png 1140w\" sizes=\"(max-width: 1200px) 100vw, 1200px\"><figcaption class=\"wp-element-caption\">El \u00faltimo enfrentamiento entre Instituto y Belgrano.<\/figcaption><\/figure>\n<p>La \u00faltima vez que se enfrentaron fue el 2 de julio de 2023, por la fecha 22 de la Liga Profesional con&nbsp;<strong>victoria de Instituto<\/strong>&nbsp;por 1-0 en el Mario Alberto Kempes, con gol de Adri\u00e1n \u201cMaravilla\u201d Mart\u00ednez.<\/p>\n<p>Tanto Belgrano como Instituto no est\u00e1n en su mejor momento deportivo. La \u201cGloria\u201d gan\u00f3 uno de los \u00faltimo ocho partidos, mientras que el \u201cPirata\u201d sum\u00f3 dos victorias en ocho encuentros tambi\u00e9n.<\/p>\n<p>Probablemente Juan Cruz Real y Diego Dabove realicen algunas variantes y muevan fichas en el once inicial.<\/p>\n<h3 class=\"wp-block-heading\">Belgrano, con un cambio obligado<\/h3>\n<p>El DT Real est\u00e1 obligado a realizar un cambio con respecto a la formaci\u00f3n que viene de empatar con Banfield. El arquero Juan Esp\u00ednola fue citado para jugar las Eliminatorias para la selecci\u00f3n de Paraguay y no podr\u00e1 estar presente. En su lugar jugar\u00e1 Ignacio Chicco.<\/p>\n<p>Lo mismo pasa con Bryan Reyna, afectado por la Selecci\u00f3n de Per\u00fa. En su lugar ingresaron Ignacio Tapia y Mat\u00edas Su\u00e1rez, recuperado de su cuadro de Faringiamigdalitis.<\/p>\n<p>Por su parte, \u201cUvita\u201d Fern\u00e1ndez sigue sin aparecer en la n\u00f3mina ya que <a href=\"https:\/\/canalshowsport.com.ar\/uvita-fernandez-esta-lesionado-que-tiene-el-delantero\/\">padece una fisura en su pie<\/a>, mientras que tampoco aparece Mat\u00edas Mar\u00edn.<\/p>\n<p>Belgrano formar\u00eda con&nbsp;Ignacio Chicco; Gabriel Compagnucci, An\u00edbal Leguizam\u00f3n, Alejandro R\u00e9bola y Rafael Delgado; Francisco Gonz\u00e1lez Metilli, Esteban Rol\u00f3n, Facundo Quignon y Juan Vel\u00e1zquez; Bryan Reyna y Franco Jara.<\/p>\n<figure class=\"wp-block-image size-full\"><img loading=\"lazy\" decoding=\"async\" width=\"1150\" height=\"766\" alt=\"Belgrano e Instituto se miden en Alberdi, con la mejor previa de Showsport: hora, TV y formaciones | Canal Showsport\" class=\"wp-image-411787 lazyload\" data-sizes=\"(max-width: 1150px) 100vw, 1150px\" src=\"http:\/\/economiapoliticacba.com\/wp-content\/uploads\/2024\/11\/belgrano-e-instituto-se-miden-en-alberdi-con-la-mejor-previa-de-showsport-hora-tv-y-formaciones-1.png\" srcset=\"http:\/\/economiapoliticacba.com\/wp-content\/uploads\/2024\/11\/belgrano-e-instituto-se-miden-en-alberdi-con-la-mejor-previa-de-showsport-hora-tv-y-formaciones-1.png 1150w, http:\/\/economiapoliticacba.com\/wp-content\/uploads\/2024\/11\/belgrano-e-instituto-se-miden-en-alberdi-con-la-mejor-previa-de-showsport-hora-tv-y-formaciones-10.png 768w, http:\/\/economiapoliticacba.com\/wp-content\/uploads\/2024\/11\/belgrano-e-instituto-se-miden-en-alberdi-con-la-mejor-previa-de-showsport-hora-tv-y-formaciones-11.png 24w, http:\/\/economiapoliticacba.com\/wp-content\/uploads\/2024\/11\/belgrano-e-instituto-se-miden-en-alberdi-con-la-mejor-previa-de-showsport-hora-tv-y-formaciones-12.png 36w, http:\/\/economiapoliticacba.com\/wp-content\/uploads\/2024\/11\/belgrano-e-instituto-se-miden-en-alberdi-con-la-mejor-previa-de-showsport-hora-tv-y-formaciones-13.png 48w, http:\/\/economiapoliticacba.com\/wp-content\/uploads\/2024\/11\/belgrano-e-instituto-se-miden-en-alberdi-con-la-mejor-previa-de-showsport-hora-tv-y-formaciones-14.png 750w, http:\/\/economiapoliticacba.com\/wp-content\/uploads\/2024\/11\/belgrano-e-instituto-se-miden-en-alberdi-con-la-mejor-previa-de-showsport-hora-tv-y-formaciones-15.png 1140w\"><noscript><img loading=\"lazy\" decoding=\"async\" width=\"1150\" height=\"766\" src=\"http:\/\/economiapoliticacba.com\/wp-content\/uploads\/2024\/11\/belgrano-e-instituto-se-miden-en-alberdi-con-la-mejor-previa-de-showsport-hora-tv-y-formaciones-1.png\" alt=\"Belgrano e Instituto se miden en Alberdi, con la mejor previa de Showsport: hora, TV y formaciones | Canal Showsport\" class=\"wp-image-411787\" srcset=\"http:\/\/economiapoliticacba.com\/wp-content\/uploads\/2024\/11\/belgrano-e-instituto-se-miden-en-alberdi-con-la-mejor-previa-de-showsport-hora-tv-y-formaciones-1.png 1150w, http:\/\/economiapoliticacba.com\/wp-content\/uploads\/2024\/11\/belgrano-e-instituto-se-miden-en-alberdi-con-la-mejor-previa-de-showsport-hora-tv-y-formaciones-10.png 768w, http:\/\/economiapoliticacba.com\/wp-content\/uploads\/2024\/11\/belgrano-e-instituto-se-miden-en-alberdi-con-la-mejor-previa-de-showsport-hora-tv-y-formaciones-11.png 24w, http:\/\/economiapoliticacba.com\/wp-content\/uploads\/2024\/11\/belgrano-e-instituto-se-miden-en-alberdi-con-la-mejor-previa-de-showsport-hora-tv-y-formaciones-12.png 36w, http:\/\/economiapoliticacba.com\/wp-content\/uploads\/2024\/11\/belgrano-e-instituto-se-miden-en-alberdi-con-la-mejor-previa-de-showsport-hora-tv-y-formaciones-13.png 48w, http:\/\/economiapoliticacba.com\/wp-content\/uploads\/2024\/11\/belgrano-e-instituto-se-miden-en-alberdi-con-la-mejor-previa-de-showsport-hora-tv-y-formaciones-14.png 750w, http:\/\/economiapoliticacba.com\/wp-content\/uploads\/2024\/11\/belgrano-e-instituto-se-miden-en-alberdi-con-la-mejor-previa-de-showsport-hora-tv-y-formaciones-15.png 1140w\" sizes=\"(max-width: 1150px) 100vw, 1150px\"><\/noscript><figcaption class=\"wp-element-caption\"><em>Foto: Prensa Belgrano<\/em><\/figcaption><\/figure>\n<h3 class=\"wp-block-heading\">Instituto \u00bfRota?<\/h3>\n<p>El entrenador Dabove posiblemente realice alguna que otra variante, sobre todo con el regreso del central capit\u00e1n Fernando Alarc\u00f3n, qui\u00e9n sali\u00f3 sorpresivamente del once frente a River.<\/p>\n<p>Por su parte, el juvenil Dami\u00e1n Puebla evolucion\u00f3 bien luego del golpe que sufri\u00f3 ante el \u201cMillonario\u201d y aparece entre los convocados.<\/p>\n<p>Asimismo,&nbsp;Lautaro Carrera, Miguel Brizuela y Brahian Cuello no fueron citados e ingresaron en su lugar V\u00edctor Cabrera, Roberto Bochi y Jerem\u00edas L\u00e1zaro.<\/p>\n<p>Instituto saldr\u00eda con Manuel Roffo; Juan Franco o Giuliano Cerato; Gonzalo Requena, Fernando Alarc\u00f3n y Lucas Rodr\u00edguez; Dami\u00e1n Batallini, Nicol\u00e1s Dubersarsky, Gast\u00f3n Lodico y Dami\u00e1n Puebla; Gregorio Rodr\u00edguez y Facundo Su\u00e1rez o Ignacio Russo.<\/p>\n","protected":false},"excerpt":{"rendered":"<p>Belgrano e Instituto se enfrentan este lunes a las 21:00 horas, en el estadio Julio C\u00e9sar Villagra por la fecha 22 de la Liga Profesional de F\u00fatbol. El encargado de impartir justicia ser\u00e1 Yael Falc\u00f3n P\u00e9rez, mientras que el partido se podr\u00e1 ver por la se\u00f1al de TNT Sports. Pero lo mejor vendr\u00e1 antes, ya [&hellip;]<\/p>\n","protected":false},"author":1,"featured_media":31337,"comment_status":"closed","ping_status":"closed","sticky":false,"template":"","format":"standard","meta":{"om_disable_all_campaigns":false,"_monsterinsights_skip_tracking":false,"_monsterinsights_sitenote_active":false,"_monsterinsights_sitenote_note":"","_monsterinsights_sitenote_category":0},"categories":[16],"tags":[22,34,63,35,186],"aioseo_notices":[],"_links":{"self":[{"href":"https:\/\/economiapoliticacba.com\/index.php?rest_route=\/wp\/v2\/posts\/31336"}],"collection":[{"href":"https:\/\/economiapoliticacba.com\/index.php?rest_route=\/wp\/v2\/posts"}],"about":[{"href":"https:\/\/economiapoliticacba.com\/index.php?rest_route=\/wp\/v2\/types\/post"}],"author":[{"embeddable":true,"href":"https:\/\/economiapoliticacba.com\/index.php?rest_route=\/wp\/v2\/users\/1"}],"replies":[{"embeddable":true,"href":"https:\/\/economiapoliticacba.com\/index.php?rest_route=%2Fwp%2Fv2%2Fcomments&post=31336"}],"version-history":[{"count":0,"href":"https:\/\/economiapoliticacba.com\/index.php?rest_route=\/wp\/v2\/posts\/31336\/revisions"}],"wp:featuredmedia":[{"embeddable":true,"href":"https:\/\/economiapoliticacba.com\/index.php?rest_route=\/wp\/v2\/media\/31337"}],"wp:attachment":[{"href":"https:\/\/economiapoliticacba.com\/index.php?rest_route=%2Fwp%2Fv2%2Fmedia&parent=31336"}],"wp:term":[{"taxonomy":"category","embeddable":true,"href":"https:\/\/economiapoliticacba.com\/index.php?rest_route=%2Fwp%2Fv2%2Fcategories&post=31336"},{"taxonomy":"post_tag","embeddable":true,"href":"https:\/\/economiapoliticacba.com\/index.php?rest_route=%2Fwp%2Fv2%2Ftags&post=31336"}],"curies":[{"name":"wp","href":"https:\/\/api.w.org\/{rel}","templated":true}]}}