{"id":31220,"date":"2024-11-08T03:07:44","date_gmt":"2024-11-08T03:07:44","guid":{"rendered":"https:\/\/canalshowsport.com.ar\/?p=411147"},"modified":"2024-11-08T03:07:44","modified_gmt":"2024-11-08T03:07:44","slug":"alexander-medina-hay-que-estar-mas-tranquilos-que-nunca","status":"publish","type":"post","link":"https:\/\/economiapoliticacba.com\/?p=31220","title":{"rendered":"Alexander Medina: \u201cHay que estar m\u00e1s tranquilos que nunca\u201d"},"content":{"rendered":"<p>El <strong>\u201cCacique\u201d Medina <\/strong>se expres\u00f3 en conferencia de prensa luego de la <strong>derrota <\/strong>en condici\u00f3n de local frente a Lan\u00fas y as\u00ed fue su an\u00e1lisis: <\/p>\n<p><em>\u201cEn estas \u00faltimas jornadas Talleres mereci\u00f3 m\u00e1s. El rival elabor\u00f3 poco y se llev\u00f3 el triunfo. Hay mucho pesimismo, se nota, pero tenemos que dar la cara y seguir mejorando. Tenemos que hacer partido perfectos para llegar al triunfo. No estamos haciendo mal las cosas\u201d. <\/em><\/p>\n<p>Tambi\u00e9n le dej\u00f3 el mensaje a la hinchada,<em> \u201cHay mucha ansiedad en todos en querer coronar. En los hinchas y los jugadores. Como no voy a entender al hincha y a la gente que est\u00e1 \u00e1vida por lograr algo. Pero asimismo Talleres fue el equipo que menos perdi\u00f3 en todo el campeonato\u201d. <\/em><\/p>\n<figure class=\"wp-block-image size-full\"><img loading=\"lazy\" fetchpriority=\"high\" decoding=\"async\" width=\"1193\" height=\"891\" src=\"http:\/\/economiapoliticacba.com\/wp-content\/uploads\/2024\/11\/alexander-medina-hay-que-estar-mas-tranquilos-que-nunca.png\" alt=\"Alexander Medina: &quot;Hay que estar m\u00e1s tranquilos que nunca&quot; | Canal Showsport\" class=\"wp-image-411159\" srcset=\"http:\/\/economiapoliticacba.com\/wp-content\/uploads\/2024\/11\/alexander-medina-hay-que-estar-mas-tranquilos-que-nunca.png 1193w, http:\/\/economiapoliticacba.com\/wp-content\/uploads\/2024\/11\/alexander-medina-hay-que-estar-mas-tranquilos-que-nunca-1.png 768w, http:\/\/economiapoliticacba.com\/wp-content\/uploads\/2024\/11\/alexander-medina-hay-que-estar-mas-tranquilos-que-nunca-2.png 24w, http:\/\/economiapoliticacba.com\/wp-content\/uploads\/2024\/11\/alexander-medina-hay-que-estar-mas-tranquilos-que-nunca-3.png 36w, http:\/\/economiapoliticacba.com\/wp-content\/uploads\/2024\/11\/alexander-medina-hay-que-estar-mas-tranquilos-que-nunca-4.png 48w, http:\/\/economiapoliticacba.com\/wp-content\/uploads\/2024\/11\/alexander-medina-hay-que-estar-mas-tranquilos-que-nunca-5.png 750w, http:\/\/economiapoliticacba.com\/wp-content\/uploads\/2024\/11\/alexander-medina-hay-que-estar-mas-tranquilos-que-nunca-6.png 1140w\" sizes=\"(max-width: 1193px) 100vw, 1193px\"><\/figure>\n<p>Cerr\u00f3 analizando el presente de la \u201c<strong>T<\/strong>\u201c: <em>\u201cNo puedo vender espejitos de colores, no puedo venir ac\u00e1 y decir \u2018Vamos a salir campeones\u2019, hay que tener personalidad y no adelantarse al pr\u00f3ximo partido. Va a ser dif\u00edcil si no conseguimos regularidad\u201d.<\/em><\/p>\n<p class=\"has-medium-font-size\">+ <em><strong>No te pierdas: <a href=\"https:\/\/canalshowsport.com.ar\/cifra-preocupante-talleres-gano-dos-de-los-ultimos-ocho-partidos\/\">Cifra preocupante: Talleres gan\u00f3 dos de los \u00faltimos ocho partidos<\/a><\/strong><\/em><\/p>\n","protected":false},"excerpt":{"rendered":"<p>El \u201cCacique\u201d Medina se expres\u00f3 en conferencia de prensa luego de la derrota en condici\u00f3n de local frente a Lan\u00fas y as\u00ed fue su an\u00e1lisis: \u201cEn estas \u00faltimas jornadas Talleres mereci\u00f3 m\u00e1s. El rival elabor\u00f3 poco y se llev\u00f3 el triunfo. Hay mucho pesimismo, se nota, pero tenemos que dar la cara y seguir mejorando. [&hellip;]<\/p>\n","protected":false},"author":1,"featured_media":31221,"comment_status":"closed","ping_status":"closed","sticky":false,"template":"","format":"standard","meta":{"om_disable_all_campaigns":false,"_monsterinsights_skip_tracking":false,"_monsterinsights_sitenote_active":false,"_monsterinsights_sitenote_note":"","_monsterinsights_sitenote_category":0},"categories":[16],"tags":[125,30,34,35,36],"aioseo_notices":[],"_links":{"self":[{"href":"https:\/\/economiapoliticacba.com\/index.php?rest_route=\/wp\/v2\/posts\/31220"}],"collection":[{"href":"https:\/\/economiapoliticacba.com\/index.php?rest_route=\/wp\/v2\/posts"}],"about":[{"href":"https:\/\/economiapoliticacba.com\/index.php?rest_route=\/wp\/v2\/types\/post"}],"author":[{"embeddable":true,"href":"https:\/\/economiapoliticacba.com\/index.php?rest_route=\/wp\/v2\/users\/1"}],"replies":[{"embeddable":true,"href":"https:\/\/economiapoliticacba.com\/index.php?rest_route=%2Fwp%2Fv2%2Fcomments&post=31220"}],"version-history":[{"count":0,"href":"https:\/\/economiapoliticacba.com\/index.php?rest_route=\/wp\/v2\/posts\/31220\/revisions"}],"wp:featuredmedia":[{"embeddable":true,"href":"https:\/\/economiapoliticacba.com\/index.php?rest_route=\/wp\/v2\/media\/31221"}],"wp:attachment":[{"href":"https:\/\/economiapoliticacba.com\/index.php?rest_route=%2Fwp%2Fv2%2Fmedia&parent=31220"}],"wp:term":[{"taxonomy":"category","embeddable":true,"href":"https:\/\/economiapoliticacba.com\/index.php?rest_route=%2Fwp%2Fv2%2Fcategories&post=31220"},{"taxonomy":"post_tag","embeddable":true,"href":"https:\/\/economiapoliticacba.com\/index.php?rest_route=%2Fwp%2Fv2%2Ftags&post=31220"}],"curies":[{"name":"wp","href":"https:\/\/api.w.org\/{rel}","templated":true}]}}