{"id":31142,"date":"2024-11-06T01:15:00","date_gmt":"2024-11-06T01:15:00","guid":{"rendered":"https:\/\/canalshowsport.com.ar\/?p=410481"},"modified":"2024-11-06T01:15:00","modified_gmt":"2024-11-06T01:15:00","slug":"sin-uvita-los-citados-de-belgrano-en-la-visita-a-banfield","status":"publish","type":"post","link":"https:\/\/economiapoliticacba.com\/?p=31142","title":{"rendered":"Sin \u201cUvita\u201d: los citados de Belgrano en la visita a Banfield"},"content":{"rendered":"<div><img src=\"http:\/\/economiapoliticacba.com\/wp-content\/uploads\/2024\/11\/sin-uvita-los-citados-de-belgrano-en-la-visita-a-banfield.jpg\" class=\"ff-og-image-inserted\"><\/div>\n<p>El equipo dirigido por <strong>Juan Cruz Rea<\/strong>l enfrentar\u00e1 a Banfield, desde las 17hs de ma\u00f1ana. Nicol\u00e1s Lamolina ser\u00e1 el encargado de impartir justicia en el partido, y ser\u00e1 televisado por <em>ESPN Premium<\/em>.<\/p>\n<p>La novedad de este encuentro ser\u00e1 la ausencia de <strong>Nicol\u00e1s \u201cUvita\u201d Fern\u00e1ndez<\/strong>, quien es hoy uno de los mejores del plantel. En su lugar, el nuevo nombre en la lista es el de <strong>Franco Rami<\/strong>.<\/p>\n<blockquote class=\"instagram-media\" data-instgrm-captioned data-instgrm-permalink=\"https:\/\/www.instagram.com\/p\/DCAk8tkMlhj\/?utm_source=ig_embed&amp;utm_campaign=loading\" data-instgrm-version=\"14\" readability=\"0.035087719298246\"><\/blockquote>\n<p>Otro de los ausentes en la n\u00f3mina es<strong> Mat\u00edas Su\u00e1rez<\/strong>, ya que sigue en el proceso de recuperaci\u00f3n de su cuadro de Faringiamigdalitis. <\/p>\n<p class=\"has-medium-font-size\"><strong><em>+ Te puede interesar: <a href=\"https:\/\/canalshowsport.com.ar\/dos-jugadores-de-belgrano-convocados-a-la-seleccion-peruana\/\" data-type=\"link\" data-id=\"https:\/\/canalshowsport.com.ar\/dos-jugadores-de-belgrano-convocados-a-la-seleccion-peruana\/\">Bryan Reyna fue convocado a la selecci\u00f3n peruana<\/a><\/em><\/strong><\/p>\n<p>Repas\u00e1 todos los datos en la <strong>previa <\/strong>de una nueva jornada para el \u201cPirata\u201d: <\/p>\n","protected":false},"excerpt":{"rendered":"<p>El equipo dirigido por Juan Cruz Real enfrentar\u00e1 a Banfield, desde las 17hs de ma\u00f1ana. Nicol\u00e1s Lamolina ser\u00e1 el encargado de impartir justicia en el partido, y ser\u00e1 televisado por ESPN Premium. La novedad de este encuentro ser\u00e1 la ausencia de Nicol\u00e1s \u201cUvita\u201d Fern\u00e1ndez, quien es hoy uno de los mejores del plantel. En su [&hellip;]<\/p>\n","protected":false},"author":1,"featured_media":31143,"comment_status":"closed","ping_status":"closed","sticky":false,"template":"","format":"standard","meta":{"om_disable_all_campaigns":false,"_monsterinsights_skip_tracking":false,"_monsterinsights_sitenote_active":false,"_monsterinsights_sitenote_note":"","_monsterinsights_sitenote_category":0},"categories":[16],"tags":[125,22,30,34,35],"aioseo_notices":[],"_links":{"self":[{"href":"https:\/\/economiapoliticacba.com\/index.php?rest_route=\/wp\/v2\/posts\/31142"}],"collection":[{"href":"https:\/\/economiapoliticacba.com\/index.php?rest_route=\/wp\/v2\/posts"}],"about":[{"href":"https:\/\/economiapoliticacba.com\/index.php?rest_route=\/wp\/v2\/types\/post"}],"author":[{"embeddable":true,"href":"https:\/\/economiapoliticacba.com\/index.php?rest_route=\/wp\/v2\/users\/1"}],"replies":[{"embeddable":true,"href":"https:\/\/economiapoliticacba.com\/index.php?rest_route=%2Fwp%2Fv2%2Fcomments&post=31142"}],"version-history":[{"count":0,"href":"https:\/\/economiapoliticacba.com\/index.php?rest_route=\/wp\/v2\/posts\/31142\/revisions"}],"wp:featuredmedia":[{"embeddable":true,"href":"https:\/\/economiapoliticacba.com\/index.php?rest_route=\/wp\/v2\/media\/31143"}],"wp:attachment":[{"href":"https:\/\/economiapoliticacba.com\/index.php?rest_route=%2Fwp%2Fv2%2Fmedia&parent=31142"}],"wp:term":[{"taxonomy":"category","embeddable":true,"href":"https:\/\/economiapoliticacba.com\/index.php?rest_route=%2Fwp%2Fv2%2Fcategories&post=31142"},{"taxonomy":"post_tag","embeddable":true,"href":"https:\/\/economiapoliticacba.com\/index.php?rest_route=%2Fwp%2Fv2%2Ftags&post=31142"}],"curies":[{"name":"wp","href":"https:\/\/api.w.org\/{rel}","templated":true}]}}