{"id":30983,"date":"2024-11-01T18:05:18","date_gmt":"2024-11-01T18:05:18","guid":{"rendered":"https:\/\/canalshowsport.com.ar\/?p=409193"},"modified":"2024-11-01T18:05:18","modified_gmt":"2024-11-01T18:05:18","slug":"una-obra-maestra-de-van-gogh-llegara-a-cordoba-una-oportunidad-para-disfrutar-y-aprender","status":"publish","type":"post","link":"https:\/\/economiapoliticacba.com\/?p=30983","title":{"rendered":"Una obra maestra de Van Gogh llegar\u00e1 a C\u00f3rdoba: una oportunidad para disfrutar y aprender"},"content":{"rendered":"<p><strong>La Agencia C\u00f3rdoba Cultura, a trav\u00e9s de su presidente Ra\u00fal Sansica,&nbsp;<\/strong>confirm\u00f3 un acuerdo con el Museo Van Gogh de \u00c1msterdam. Gracias a esta colaboraci\u00f3n, la famosa obra&nbsp;<em><strong>\u201cAlmendro en flor\u201d&nbsp;<\/strong><\/em>estar\u00e1 en&nbsp;<strong>el Museo Emilio Caraffa<\/strong>&nbsp;desde el&nbsp;<strong>12 de diciembre hasta marzo de 2025<\/strong>. Esta es una gran oportunidad para que los cordobeses se acerquen a la obra de Van Gogh.<\/p>\n<figure class=\"wp-block-image\"><img decoding=\"async\" alt=\"Una obra maestra de Van Gogh llegar\u00e1 a C\u00f3rdoba: una oportunidad para disfrutar y aprender \u2022 Canal C\" class=\"wp-image-410396 lazyload\" src=\"http:\/\/economiapoliticacba.com\/wp-content\/uploads\/2024\/11\/una-obra-maestra-de-van-gogh-llegara-a-cordoba-una-oportunidad-para-disfrutar-y-aprender.jpg\"><noscript><img decoding=\"async\" src=\"http:\/\/economiapoliticacba.com\/wp-content\/uploads\/2024\/11\/una-obra-maestra-de-van-gogh-llegara-a-cordoba-una-oportunidad-para-disfrutar-y-aprender.jpg\" alt=\"Una obra maestra de Van Gogh llegar\u00e1 a C\u00f3rdoba: una oportunidad para disfrutar y aprender \u2022 Canal C\" class=\"wp-image-410396\"><\/noscript><\/figure>\n<p>Adem\u00e1s de la exposici\u00f3n, se presentar\u00e1 el programa educativo&nbsp;<em><strong>\u201cAl coraz\u00f3n del arte\u201d,&nbsp;<\/strong><\/em>basado en el proyecto internacional Heart for Art. Con el apoyo de DHL, esta iniciativa busca llevar el arte a comunidades con menos recursos culturales.&nbsp;<strong>El Museo Caraffa adaptar\u00e1 este programa para mostrar c\u00f3mo Van Gogh se relaciona con los artistas locales Jos\u00e9 Malanca y Fernando Fader, quienes compartieron enfoques similares en su arte.<\/strong><\/p>\n<p><strong>El 1 de noviembre, Gundy van Dijk, directora del proyecto, inaugurar\u00e1 un ciclo de capacitaci\u00f3n para docentes y profesionales de la educaci\u00f3n.&nbsp;<\/strong>Este programa no solo ense\u00f1ar\u00e1 t\u00e9cnicas art\u00edsticas, sino que tambi\u00e9n destacar\u00e1 la importancia de los museos en la educaci\u00f3n. Los participantes recibir\u00e1n 20 horas de capacitaci\u00f3n con puntaje docente.<\/p>\n<h4 class=\"wp-block-heading\">LEER TAMBI\u00c9N|&nbsp;<a href=\"https:\/\/canalc.com.ar\/cordoba-corazon-de-moda-2024-el-desfile-de-moda-circular\/\" target=\"_blank\" rel=\"noopener\">C\u00f3rdoba Coraz\u00f3n de Moda 2024: el desfile de moda circular<\/a><\/h4>\n<p>Este compromiso de la&nbsp;<strong>Agencia C\u00f3rdoba Cultura y del Museo Emilio Caraff<\/strong>a no solo busca democratizar el acceso a la cultura, sino tambi\u00e9n fortalecer el v\u00ednculo entre el<strong>&nbsp;patrimonio local y el legado universal de Van Gogh<\/strong>, haciendo del arte un puente entre generaciones y culturas.<\/p>\n","protected":false},"excerpt":{"rendered":"<p>La Agencia C\u00f3rdoba Cultura, a trav\u00e9s de su presidente Ra\u00fal Sansica,&nbsp;confirm\u00f3 un acuerdo con el Museo Van Gogh de \u00c1msterdam. Gracias a esta colaboraci\u00f3n, la famosa obra&nbsp;\u201cAlmendro en flor\u201d&nbsp;estar\u00e1 en&nbsp;el Museo Emilio Caraffa&nbsp;desde el&nbsp;12 de diciembre hasta marzo de 2025. Esta es una gran oportunidad para que los cordobeses se acerquen a la obra de [&hellip;]<\/p>\n","protected":false},"author":1,"featured_media":30984,"comment_status":"closed","ping_status":"closed","sticky":false,"template":"","format":"standard","meta":{"om_disable_all_campaigns":false,"_monsterinsights_skip_tracking":false,"_monsterinsights_sitenote_active":false,"_monsterinsights_sitenote_note":"","_monsterinsights_sitenote_category":0},"categories":[16],"tags":[27,30,2425,2426],"aioseo_notices":[],"_links":{"self":[{"href":"https:\/\/economiapoliticacba.com\/index.php?rest_route=\/wp\/v2\/posts\/30983"}],"collection":[{"href":"https:\/\/economiapoliticacba.com\/index.php?rest_route=\/wp\/v2\/posts"}],"about":[{"href":"https:\/\/economiapoliticacba.com\/index.php?rest_route=\/wp\/v2\/types\/post"}],"author":[{"embeddable":true,"href":"https:\/\/economiapoliticacba.com\/index.php?rest_route=\/wp\/v2\/users\/1"}],"replies":[{"embeddable":true,"href":"https:\/\/economiapoliticacba.com\/index.php?rest_route=%2Fwp%2Fv2%2Fcomments&post=30983"}],"version-history":[{"count":0,"href":"https:\/\/economiapoliticacba.com\/index.php?rest_route=\/wp\/v2\/posts\/30983\/revisions"}],"wp:featuredmedia":[{"embeddable":true,"href":"https:\/\/economiapoliticacba.com\/index.php?rest_route=\/wp\/v2\/media\/30984"}],"wp:attachment":[{"href":"https:\/\/economiapoliticacba.com\/index.php?rest_route=%2Fwp%2Fv2%2Fmedia&parent=30983"}],"wp:term":[{"taxonomy":"category","embeddable":true,"href":"https:\/\/economiapoliticacba.com\/index.php?rest_route=%2Fwp%2Fv2%2Fcategories&post=30983"},{"taxonomy":"post_tag","embeddable":true,"href":"https:\/\/economiapoliticacba.com\/index.php?rest_route=%2Fwp%2Fv2%2Ftags&post=30983"}],"curies":[{"name":"wp","href":"https:\/\/api.w.org\/{rel}","templated":true}]}}