{"id":3055,"date":"2022-12-01T13:38:54","date_gmt":"2022-12-01T13:38:54","guid":{"rendered":"https:\/\/canalshowsport.com.ar\/?p=254664"},"modified":"2022-12-01T13:38:54","modified_gmt":"2022-12-01T13:38:54","slug":"el-gobierno-promulgo-parcialmente-el-presupuesto-2023","status":"publish","type":"post","link":"https:\/\/economiapoliticacba.com\/?p=3055","title":{"rendered":"El Gobierno promulg\u00f3 parcialmente el Presupuesto 2023"},"content":{"rendered":"<div><img src=\"http:\/\/economiapoliticacba.com\/wp-content\/uploads\/2022\/12\/el-gobierno-promulgo-parcialmente-el-presupuesto-2023.webp\" class=\"ff-og-image-inserted\"><\/div>\n<p>El Gobierno promulg\u00f3 de manera parcial el Presupuesto para 2023, ya que dej\u00f3 afuera uno de los art\u00edculos de la ley, vinculado con las tarifas de energ\u00eda el\u00e9ctrica. La medida se formaliz\u00f3 por medio de un Decreto de Necesidad y Urgencia (DNU) publicado este jueves en el Bolet\u00edn Oficial.<\/p>\n<p>El art\u00edculo que no fue promulgado es el 89, que en uno de sus p\u00e1rrafos dispuso que &#8220;dado el car\u00e1cter de servicio p\u00fablico tanto de la distribuci\u00f3n como del transporte de la energ\u00eda el\u00e9ctrica, el Estado nacional y las jurisdicciones provinciales deber\u00e1n publicar, en un per\u00edodo no mayor a 90 d\u00edas, cuadros tarifarios que permitan a los distribuidores cumplir con las obligaciones resultantes del p\u00e1rrafo anterior.<\/p>\n<p>Ese texto &#8220;regula cuestiones vinculadas con los cuadros tarifarios, las cuales no se ajustan a los marcos regulatorios vigentes&#8221;, aclar\u00f3 el Poder Ejecutivo, para quien la &#8220;elaboraci\u00f3n, propuesta y ejecuci\u00f3n de la pol\u00edtica nacional en materia de energ\u00eda&#8221; resulta de su potestad.<\/p>\n<p>La Ley 27.701 de Presupuesto contempla un crecimiento de la econom\u00eda del 2% para el a\u00f1o pr\u00f3ximo, una inflaci\u00f3n del 60% y un total de gastos corrientes y de capital de casi $ 29 billones.<\/p>\n","protected":false},"excerpt":{"rendered":"<p>El Gobierno promulg\u00f3 de manera parcial el Presupuesto para 2023, ya que dej\u00f3 afuera uno de los art\u00edculos de la ley, vinculado con las tarifas de energ\u00eda el\u00e9ctrica. La medida se formaliz\u00f3 por medio de un Decreto de Necesidad y Urgencia (DNU) publicado este jueves en el Bolet\u00edn Oficial. El art\u00edculo que no fue promulgado [&hellip;]<\/p>\n","protected":false},"author":1,"featured_media":3056,"comment_status":"closed","ping_status":"closed","sticky":false,"template":"","format":"standard","meta":{"om_disable_all_campaigns":false,"_monsterinsights_skip_tracking":false,"_monsterinsights_sitenote_active":false,"_monsterinsights_sitenote_note":"","_monsterinsights_sitenote_category":0},"categories":[16],"tags":[27,316,317],"aioseo_notices":[],"_links":{"self":[{"href":"https:\/\/economiapoliticacba.com\/index.php?rest_route=\/wp\/v2\/posts\/3055"}],"collection":[{"href":"https:\/\/economiapoliticacba.com\/index.php?rest_route=\/wp\/v2\/posts"}],"about":[{"href":"https:\/\/economiapoliticacba.com\/index.php?rest_route=\/wp\/v2\/types\/post"}],"author":[{"embeddable":true,"href":"https:\/\/economiapoliticacba.com\/index.php?rest_route=\/wp\/v2\/users\/1"}],"replies":[{"embeddable":true,"href":"https:\/\/economiapoliticacba.com\/index.php?rest_route=%2Fwp%2Fv2%2Fcomments&post=3055"}],"version-history":[{"count":0,"href":"https:\/\/economiapoliticacba.com\/index.php?rest_route=\/wp\/v2\/posts\/3055\/revisions"}],"wp:featuredmedia":[{"embeddable":true,"href":"https:\/\/economiapoliticacba.com\/index.php?rest_route=\/wp\/v2\/media\/3056"}],"wp:attachment":[{"href":"https:\/\/economiapoliticacba.com\/index.php?rest_route=%2Fwp%2Fv2%2Fmedia&parent=3055"}],"wp:term":[{"taxonomy":"category","embeddable":true,"href":"https:\/\/economiapoliticacba.com\/index.php?rest_route=%2Fwp%2Fv2%2Fcategories&post=3055"},{"taxonomy":"post_tag","embeddable":true,"href":"https:\/\/economiapoliticacba.com\/index.php?rest_route=%2Fwp%2Fv2%2Ftags&post=3055"}],"curies":[{"name":"wp","href":"https:\/\/api.w.org\/{rel}","templated":true}]}}