{"id":30324,"date":"2024-10-07T02:50:56","date_gmt":"2024-10-07T02:50:56","guid":{"rendered":"https:\/\/canalshowsport.com.ar\/?p=403848"},"modified":"2024-10-07T02:50:56","modified_gmt":"2024-10-07T02:50:56","slug":"juan-rodriguez-picante-contra-belgrano-hace-18-anos-que-no-nos-ganan","status":"publish","type":"post","link":"https:\/\/economiapoliticacba.com\/?p=30324","title":{"rendered":"Juan Rodr\u00edguez picante contra Belgrano: \u201cHace 18 a\u00f1os que no nos ganan\u201d"},"content":{"rendered":"<p>Una vez finalizado el cl\u00e1sico cordob\u00e9s, tanto los jugadores de <strong>Talleres <\/strong>como los de <strong>Belgrano <\/strong>salieron al cruce por el partido disputado en el Kempes.<\/p>\n<p>Los primeros en encender la pol\u00e9mica fueron los <a href=\"https:\/\/canalshowsport.com.ar\/video-los-polemicos-gestos-de-los-jugadores-de-belgrano-con-la-hinchada-albiazul\/\">futbolistas del \u201cPirata\u201d, entre ellos&nbsp;Franco Jara, que se retir\u00f3 del estadio simulando tener fr\u00edo.<\/a><\/p>\n<figure class=\"wp-block-image size-full\"><img loading=\"lazy\" fetchpriority=\"high\" decoding=\"async\" width=\"1200\" height=\"851\" src=\"http:\/\/economiapoliticacba.com\/wp-content\/uploads\/2024\/10\/juan-rodriguez-picante-contra-belgrano-hace-18-anos-que-no-nos-ganan.png\" alt=\"Juan Rodr\u00edguez picante contra Belgrano: &quot;Hace 18 a\u00f1os que no nos ganan&quot; | Canal Showsport\" class=\"wp-image-403817\" srcset=\"http:\/\/economiapoliticacba.com\/wp-content\/uploads\/2024\/10\/juan-rodriguez-picante-contra-belgrano-hace-18-anos-que-no-nos-ganan.png 1200w, http:\/\/economiapoliticacba.com\/wp-content\/uploads\/2024\/10\/juan-rodriguez-picante-contra-belgrano-hace-18-anos-que-no-nos-ganan-2.png 768w, http:\/\/economiapoliticacba.com\/wp-content\/uploads\/2024\/10\/juan-rodriguez-picante-contra-belgrano-hace-18-anos-que-no-nos-ganan-3.png 24w, http:\/\/economiapoliticacba.com\/wp-content\/uploads\/2024\/10\/juan-rodriguez-picante-contra-belgrano-hace-18-anos-que-no-nos-ganan-4.png 36w, http:\/\/economiapoliticacba.com\/wp-content\/uploads\/2024\/10\/juan-rodriguez-picante-contra-belgrano-hace-18-anos-que-no-nos-ganan-5.png 48w, http:\/\/economiapoliticacba.com\/wp-content\/uploads\/2024\/10\/juan-rodriguez-picante-contra-belgrano-hace-18-anos-que-no-nos-ganan-6.png 120w, http:\/\/economiapoliticacba.com\/wp-content\/uploads\/2024\/10\/juan-rodriguez-picante-contra-belgrano-hace-18-anos-que-no-nos-ganan-7.png 750w, http:\/\/economiapoliticacba.com\/wp-content\/uploads\/2024\/10\/juan-rodriguez-picante-contra-belgrano-hace-18-anos-que-no-nos-ganan-8.png 1140w\" sizes=\"(max-width: 1200px) 100vw, 1200px\"><figcaption class=\"wp-element-caption\"><em>Foto: Prensa Belgrano<\/em><\/figcaption><\/figure>\n<p>Sin embargo, el otro que no se guard\u00f3 nada, fue el defensor de la \u201cT\u201d, <strong>Juan Rodr\u00edguez<\/strong>, qui\u00e9n en zona mixta dispar\u00f3 contra el club de Alberdi.<\/p>\n<p><em>\u201cObviamente que podr\u00edamos haber ganado, pero hay una realidad y es que ellos&nbsp;hace 18 a\u00f1os que no nos ganan,&nbsp;entonces no es tan f\u00e1cil ir y ganar un partido as\u00ed porque s\u00ed. Ellos se tiraron atr\u00e1s, cerraron las l\u00edneas y se hizo muy dif\u00edcil\u201d<\/em>, sentenci\u00f3 el zaguero.<\/p>\n<p>Por su parte, se refiri\u00f3 a la \u00faltima del partido, que casi termina en gol de Pablo Chavarr\u00eda: <em>\u201cLo primero que pens\u00e9 es que lo erre. Era lo \u00fanico que nos faltaba, perder un partido as\u00ed. Met\u00ed un \u201ckiricocho\u201d&nbsp;y de todo. Quedaba&nbsp;confiar en Guido (Herrera), que es un gran arquero\u201d,<\/em><\/p>\n<blockquote class=\"twitter-tweet\" data-media-max-width=\"560\" readability=\"9.1509971509972\">\n<p lang=\"es\" dir=\"ltr\">\ud83d\ude33 &#8220;ELLOS HACE 18 A\u00d1OS QUE NO NOS GANAN. NO ES TAN F\u00c1CIL&#8221;<\/p>\n<p>\ud83c\udff4&amp;#917607;&amp;#917602;&amp;#917619;&amp;#917603;&amp;#917620;&amp;#917631; El descargo de Juan Gabriel Rodr\u00edguez, defensor de <a href=\"https:\/\/twitter.com\/hashtag\/Talleres?src=hash&amp;ref_src=twsrc%5Etfw\" target=\"_blank\" rel=\"noopener\">#Talleres<\/a>, sobre lo que pas\u00f3 en la cancha y una frase particular del cl\u00e1sico ante <a href=\"https:\/\/twitter.com\/hashtag\/Belgrano?src=hash&amp;ref_src=twsrc%5Etfw\" target=\"_blank\" rel=\"noopener\">#Belgrano<\/a>. <a href=\"https:\/\/t.co\/lL0jFkbmPn\" target=\"_blank\" rel=\"noopener\">pic.twitter.com\/lL0jFkbmPn<\/a><\/p>\n<p>\u2014 La Mesa del F\u00fatbol (@mesadelfutbolok) <a href=\"https:\/\/twitter.com\/mesadelfutbolok\/status\/1843065647556960593?ref_src=twsrc%5Etfw\" target=\"_blank\" rel=\"noopener\">October 6, 2024<\/a><\/p><\/blockquote>\n<p>Otro de los que habl\u00f3 fue&nbsp;<strong>Gast\u00f3n Benav\u00eddez<\/strong>, y se refiri\u00f3 al planteo del equipo de Juan Cruz Real. <em>\u201cNos queda&nbsp;sabor amargo porque perdimos dos puntos de local. Ellos desde un principio buscaron el empate, nunca quisieron ganarlo\u201d.<\/em><\/p>\n<blockquote class=\"twitter-tweet\" data-media-max-width=\"560\" readability=\"8.5251798561151\">\n<p lang=\"es\" dir=\"ltr\">\ud83d\udde3\ufe0f \u201cDESDE UN PRINCIPIO VINIERON A BUSCAR EL EMPATE, NUNCA QUISIERON GANARLO\u201d<\/p>\n<p>\ud83c\udff4&amp;#917607;&amp;#917602;&amp;#917619;&amp;#917603;&amp;#917620;&amp;#917631; Gast\u00f3n Benavidez, picant\u00edsimo post empate en el MAK. <a href=\"https:\/\/t.co\/yjdLipdwAQ\" target=\"_blank\" rel=\"noopener\">pic.twitter.com\/yjdLipdwAQ<\/a><\/p>\n<p>\u2014 Algarabia Deportiva (@AlgarabiaD) <a href=\"https:\/\/twitter.com\/AlgarabiaD\/status\/1843066529279308104?ref_src=twsrc%5Etfw\" target=\"_blank\" rel=\"noopener\">October 6, 2024<\/a><\/p><\/blockquote>\n","protected":false},"excerpt":{"rendered":"<p>Una vez finalizado el cl\u00e1sico cordob\u00e9s, tanto los jugadores de Talleres como los de Belgrano salieron al cruce por el partido disputado en el Kempes. Los primeros en encender la pol\u00e9mica fueron los futbolistas del \u201cPirata\u201d, entre ellos&nbsp;Franco Jara, que se retir\u00f3 del estadio simulando tener fr\u00edo. Foto: Prensa Belgrano Sin embargo, el otro que [&hellip;]<\/p>\n","protected":false},"author":1,"featured_media":30325,"comment_status":"closed","ping_status":"closed","sticky":false,"template":"","format":"standard","meta":{"om_disable_all_campaigns":false,"_monsterinsights_skip_tracking":false,"_monsterinsights_sitenote_active":false,"_monsterinsights_sitenote_note":"","_monsterinsights_sitenote_category":0},"categories":[16],"tags":[22,30,911,35,36],"aioseo_notices":[],"_links":{"self":[{"href":"https:\/\/economiapoliticacba.com\/index.php?rest_route=\/wp\/v2\/posts\/30324"}],"collection":[{"href":"https:\/\/economiapoliticacba.com\/index.php?rest_route=\/wp\/v2\/posts"}],"about":[{"href":"https:\/\/economiapoliticacba.com\/index.php?rest_route=\/wp\/v2\/types\/post"}],"author":[{"embeddable":true,"href":"https:\/\/economiapoliticacba.com\/index.php?rest_route=\/wp\/v2\/users\/1"}],"replies":[{"embeddable":true,"href":"https:\/\/economiapoliticacba.com\/index.php?rest_route=%2Fwp%2Fv2%2Fcomments&post=30324"}],"version-history":[{"count":0,"href":"https:\/\/economiapoliticacba.com\/index.php?rest_route=\/wp\/v2\/posts\/30324\/revisions"}],"wp:featuredmedia":[{"embeddable":true,"href":"https:\/\/economiapoliticacba.com\/index.php?rest_route=\/wp\/v2\/media\/30325"}],"wp:attachment":[{"href":"https:\/\/economiapoliticacba.com\/index.php?rest_route=%2Fwp%2Fv2%2Fmedia&parent=30324"}],"wp:term":[{"taxonomy":"category","embeddable":true,"href":"https:\/\/economiapoliticacba.com\/index.php?rest_route=%2Fwp%2Fv2%2Fcategories&post=30324"},{"taxonomy":"post_tag","embeddable":true,"href":"https:\/\/economiapoliticacba.com\/index.php?rest_route=%2Fwp%2Fv2%2Ftags&post=30324"}],"curies":[{"name":"wp","href":"https:\/\/api.w.org\/{rel}","templated":true}]}}