{"id":28100,"date":"2024-08-16T15:00:25","date_gmt":"2024-08-16T15:00:25","guid":{"rendered":"https:\/\/canalshowsport.com.ar\/?p=391980"},"modified":"2024-08-16T15:00:25","modified_gmt":"2024-08-16T15:00:25","slug":"tomas-palacios-es-seguido-por-un-grande-de-italia","status":"publish","type":"post","link":"https:\/\/economiapoliticacba.com\/?p=28100","title":{"rendered":"Tom\u00e1s Palacios es seguido por un grande de Italia"},"content":{"rendered":"<p>El mercado de pases en Europa sigue activo y en las \u00faltimas horas, se corre un inter\u00e9s por Tom\u00e1s Palacios en la capital italiana. <\/p>\n<p>El central que pertenece a Talleres pero que se encuentra sumando minutos en Independiente Rivadavia, tiene conversaciones avanzadas con Inter. Seg\u00fan inform\u00f3 el periodista Fabrizio Romano, las negociaciones est\u00e1n en marcha con el club due\u00f1o del pase (Talleres), que pretende una plusval\u00eda ante una futura venta.<\/p>\n<div class=\"wp-block-image\">\n<figure class=\"aligncenter size-full\"><img loading=\"lazy\" fetchpriority=\"high\" decoding=\"async\" width=\"996\" height=\"560\" src=\"http:\/\/economiapoliticacba.com\/wp-content\/uploads\/2024\/08\/tomas-palacios-es-seguido-por-un-grande-de-italia.jpg\" alt=\"Tom\u00e1s Palacios es seguido por un grande de Italia | Canal Showsport\" class=\"wp-image-391985\" srcset=\"http:\/\/economiapoliticacba.com\/wp-content\/uploads\/2024\/08\/tomas-palacios-es-seguido-por-un-grande-de-italia.jpg 996w, http:\/\/economiapoliticacba.com\/wp-content\/uploads\/2024\/08\/tomas-palacios-es-seguido-por-un-grande-de-italia-1.jpg 768w, http:\/\/economiapoliticacba.com\/wp-content\/uploads\/2024\/08\/tomas-palacios-es-seguido-por-un-grande-de-italia-2.jpg 24w, http:\/\/economiapoliticacba.com\/wp-content\/uploads\/2024\/08\/tomas-palacios-es-seguido-por-un-grande-de-italia-3.jpg 36w, http:\/\/economiapoliticacba.com\/wp-content\/uploads\/2024\/08\/tomas-palacios-es-seguido-por-un-grande-de-italia-4.jpg 48w, http:\/\/economiapoliticacba.com\/wp-content\/uploads\/2024\/08\/tomas-palacios-es-seguido-por-un-grande-de-italia-5.jpg 750w\" sizes=\"(max-width: 996px) 100vw, 996px\"><figcaption class=\"wp-element-caption\">Foto: Prensa Talleres<\/figcaption><\/figure>\n<\/div>\n<p>Vale resaltar que el futbolista est\u00e1 bajo un precio aproximado de 500mil de euros y tiene contrato hasta diciembre de 2025 con el \u2018Matador\u2019.<\/p>\n<h5 class=\"wp-block-heading\">+ Te puede interesar: <a href=\"https:\/\/canalshowsport.com.ar\/las-matadoras-van-por-una-nueva-victoria-ante-lima\/\" data-type=\"link\" data-id=\"https:\/\/canalshowsport.com.ar\/las-matadoras-van-por-una-nueva-victoria-ante-lima\/\">Las \u2018Matadoras\u2019 van por una nueva victoria ante Lima FC<\/a><\/h5>\n<p>Antes de llegar a Independiente Rivadavia, su paso por el club cordob\u00e9s se destaca por haber sumado 1.757\u2032 minutos en ocho partidos con el plantel superior. <\/p>\n","protected":false},"excerpt":{"rendered":"<p>El mercado de pases en Europa sigue activo y en las \u00faltimas horas, se corre un inter\u00e9s por Tom\u00e1s Palacios en la capital italiana. El central que pertenece a Talleres pero que se encuentra sumando minutos en Independiente Rivadavia, tiene conversaciones avanzadas con Inter. Seg\u00fan inform\u00f3 el periodista Fabrizio Romano, las negociaciones est\u00e1n en marcha [&hellip;]<\/p>\n","protected":false},"author":1,"featured_media":28101,"comment_status":"closed","ping_status":"closed","sticky":false,"template":"","format":"standard","meta":{"om_disable_all_campaigns":false,"_monsterinsights_skip_tracking":false,"_monsterinsights_sitenote_active":false,"_monsterinsights_sitenote_note":"","_monsterinsights_sitenote_category":0},"categories":[16],"tags":[2005,454,1107,36,2306],"aioseo_notices":[],"_links":{"self":[{"href":"https:\/\/economiapoliticacba.com\/index.php?rest_route=\/wp\/v2\/posts\/28100"}],"collection":[{"href":"https:\/\/economiapoliticacba.com\/index.php?rest_route=\/wp\/v2\/posts"}],"about":[{"href":"https:\/\/economiapoliticacba.com\/index.php?rest_route=\/wp\/v2\/types\/post"}],"author":[{"embeddable":true,"href":"https:\/\/economiapoliticacba.com\/index.php?rest_route=\/wp\/v2\/users\/1"}],"replies":[{"embeddable":true,"href":"https:\/\/economiapoliticacba.com\/index.php?rest_route=%2Fwp%2Fv2%2Fcomments&post=28100"}],"version-history":[{"count":0,"href":"https:\/\/economiapoliticacba.com\/index.php?rest_route=\/wp\/v2\/posts\/28100\/revisions"}],"wp:featuredmedia":[{"embeddable":true,"href":"https:\/\/economiapoliticacba.com\/index.php?rest_route=\/wp\/v2\/media\/28101"}],"wp:attachment":[{"href":"https:\/\/economiapoliticacba.com\/index.php?rest_route=%2Fwp%2Fv2%2Fmedia&parent=28100"}],"wp:term":[{"taxonomy":"category","embeddable":true,"href":"https:\/\/economiapoliticacba.com\/index.php?rest_route=%2Fwp%2Fv2%2Fcategories&post=28100"},{"taxonomy":"post_tag","embeddable":true,"href":"https:\/\/economiapoliticacba.com\/index.php?rest_route=%2Fwp%2Fv2%2Ftags&post=28100"}],"curies":[{"name":"wp","href":"https:\/\/api.w.org\/{rel}","templated":true}]}}