{"id":28060,"date":"2024-08-15T17:02:59","date_gmt":"2024-08-15T17:02:59","guid":{"rendered":"https:\/\/canalshowsport.com.ar\/?p=391765"},"modified":"2024-08-15T17:02:59","modified_gmt":"2024-08-15T17:02:59","slug":"dia-de-la-ninez-eventos-gratuitos-para-disfrutar-en-cordoba-y-el-interior","status":"publish","type":"post","link":"https:\/\/economiapoliticacba.com\/?p=28060","title":{"rendered":"D\u00eda de la ni\u00f1ez: eventos gratuitos para disfrutar en C\u00f3rdoba y el interior"},"content":{"rendered":"<p>Cada tercer domingo de agosto se conmemora en Argentina el<strong>&nbsp;D\u00eda de las Infancias<\/strong>&nbsp;o de la&nbsp;<strong>Ni\u00f1ez<\/strong>, para homenajear a los ni\u00f1os y ni\u00f1as de la casa, para remarcar la importancia de una infancia libre de violencia, de trabajo forzoso, del derecho a la educaci\u00f3n y al juego. Hist\u00f3ricamente se regalan juguetes o se asiste a actividades de diversi\u00f3n y entretenimiento.<\/p>\n<p>A pocos d\u00edas de esta fecha, compilamos una serie de invitaciones gratuitas o muy econ\u00f3micas para disfrutar tanto en<strong>&nbsp;C\u00f3rdoba Capital<\/strong>&nbsp;como en el&nbsp;<strong>interior&nbsp;<\/strong>provincial.<\/p>\n<h2 class=\"wp-block-heading\"><strong>Mes de las infancias en C\u00f3rdoba Capital<\/strong><\/h2>\n<p>La Municipalidad de C\u00f3rdoba viene realizando desde hace algunos d\u00edas distintas actividades. Algunas de ellas son:<\/p>\n<p><strong>\u2022 VIERNES 16<\/strong><\/p>\n<p>\u2013&nbsp;<strong>Hospital Infantil<\/strong>, de 9:00 a 12:00 horas se realizar\u00e1 un&nbsp;<strong>taller de Pintura libre<\/strong>; de 9.30 a 12&nbsp;<strong>Jornada deportiva;<\/strong>&nbsp;de 10:00 a 11:00 horas<strong>&nbsp;taller musical \u201cMelod\u00eda reciclada\u201d<\/strong>. Adem\u00e1s de 10:00 a 12:00\u202fhabr\u00e1 un Stand de Dengue y a desde las 10.30 a 11:00\u202funa obra de t\u00edteres \u201cAl Dengue le doy merengue\u201d por&nbsp;<strong>\u00abT\u00edteres Marotte en Fuga\u00bb<\/strong>&nbsp;en el hall central. A las 11:00 y hasta las 12:00 horas se realizar\u00e1 un&nbsp;<strong>Bingo Infantil&nbsp;<\/strong>en consultorios externos.<\/p>\n<p><strong>\u2022 S\u00c1BADO 17<\/strong><\/p>\n<p>\u2013 El ente&nbsp;<a href=\"https:\/\/biocordoba.cordoba.gob.ar\/\" target=\"_blank\" rel=\"noopener\">Bioc\u00f3rdoba&nbsp;<\/a>recibir\u00e1 a ni\u00f1os de barrios alejados del centro de la ciudad quienes visitar\u00e1n y recorrer\u00e1n el&nbsp;<strong>Parque de la Biodiversidad<\/strong>&nbsp;y disfrutar\u00e1n de los juegos del&nbsp;<strong>Superpark del Parque Sarmiento<\/strong>.<\/p>\n<p><a href=\"https:\/\/canalc.com.ar\/actividades-festejos-y-celebraciones-barriales-por-el-mes-de-las-infancias\/\" target=\"_blank\" rel=\"noopener\"><strong>Consult\u00e1 en este link todas las actividades<\/strong><\/a>&nbsp;que ofrece la ciudad de C\u00f3rdoba durante todo el mes de agosto.<\/p>\n<figure class=\"wp-block-image\"><img decoding=\"async\" alt=\"D\u00eda de la ni\u00f1ez: eventos gratuitos para disfrutar en C\u00f3rdoba y el interior \u2022 Canal C\" class=\"wp-image-397343 lazyload\" src=\"http:\/\/economiapoliticacba.com\/wp-content\/uploads\/2024\/08\/dia-de-la-ninez-eventos-gratuitos-para-disfrutar-en-cordoba-y-el-interior.png\"><noscript><img decoding=\"async\" src=\"http:\/\/economiapoliticacba.com\/wp-content\/uploads\/2024\/08\/dia-de-la-ninez-eventos-gratuitos-para-disfrutar-en-cordoba-y-el-interior.png\" alt=\"D\u00eda de la ni\u00f1ez: eventos gratuitos para disfrutar en C\u00f3rdoba y el interior \u2022 Canal C\" class=\"wp-image-397343\"><\/noscript><\/figure>\n<h3 class=\"wp-block-heading\">AGENDA INFANTIL |&nbsp;<a href=\"https:\/\/canalc.com.ar\/la-calera-dia-del-nino-kermes\/\" target=\"_blank\" rel=\"noopener\"><strong>La Calera se prepara para celebrar el D\u00eda de la Ni\u00f1ez con una gran kerm\u00e9s<\/strong><\/a><\/h3>\n<h2 class=\"wp-block-heading\"><strong>Carlos Paz<\/strong><\/h2>\n<p>El domingo en el horario de<strong>&nbsp;14 a 18 horas<\/strong>&nbsp;se llevar\u00e1 a cabo el festejo especial llamado<strong>&nbsp;\u201cCampeones del mundo\u201d<\/strong>&nbsp;en el&nbsp;<strong>Parque de Asistencia del Rally<\/strong>, con&nbsp;<strong>entrada libre y gratuita<\/strong>, para toda la familia. La tem\u00e1tica futbolera tendr\u00e1 diferentes actividades y entretenimientos con juegos y m\u00fasica, con una decoraci\u00f3n inspirada en la Selecci\u00f3n Argentina. Se entregar\u00e1n&nbsp;<strong>premios, golosinas y juguetes<\/strong>&nbsp;a cada ni\u00f1o que asista. Tambi\u00e9n participar\u00e1n las diferentes instituciones de Carlos Paz, con diversos n\u00fameros musicales, circo, acrobacias, baile, la participaci\u00f3n de peluqueros solidarios con cortes gratuitos, entre otros.<\/p>\n<p>Tambi\u00e9n se desarrollar\u00e1, desde las 16 horas, el&nbsp;<strong>Desfile de Los Caporales de Bolivia<\/strong>&nbsp;en el sector de la costanera cercano al&nbsp;<strong>Parque de Asistencia<\/strong>. Se har\u00e1 un desfile y recorrido tradicional con espect\u00e1culo de danza y m\u00fasica a cargo de los Caporales de Sucre. Adem\u00e1s se presentar\u00e1 en el evento, el ballet de ni\u00f1os del Departamento de folklore, habr\u00e1 batucada con elementos reciclados y freestyle de f\u00fatbol con los campeones nacionales.<\/p>\n<h2 class=\"wp-block-heading\"><strong>Villa Mar\u00eda<\/strong><\/h2>\n<p>En la ciudad de Villa Mar\u00eda la invitaci\u00f3n es para el&nbsp;<strong>\u201cFestival de las Infancias\u201d<\/strong>&nbsp;que se har\u00e1 tambi\u00e9n el domingo 18 en el Parque de la Vida, desde las<strong>&nbsp;14 horas<\/strong>&nbsp;con&nbsp;<strong>entrada libre y gratuita<\/strong>. La propuesta es acercarse a participar de los diversos espacios l\u00fadicos y art\u00edsticos que formar\u00e1n parte de la propuesta. Tambi\u00e9n se presentar\u00e1 en el Teatrino del Subnivel, el grupo&nbsp;<strong>\u201cTres Tigres Teatro\u201d<\/strong>.<\/p>\n<h2 class=\"wp-block-heading\">R\u00edo Cuarto<\/h2>\n<p>La propuesta del gobierno riocuartense tendr\u00e1 varias ubicaciones: los vecinos podr\u00e1n acercarse al&nbsp;<strong>Parque Sarmiento, el Lago Villa Dalcar, el Parque Andino, el CGM Alberdi y el Parque Sur.<\/strong>&nbsp;Habr\u00e1 actividades deportivas, art\u00edsticas y l\u00fadicas para los m\u00e1s chiquitos de la casa. Tambi\u00e9n,&nbsp;<strong>con acceso libre y gratuito<\/strong>.<\/p>\n<p>Participar\u00e1n grupos como Circo en Acci\u00f3n, murga de Tobar Garc\u00eda; Papelnonos; Flor y los Musipeques; Teatro El Chifl\u00f3n; Alma Aluen; Iris Mar\u00eda Cuentacuentos y muchos m\u00e1s.<\/p>\n<blockquote class=\"instagram-media\" data-instgrm-captioned data-instgrm-permalink=\"https:\/\/www.instagram.com\/p\/C-sRKrduiAz\/?utm_source=ig_embed&amp;utm_campaign=loading\" data-instgrm-version=\"14\" readability=\"-0.18918918918919\"><\/blockquote>\n","protected":false},"excerpt":{"rendered":"<p>Cada tercer domingo de agosto se conmemora en Argentina el&nbsp;D\u00eda de las Infancias&nbsp;o de la&nbsp;Ni\u00f1ez, para homenajear a los ni\u00f1os y ni\u00f1as de la casa, para remarcar la importancia de una infancia libre de violencia, de trabajo forzoso, del derecho a la educaci\u00f3n y al juego. Hist\u00f3ricamente se regalan juguetes o se asiste a actividades [&hellip;]<\/p>\n","protected":false},"author":1,"featured_media":28061,"comment_status":"closed","ping_status":"closed","sticky":false,"template":"","format":"standard","meta":{"om_disable_all_campaigns":false,"_monsterinsights_skip_tracking":false,"_monsterinsights_sitenote_active":false,"_monsterinsights_sitenote_note":"","_monsterinsights_sitenote_category":0},"categories":[16],"tags":[27,30,2303,2304],"aioseo_notices":[],"_links":{"self":[{"href":"https:\/\/economiapoliticacba.com\/index.php?rest_route=\/wp\/v2\/posts\/28060"}],"collection":[{"href":"https:\/\/economiapoliticacba.com\/index.php?rest_route=\/wp\/v2\/posts"}],"about":[{"href":"https:\/\/economiapoliticacba.com\/index.php?rest_route=\/wp\/v2\/types\/post"}],"author":[{"embeddable":true,"href":"https:\/\/economiapoliticacba.com\/index.php?rest_route=\/wp\/v2\/users\/1"}],"replies":[{"embeddable":true,"href":"https:\/\/economiapoliticacba.com\/index.php?rest_route=%2Fwp%2Fv2%2Fcomments&post=28060"}],"version-history":[{"count":0,"href":"https:\/\/economiapoliticacba.com\/index.php?rest_route=\/wp\/v2\/posts\/28060\/revisions"}],"wp:featuredmedia":[{"embeddable":true,"href":"https:\/\/economiapoliticacba.com\/index.php?rest_route=\/wp\/v2\/media\/28061"}],"wp:attachment":[{"href":"https:\/\/economiapoliticacba.com\/index.php?rest_route=%2Fwp%2Fv2%2Fmedia&parent=28060"}],"wp:term":[{"taxonomy":"category","embeddable":true,"href":"https:\/\/economiapoliticacba.com\/index.php?rest_route=%2Fwp%2Fv2%2Fcategories&post=28060"},{"taxonomy":"post_tag","embeddable":true,"href":"https:\/\/economiapoliticacba.com\/index.php?rest_route=%2Fwp%2Fv2%2Ftags&post=28060"}],"curies":[{"name":"wp","href":"https:\/\/api.w.org\/{rel}","templated":true}]}}