{"id":2720,"date":"2022-11-22T17:01:09","date_gmt":"2022-11-22T17:01:09","guid":{"rendered":"https:\/\/canalshowsport.com.ar\/?p=253168"},"modified":"2022-11-22T17:01:09","modified_gmt":"2022-11-22T17:01:09","slug":"organizaciones-sociales-marchan-por-trabajo-y-aumento-del-salario","status":"publish","type":"post","link":"https:\/\/economiapoliticacba.com\/?p=2720","title":{"rendered":"Organizaciones sociales marchan por trabajo y aumento del salario"},"content":{"rendered":"<p>Organizaciones sociales y partidos pol\u00edticos que integran el bloque de Unidad Piquetera en C\u00f3rdoba se movilizan en la ma\u00f1ana de este martes por las calles c\u00e9ntricas de esta capital, en el marco de una jornada nacional de protesta que coincide con la reuni\u00f3n del Consejo del Salario.<\/p>\n<figure class=\"wp-block-image size-full\"><img loading=\"lazy\" decoding=\"async\" width=\"1280\" height=\"1280\" alt=\"Organizaciones sociales marchan por trabajo y aumento del salario | Canal Showsport\" data-sizes=\"(max-width: 1280px) 100vw, 1280px\" class=\"wp-image-253171 lazyload\" src=\"http:\/\/economiapoliticacba.com\/wp-content\/uploads\/2022\/11\/organizaciones-sociales-marchan-por-trabajo-y-aumento-del-salario.png\" srcset=\"http:\/\/economiapoliticacba.com\/wp-content\/uploads\/2022\/11\/organizaciones-sociales-marchan-por-trabajo-y-aumento-del-salario.png 1280w, http:\/\/economiapoliticacba.com\/wp-content\/uploads\/2022\/11\/organizaciones-sociales-marchan-por-trabajo-y-aumento-del-salario-1.png 768w, http:\/\/economiapoliticacba.com\/wp-content\/uploads\/2022\/11\/organizaciones-sociales-marchan-por-trabajo-y-aumento-del-salario-2.png 24w, http:\/\/economiapoliticacba.com\/wp-content\/uploads\/2022\/11\/organizaciones-sociales-marchan-por-trabajo-y-aumento-del-salario-3.png 36w, http:\/\/economiapoliticacba.com\/wp-content\/uploads\/2022\/11\/organizaciones-sociales-marchan-por-trabajo-y-aumento-del-salario-4.png 48w, http:\/\/economiapoliticacba.com\/wp-content\/uploads\/2022\/11\/organizaciones-sociales-marchan-por-trabajo-y-aumento-del-salario-5.png 75w, http:\/\/economiapoliticacba.com\/wp-content\/uploads\/2022\/11\/organizaciones-sociales-marchan-por-trabajo-y-aumento-del-salario-6.png 350w, http:\/\/economiapoliticacba.com\/wp-content\/uploads\/2022\/11\/organizaciones-sociales-marchan-por-trabajo-y-aumento-del-salario-7.png 750w, http:\/\/economiapoliticacba.com\/wp-content\/uploads\/2022\/11\/organizaciones-sociales-marchan-por-trabajo-y-aumento-del-salario-8.png 1140w\"><noscript><img loading=\"lazy\" decoding=\"async\" width=\"1280\" height=\"1280\" src=\"http:\/\/economiapoliticacba.com\/wp-content\/uploads\/2022\/11\/organizaciones-sociales-marchan-por-trabajo-y-aumento-del-salario.png\" alt=\"Organizaciones sociales marchan por trabajo y aumento del salario | Canal Showsport\" class=\"wp-image-253171\" srcset=\"http:\/\/economiapoliticacba.com\/wp-content\/uploads\/2022\/11\/organizaciones-sociales-marchan-por-trabajo-y-aumento-del-salario.png 1280w, http:\/\/economiapoliticacba.com\/wp-content\/uploads\/2022\/11\/organizaciones-sociales-marchan-por-trabajo-y-aumento-del-salario-1.png 768w, http:\/\/economiapoliticacba.com\/wp-content\/uploads\/2022\/11\/organizaciones-sociales-marchan-por-trabajo-y-aumento-del-salario-2.png 24w, http:\/\/economiapoliticacba.com\/wp-content\/uploads\/2022\/11\/organizaciones-sociales-marchan-por-trabajo-y-aumento-del-salario-3.png 36w, http:\/\/economiapoliticacba.com\/wp-content\/uploads\/2022\/11\/organizaciones-sociales-marchan-por-trabajo-y-aumento-del-salario-4.png 48w, http:\/\/economiapoliticacba.com\/wp-content\/uploads\/2022\/11\/organizaciones-sociales-marchan-por-trabajo-y-aumento-del-salario-5.png 75w, http:\/\/economiapoliticacba.com\/wp-content\/uploads\/2022\/11\/organizaciones-sociales-marchan-por-trabajo-y-aumento-del-salario-6.png 350w, http:\/\/economiapoliticacba.com\/wp-content\/uploads\/2022\/11\/organizaciones-sociales-marchan-por-trabajo-y-aumento-del-salario-7.png 750w, http:\/\/economiapoliticacba.com\/wp-content\/uploads\/2022\/11\/organizaciones-sociales-marchan-por-trabajo-y-aumento-del-salario-8.png 1140w\" sizes=\"(max-width: 1280px) 100vw, 1280px\"><\/noscript><\/figure>\n<p>En el marco de esto , Emanuel Berardo, dirigente del Polo Obrero expres\u00f3:<strong><em>&nbsp;&#8220;El gobierno, la patronal y las burocracias sindicales con el acuerdo de las organizaciones sociales integradas al gobierno de los Fern\u00e1ndez Massa, convocan al Consejo del Salario M\u00ednimo el d\u00eda del debut de la Selecci\u00f3n Nacional en el Mundial, para tratar de evitar las movilizaciones y ocultar una nueva estafa&#8221;<\/em><\/strong>.<\/p>\n<p>Por su parte Soledad D\u00edaz, dirigente del Partido Obrero y el Frente de Izquierda y los trabajadores- Unidad,&nbsp;expres\u00f3:<strong><em>&nbsp;\u201cFrente al crecimiento del desempleo, la precarizaci\u00f3n y ante el fracaso de la creaci\u00f3n de puestos de trabajo genuino, desde el gobierno de los Fern\u00e1ndez, Massa y CFK pretenden presentar a los desocupados como \u2018aprovechadores\u2019 de los programas sociales&#8221;.<\/em><\/strong><\/p>\n<p>Y concluy\u00f3:<strong><em>&nbsp;&#8220;Pero no puede ocultar que cada vez somos m\u00e1s los que movilizamos para exigir trabajo genuino y salario m\u00ednimo igual a la canasta b\u00e1sica, hoy por encima de los 130mil. Es claro que las y los desocupados son las v\u00edctimas de la pol\u00edtica de los gobiernos ajustadores de las \u00faltimas d\u00e9cadas, no los responsables. Las medidas de lucha, con cortes y acampes en todo el pa\u00eds no cesar\u00e1n hasta que existan respuestas frente a esta situaci\u00f3n\u201d<\/em><\/strong>.<\/p>\n<figure class=\"wp-block-embed is-type-video is-provider-youtube wp-block-embed-youtube wp-embed-aspect-16-9 wp-has-aspect-ratio\">\n<div class=\"wp-block-embed__wrapper\">\n<p><iframe loading=\"lazy\" title=\"Organizaciones sociales se movilizan al Consejo del Salario\" width=\"500\" height=\"281\" src=\"https:\/\/www.youtube.com\/embed\/OBrqKXBo8ag?feature=oembed\" frameborder=\"0\" allow=\"accelerometer; autoplay; clipboard-write; encrypted-media; gyroscope; picture-in-picture\" allowfullscreen>[embedded content]<\/iframe><\/p>\n<\/div>\n<\/figure>\n<p><strong><em>Informe Ariel Zalio &#8211; <a href=\"https:\/\/canalc.com.ar\/\" target=\"_blank\" rel=\"noopener\">Canal C<\/a><\/em><\/strong><\/p>\n<p>Tambi\u00e9n te puede interesar:<a href=\"https:\/\/canalc.com.ar\/muerte-misteriosa-lo-hallaron-sin-vida-y-con-un-balazo-en-el-pecho\/\" target=\"_blank\" rel=\"noopener\">&nbsp;Investigan la misteriosa muerte de un hombre con un balazo en el pecho<\/a><\/p>\n","protected":false},"excerpt":{"rendered":"<p>Organizaciones sociales y partidos pol\u00edticos que integran el bloque de Unidad Piquetera en C\u00f3rdoba se movilizan en la ma\u00f1ana de este martes por las calles c\u00e9ntricas de esta capital, en el marco de una jornada nacional de protesta que coincide con la reuni\u00f3n del Consejo del Salario. En el marco de esto , Emanuel Berardo, [&hellip;]<\/p>\n","protected":false},"author":1,"featured_media":2721,"comment_status":"closed","ping_status":"closed","sticky":false,"template":"","format":"standard","meta":{"om_disable_all_campaigns":false,"_monsterinsights_skip_tracking":false,"_monsterinsights_sitenote_active":false,"_monsterinsights_sitenote_note":"","_monsterinsights_sitenote_category":0},"categories":[16,17],"tags":[278,27,279,30,280,281,282,283,284,285,286,287,288,289],"aioseo_notices":[],"_links":{"self":[{"href":"https:\/\/economiapoliticacba.com\/index.php?rest_route=\/wp\/v2\/posts\/2720"}],"collection":[{"href":"https:\/\/economiapoliticacba.com\/index.php?rest_route=\/wp\/v2\/posts"}],"about":[{"href":"https:\/\/economiapoliticacba.com\/index.php?rest_route=\/wp\/v2\/types\/post"}],"author":[{"embeddable":true,"href":"https:\/\/economiapoliticacba.com\/index.php?rest_route=\/wp\/v2\/users\/1"}],"replies":[{"embeddable":true,"href":"https:\/\/economiapoliticacba.com\/index.php?rest_route=%2Fwp%2Fv2%2Fcomments&post=2720"}],"version-history":[{"count":0,"href":"https:\/\/economiapoliticacba.com\/index.php?rest_route=\/wp\/v2\/posts\/2720\/revisions"}],"wp:featuredmedia":[{"embeddable":true,"href":"https:\/\/economiapoliticacba.com\/index.php?rest_route=\/wp\/v2\/media\/2721"}],"wp:attachment":[{"href":"https:\/\/economiapoliticacba.com\/index.php?rest_route=%2Fwp%2Fv2%2Fmedia&parent=2720"}],"wp:term":[{"taxonomy":"category","embeddable":true,"href":"https:\/\/economiapoliticacba.com\/index.php?rest_route=%2Fwp%2Fv2%2Fcategories&post=2720"},{"taxonomy":"post_tag","embeddable":true,"href":"https:\/\/economiapoliticacba.com\/index.php?rest_route=%2Fwp%2Fv2%2Ftags&post=2720"}],"curies":[{"name":"wp","href":"https:\/\/api.w.org\/{rel}","templated":true}]}}