{"id":26656,"date":"2024-07-12T03:19:56","date_gmt":"2024-07-12T03:19:56","guid":{"rendered":"https:\/\/canalshowsport.com.ar\/?p=383666"},"modified":"2024-07-12T03:19:56","modified_gmt":"2024-07-12T03:19:56","slug":"talleres-cierra-la-gira-ante-estrella-roja-hora-formacion-y-por-donde-verlo","status":"publish","type":"post","link":"https:\/\/economiapoliticacba.com\/?p=26656","title":{"rendered":"Talleres cierra la gira ante Estrella Roja: hora, formaci\u00f3n y por donde verlo"},"content":{"rendered":"<p><strong>Talleres <\/strong>se mide con <strong>Estrella Roja<\/strong> de Belgrado este viernes a las 12:00 en el estadio Petrovsky, en el marco de la \u00faltima fecha de la <strong>Winline Summer Cup<\/strong>.<\/p>\n<p>El encuentro ante el equipo de Serbia se podr\u00e1 ver en vivo y en directo a trav\u00e9s del canal de YouTube de la \u201cT\u201d.<\/p>\n<p>En el primer amistoso, el equipo de <strong>Walter Ribonetto <\/strong>perdi\u00f3 1-0 ante el Zenit, mientras que en el segundo cotejo <a href=\"https:\/\/canalshowsport.com.ar\/talleres-y-una-dura-derrota-ante-sochi-por-5-0\/\">cay\u00f3 goleado 5-0 frente a Sochi<\/a> en San Petersburgo.<\/p>\n<figure class=\"wp-block-image size-full is-resized\"><img loading=\"lazy\" fetchpriority=\"high\" decoding=\"async\" width=\"1200\" height=\"799\" src=\"http:\/\/economiapoliticacba.com\/wp-content\/uploads\/2024\/07\/talleres-cierra-la-gira-ante-estrella-roja-hora-formacion-y-por-donde-verlo.png\" alt=\"Talleres cierra la gira ante Estrella Roja: hora, formaci\u00f3n y por donde verlo | Canal Showsport\" class=\"wp-image-383669\" srcset=\"http:\/\/economiapoliticacba.com\/wp-content\/uploads\/2024\/07\/talleres-cierra-la-gira-ante-estrella-roja-hora-formacion-y-por-donde-verlo.png 1200w, http:\/\/economiapoliticacba.com\/wp-content\/uploads\/2024\/07\/talleres-cierra-la-gira-ante-estrella-roja-hora-formacion-y-por-donde-verlo-2.png 768w, http:\/\/economiapoliticacba.com\/wp-content\/uploads\/2024\/07\/talleres-cierra-la-gira-ante-estrella-roja-hora-formacion-y-por-donde-verlo-3.png 24w, http:\/\/economiapoliticacba.com\/wp-content\/uploads\/2024\/07\/talleres-cierra-la-gira-ante-estrella-roja-hora-formacion-y-por-donde-verlo-4.png 36w, http:\/\/economiapoliticacba.com\/wp-content\/uploads\/2024\/07\/talleres-cierra-la-gira-ante-estrella-roja-hora-formacion-y-por-donde-verlo-5.png 48w, http:\/\/economiapoliticacba.com\/wp-content\/uploads\/2024\/07\/talleres-cierra-la-gira-ante-estrella-roja-hora-formacion-y-por-donde-verlo-6.png 750w, http:\/\/economiapoliticacba.com\/wp-content\/uploads\/2024\/07\/talleres-cierra-la-gira-ante-estrella-roja-hora-formacion-y-por-donde-verlo-7.png 1140w\" sizes=\"(max-width: 1200px) 100vw, 1200px\"><figcaption class=\"wp-element-caption\"><em>Foto: Prensa Talleres<\/em><\/figcaption><\/figure>\n<p>De esta manera, el \u201cMatador\u201d buscar\u00e1 su primera victoria en Rusia en el \u00faltimo encuentro previo a la vuelta a C\u00f3rdoba, donde continuar\u00e1 la pretemporada hasta el reinicio de la Liga Profesional.<\/p>\n<p>Cabe destacar que Ram\u00f3n Sosa y Miguel Navarro no est\u00e1n participando de la competencia, ya se encuentran entrenando en el CARD Amadeo Nuccetelli luego de sus participaciones en la Copa Am\u00e9rica 2024.<\/p>\n<p>Talleres formar\u00eda ante Estrella Roja con Guido Herrera; Gast\u00f3n Benavidez, Mat\u00edas Catal\u00e1n, Kevin Mantilla, Franco Saavedra; Ulises Ortegoza, Juan Portillo; Bruno Barticciotto, Rub\u00e9n Botta, Valent\u00edn Depietri y Federico Girotti.<\/p>\n<h5 class=\"wp-block-heading\"><em>+ Lee tambi\u00e9n:<a href=\"https:\/\/canalshowsport.com.ar\/jeremias-gallard-y-su-primera-pretemporada-con-el-plantel-profesional-de-talleres\/\"> Jerem\u00edas Gallard y su primera pretemporada con el plantel profesional de Talleres<\/a><\/em><\/h5>\n","protected":false},"excerpt":{"rendered":"<p>Talleres se mide con Estrella Roja de Belgrado este viernes a las 12:00 en el estadio Petrovsky, en el marco de la \u00faltima fecha de la Winline Summer Cup. El encuentro ante el equipo de Serbia se podr\u00e1 ver en vivo y en directo a trav\u00e9s del canal de YouTube de la \u201cT\u201d. En el [&hellip;]<\/p>\n","protected":false},"author":1,"featured_media":26657,"comment_status":"closed","ping_status":"closed","sticky":false,"template":"","format":"standard","meta":{"om_disable_all_campaigns":false,"_monsterinsights_skip_tracking":false,"_monsterinsights_sitenote_active":false,"_monsterinsights_sitenote_note":"","_monsterinsights_sitenote_category":0},"categories":[16],"tags":[30,377,872,36],"aioseo_notices":[],"_links":{"self":[{"href":"https:\/\/economiapoliticacba.com\/index.php?rest_route=\/wp\/v2\/posts\/26656"}],"collection":[{"href":"https:\/\/economiapoliticacba.com\/index.php?rest_route=\/wp\/v2\/posts"}],"about":[{"href":"https:\/\/economiapoliticacba.com\/index.php?rest_route=\/wp\/v2\/types\/post"}],"author":[{"embeddable":true,"href":"https:\/\/economiapoliticacba.com\/index.php?rest_route=\/wp\/v2\/users\/1"}],"replies":[{"embeddable":true,"href":"https:\/\/economiapoliticacba.com\/index.php?rest_route=%2Fwp%2Fv2%2Fcomments&post=26656"}],"version-history":[{"count":0,"href":"https:\/\/economiapoliticacba.com\/index.php?rest_route=\/wp\/v2\/posts\/26656\/revisions"}],"wp:featuredmedia":[{"embeddable":true,"href":"https:\/\/economiapoliticacba.com\/index.php?rest_route=\/wp\/v2\/media\/26657"}],"wp:attachment":[{"href":"https:\/\/economiapoliticacba.com\/index.php?rest_route=%2Fwp%2Fv2%2Fmedia&parent=26656"}],"wp:term":[{"taxonomy":"category","embeddable":true,"href":"https:\/\/economiapoliticacba.com\/index.php?rest_route=%2Fwp%2Fv2%2Fcategories&post=26656"},{"taxonomy":"post_tag","embeddable":true,"href":"https:\/\/economiapoliticacba.com\/index.php?rest_route=%2Fwp%2Fv2%2Ftags&post=26656"}],"curies":[{"name":"wp","href":"https:\/\/api.w.org\/{rel}","templated":true}]}}