{"id":26521,"date":"2024-07-08T17:13:32","date_gmt":"2024-07-08T17:13:32","guid":{"rendered":"https:\/\/canalshowsport.com.ar\/?p=382886"},"modified":"2024-07-08T17:13:32","modified_gmt":"2024-07-08T17:13:32","slug":"cuatro-cpc-abriran-en-horario-extendido-esta-semana","status":"publish","type":"post","link":"https:\/\/economiapoliticacba.com\/?p=26521","title":{"rendered":"Cuatro CPC abrir\u00e1n en horario extendido esta semana"},"content":{"rendered":"<div><img src=\"http:\/\/economiapoliticacba.com\/wp-content\/uploads\/2024\/07\/cuatro-cpc-abriran-en-horario-extendido-esta-semana.jpg\" class=\"ff-og-image-inserted\"><\/div>\n<p>La Municipalidad de C\u00f3rdoba inform\u00f3 que esta semana se repetir\u00e1 el esquema de apertura con horario extendido en cuatro de los Centros de Participaci\u00f3n Comunal (CPC). En esta ocasi\u00f3n ser\u00e1n aquellos ubicados en&nbsp;<strong>Arg\u00fcello, Empalme, Centro Am\u00e9rica y Ruta 20<\/strong>.<\/p>\n<p>El horario comprende&nbsp;<strong>de 8 a 18 horas<\/strong>, para el&nbsp;<strong>lunes 8&nbsp;<\/strong>y&nbsp;<strong>del mi\u00e9rcoles 10 al viernes 12 de julio<\/strong>; y de&nbsp;<strong>8 a 14 horas<\/strong>, para el d\u00eda&nbsp;<strong>s\u00e1bado 13&nbsp;<\/strong>de julio. El&nbsp;<strong>martes 9<\/strong>, por el D\u00eda de la Independencia,&nbsp;<strong>no habr\u00e1 atenci\u00f3n al p\u00fablico<\/strong>. El resto de los CPC funcionar\u00e1 en su horario habitual de 8 a 14.<\/p>\n<h3 class=\"wp-block-heading\">SERVICIOS |&nbsp;<a href=\"https:\/\/canalc.com.ar\/corte-y-desvio-en-av-maipu-por-obras-de-bulevarizacion\/\" target=\"_blank\" rel=\"noopener\"><strong>Corte y desv\u00edo en Av. Maip\u00fa por obras de bulevarizaci\u00f3n<\/strong><\/a><\/h3>\n<p>La ubicaci\u00f3n de estos Centros de Participaci\u00f3n Comunal es:<\/p>\n<ul>\n<li>\u2022&nbsp;<strong>CPC Arg\u00fcello<\/strong>: Av. Rafael N\u00fa\u00f1ez esq. Ricardo Rojas, barrio&nbsp;<strong>Arg\u00fcello<\/strong>.<\/li>\n<li>\u2022&nbsp;<strong>CPC Empalme<\/strong>: Av. Gob. Amadeo Sabattini 4650, barrio&nbsp;<strong>Empalme<\/strong>.<\/li>\n<li>\u2022&nbsp;<strong>CPC Centro Am\u00e9rica<\/strong>: Av. Juan B. Justo 4350, barrio&nbsp;<strong>Centro Am\u00e9rica<\/strong>.<\/li>\n<li>\u2022&nbsp;<strong>CPC Ruta 20<\/strong>: Av. Fuerza A\u00e9rea Argentina 4300, barrio&nbsp;<strong>Villa Adela<\/strong>.<\/li>\n<\/ul>\n","protected":false},"excerpt":{"rendered":"<p>La Municipalidad de C\u00f3rdoba inform\u00f3 que esta semana se repetir\u00e1 el esquema de apertura con horario extendido en cuatro de los Centros de Participaci\u00f3n Comunal (CPC). En esta ocasi\u00f3n ser\u00e1n aquellos ubicados en&nbsp;Arg\u00fcello, Empalme, Centro Am\u00e9rica y Ruta 20. El horario comprende&nbsp;de 8 a 18 horas, para el&nbsp;lunes 8&nbsp;y&nbsp;del mi\u00e9rcoles 10 al viernes 12 de [&hellip;]<\/p>\n","protected":false},"author":1,"featured_media":26522,"comment_status":"closed","ping_status":"closed","sticky":false,"template":"","format":"standard","meta":{"om_disable_all_campaigns":false,"_monsterinsights_skip_tracking":false,"_monsterinsights_sitenote_active":false,"_monsterinsights_sitenote_note":"","_monsterinsights_sitenote_category":0},"categories":[16],"tags":[27,30,2251,2252],"aioseo_notices":[],"_links":{"self":[{"href":"https:\/\/economiapoliticacba.com\/index.php?rest_route=\/wp\/v2\/posts\/26521"}],"collection":[{"href":"https:\/\/economiapoliticacba.com\/index.php?rest_route=\/wp\/v2\/posts"}],"about":[{"href":"https:\/\/economiapoliticacba.com\/index.php?rest_route=\/wp\/v2\/types\/post"}],"author":[{"embeddable":true,"href":"https:\/\/economiapoliticacba.com\/index.php?rest_route=\/wp\/v2\/users\/1"}],"replies":[{"embeddable":true,"href":"https:\/\/economiapoliticacba.com\/index.php?rest_route=%2Fwp%2Fv2%2Fcomments&post=26521"}],"version-history":[{"count":0,"href":"https:\/\/economiapoliticacba.com\/index.php?rest_route=\/wp\/v2\/posts\/26521\/revisions"}],"wp:featuredmedia":[{"embeddable":true,"href":"https:\/\/economiapoliticacba.com\/index.php?rest_route=\/wp\/v2\/media\/26522"}],"wp:attachment":[{"href":"https:\/\/economiapoliticacba.com\/index.php?rest_route=%2Fwp%2Fv2%2Fmedia&parent=26521"}],"wp:term":[{"taxonomy":"category","embeddable":true,"href":"https:\/\/economiapoliticacba.com\/index.php?rest_route=%2Fwp%2Fv2%2Fcategories&post=26521"},{"taxonomy":"post_tag","embeddable":true,"href":"https:\/\/economiapoliticacba.com\/index.php?rest_route=%2Fwp%2Fv2%2Ftags&post=26521"}],"curies":[{"name":"wp","href":"https:\/\/api.w.org\/{rel}","templated":true}]}}