{"id":2596,"date":"2022-11-19T14:14:43","date_gmt":"2022-11-19T14:14:43","guid":{"rendered":"https:\/\/canalshowsport.com.ar\/?p=252632"},"modified":"2022-11-19T14:14:43","modified_gmt":"2022-11-19T14:14:43","slug":"los-convocados-por-bovaglio-en-instituto-para-buscar-el-ascenso","status":"publish","type":"post","link":"https:\/\/economiapoliticacba.com\/?p=2596","title":{"rendered":"Los convocados por Bovaglio en Instituto para buscar el ascenso"},"content":{"rendered":"<p><strong><em><a href=\"https:\/\/canalshowsport.com.ar\/category\/futbol\/instituto\/\">Instituto <\/a><\/em><\/strong>quiere coronar la gran temporada con el broche de oro. La Gloria est\u00e1 a un paso de lograr el ascenso y este s\u00e1bado, desde las 20.10, recibe a Estudiantes de Buenos Aires en la final de vuelta del Reducido de la Primera Nacional. El encuentro ser\u00e1 televisado por TyC Sports y&nbsp;<strong><a href=\"https:\/\/play.tycsports.com\/primera-nacional\/instituto-vs-estudiantes-ba-id477421.html\" target=\"_blank\" rel=\"noreferrer noopener\">TyC Sports Play.<\/a><\/strong><\/p>\n<p>El elenco de Alta C\u00f3rdoba y el de Caseros igualaron sin goles en el primer partido disputado en Buenos Aires, y el Albirrojo cuenta con ventaja deportiva por haber sido segundo en la tabla, por lo que con un empate, la Gloria lograr\u00e1 el objetivo.<\/p>\n<p><strong><em>Lee tambi\u00e9n: <a href=\"https:\/\/canalshowsport.com.ar\/instituto-estudiantes-ba-lo-que-tenes-que-saber-si-vas-al-monumental\/\">Instituto &#8211; Estudiantes BA: lo que ten\u00e9s que saber si vas al Monumental<\/a><\/em><\/strong><\/p>\n<blockquote class=\"wp-block-quote\" readability=\"8\">\n<p>Record\u00e1 que desde las 18.30 vas a poder ver en vivo la Previa por Showsport. con las \u00faltimas novedades y todo el color de la gran final. Y al t\u00e9rmino del partido, todo el an\u00e1lisis y la palabra de los protagonistas.<\/p>\n<\/blockquote>\n<p>El entrenador Lucas Bovaglio dio a conocer la lista de concentrados para la gran final, con Parnisari incluido.<\/p>\n<p><strong><em>Lee tambi\u00e9n: <a href=\"https:\/\/canalshowsport.com.ar\/a-un-paso-del-objetivo-instituto-va-por-el-ascenso-ante-estudiantes-ba\/\">Instituto va por el ascenso ante Estudiantes (BA): viv\u00ed la previa por Showsport<\/a><\/em><\/strong><\/p>\n<h4>Convocados:<\/h4>\n<figure class=\"wp-block-image size-full\"><img loading=\"lazy\" decoding=\"async\" width=\"1080\" height=\"1080\" alt=\"Los convocados por Bovaglio en Instituto para buscar el ascenso | Canal Showsport\" data-sizes=\"(max-width: 1080px) 100vw, 1080px\" class=\"wp-image-252633 lazyload\" src=\"http:\/\/economiapoliticacba.com\/wp-content\/uploads\/2022\/11\/los-convocados-por-bovaglio-en-instituto-para-buscar-el-ascenso.jpg\" srcset=\"http:\/\/economiapoliticacba.com\/wp-content\/uploads\/2022\/11\/los-convocados-por-bovaglio-en-instituto-para-buscar-el-ascenso.jpg 1080w, http:\/\/economiapoliticacba.com\/wp-content\/uploads\/2022\/11\/los-convocados-por-bovaglio-en-instituto-para-buscar-el-ascenso-1.jpg 768w, http:\/\/economiapoliticacba.com\/wp-content\/uploads\/2022\/11\/los-convocados-por-bovaglio-en-instituto-para-buscar-el-ascenso-2.jpg 24w, http:\/\/economiapoliticacba.com\/wp-content\/uploads\/2022\/11\/los-convocados-por-bovaglio-en-instituto-para-buscar-el-ascenso-3.jpg 36w, http:\/\/economiapoliticacba.com\/wp-content\/uploads\/2022\/11\/los-convocados-por-bovaglio-en-instituto-para-buscar-el-ascenso-4.jpg 48w, http:\/\/economiapoliticacba.com\/wp-content\/uploads\/2022\/11\/los-convocados-por-bovaglio-en-instituto-para-buscar-el-ascenso-5.jpg 75w, http:\/\/economiapoliticacba.com\/wp-content\/uploads\/2022\/11\/los-convocados-por-bovaglio-en-instituto-para-buscar-el-ascenso-6.jpg 350w, http:\/\/economiapoliticacba.com\/wp-content\/uploads\/2022\/11\/los-convocados-por-bovaglio-en-instituto-para-buscar-el-ascenso-7.jpg 750w\"><noscript><img loading=\"lazy\" decoding=\"async\" width=\"1080\" height=\"1080\" src=\"http:\/\/economiapoliticacba.com\/wp-content\/uploads\/2022\/11\/los-convocados-por-bovaglio-en-instituto-para-buscar-el-ascenso.jpg\" alt=\"Los convocados por Bovaglio en Instituto para buscar el ascenso | Canal Showsport\" class=\"wp-image-252633\" srcset=\"http:\/\/economiapoliticacba.com\/wp-content\/uploads\/2022\/11\/los-convocados-por-bovaglio-en-instituto-para-buscar-el-ascenso.jpg 1080w, http:\/\/economiapoliticacba.com\/wp-content\/uploads\/2022\/11\/los-convocados-por-bovaglio-en-instituto-para-buscar-el-ascenso-1.jpg 768w, http:\/\/economiapoliticacba.com\/wp-content\/uploads\/2022\/11\/los-convocados-por-bovaglio-en-instituto-para-buscar-el-ascenso-2.jpg 24w, http:\/\/economiapoliticacba.com\/wp-content\/uploads\/2022\/11\/los-convocados-por-bovaglio-en-instituto-para-buscar-el-ascenso-3.jpg 36w, http:\/\/economiapoliticacba.com\/wp-content\/uploads\/2022\/11\/los-convocados-por-bovaglio-en-instituto-para-buscar-el-ascenso-4.jpg 48w, http:\/\/economiapoliticacba.com\/wp-content\/uploads\/2022\/11\/los-convocados-por-bovaglio-en-instituto-para-buscar-el-ascenso-5.jpg 75w, http:\/\/economiapoliticacba.com\/wp-content\/uploads\/2022\/11\/los-convocados-por-bovaglio-en-instituto-para-buscar-el-ascenso-6.jpg 350w, http:\/\/economiapoliticacba.com\/wp-content\/uploads\/2022\/11\/los-convocados-por-bovaglio-en-instituto-para-buscar-el-ascenso-7.jpg 750w\" sizes=\"(max-width: 1080px) 100vw, 1080px\"><\/noscript><\/figure>\n","protected":false},"excerpt":{"rendered":"<p>Instituto quiere coronar la gran temporada con el broche de oro. La Gloria est\u00e1 a un paso de lograr el ascenso y este s\u00e1bado, desde las 20.10, recibe a Estudiantes de Buenos Aires en la final de vuelta del Reducido de la Primera Nacional. El encuentro ser\u00e1 televisado por TyC Sports y&nbsp;TyC Sports Play. El [&hellip;]<\/p>\n","protected":false},"author":1,"featured_media":2597,"comment_status":"closed","ping_status":"closed","sticky":false,"template":"","format":"standard","meta":{"om_disable_all_campaigns":false,"_monsterinsights_skip_tracking":false,"_monsterinsights_sitenote_active":false,"_monsterinsights_sitenote_note":"","_monsterinsights_sitenote_category":0},"categories":[16],"tags":[261,63],"aioseo_notices":[],"_links":{"self":[{"href":"https:\/\/economiapoliticacba.com\/index.php?rest_route=\/wp\/v2\/posts\/2596"}],"collection":[{"href":"https:\/\/economiapoliticacba.com\/index.php?rest_route=\/wp\/v2\/posts"}],"about":[{"href":"https:\/\/economiapoliticacba.com\/index.php?rest_route=\/wp\/v2\/types\/post"}],"author":[{"embeddable":true,"href":"https:\/\/economiapoliticacba.com\/index.php?rest_route=\/wp\/v2\/users\/1"}],"replies":[{"embeddable":true,"href":"https:\/\/economiapoliticacba.com\/index.php?rest_route=%2Fwp%2Fv2%2Fcomments&post=2596"}],"version-history":[{"count":0,"href":"https:\/\/economiapoliticacba.com\/index.php?rest_route=\/wp\/v2\/posts\/2596\/revisions"}],"wp:featuredmedia":[{"embeddable":true,"href":"https:\/\/economiapoliticacba.com\/index.php?rest_route=\/wp\/v2\/media\/2597"}],"wp:attachment":[{"href":"https:\/\/economiapoliticacba.com\/index.php?rest_route=%2Fwp%2Fv2%2Fmedia&parent=2596"}],"wp:term":[{"taxonomy":"category","embeddable":true,"href":"https:\/\/economiapoliticacba.com\/index.php?rest_route=%2Fwp%2Fv2%2Fcategories&post=2596"},{"taxonomy":"post_tag","embeddable":true,"href":"https:\/\/economiapoliticacba.com\/index.php?rest_route=%2Fwp%2Fv2%2Ftags&post=2596"}],"curies":[{"name":"wp","href":"https:\/\/api.w.org\/{rel}","templated":true}]}}