{"id":25931,"date":"2024-06-24T02:51:55","date_gmt":"2024-06-24T02:51:55","guid":{"rendered":"https:\/\/canalshowsport.com.ar\/?p=379799"},"modified":"2024-06-24T02:51:55","modified_gmt":"2024-06-24T02:51:55","slug":"los-clubes-cordobeses-regresan-a-los-entrenamientos-tras-el-receso","status":"publish","type":"post","link":"https:\/\/economiapoliticacba.com\/?p=25931","title":{"rendered":"Los clubes cordobeses regresan a los entrenamientos tras el receso"},"content":{"rendered":"<p>Los planteles de <strong>Belgrano<\/strong>, <strong>Instituto <\/strong>y <strong>Talleres <\/strong>regresan a la actividad deportiva este lunes, luego del receso de vacaciones impuesto por la disputa de la <strong>Copa Am\u00e9rica 2024.<\/strong><\/p>\n<h3 class=\"wp-block-heading\">El primero en volver: Belgrano<\/h3>\n<p>Los jugadores de <strong>Belgrano <\/strong>vuelven a los entrenamientos este lunes en el Predio Armando P\u00e9rez pensando en las competencias que se vienen: la Copa Sudamericana y la Liga Profesional.<\/p>\n<p>El equipo que comanda <strong>Juan Cruz Real<\/strong> tendr\u00e1 su primera pr\u00e1ctica por la ma\u00f1ana y por la tarde tanto jugadores como cuerpo t\u00e9cnico, viajar\u00e1n a&nbsp;R\u00edo Segundo para realizar la pretemporada en el complejo El Norte CD, hasta el s\u00e1bado 6 de julio.<\/p>\n<figure class=\"wp-block-image size-full\"><img loading=\"lazy\" fetchpriority=\"high\" decoding=\"async\" width=\"1150\" height=\"766\" src=\"http:\/\/economiapoliticacba.com\/wp-content\/uploads\/2024\/06\/los-clubes-cordobeses-regresan-a-los-entrenamientos-tras-el-receso.png\" alt=\"Los clubes cordobeses regresan a los entrenamientos tras el receso | Canal Showsport\" class=\"wp-image-379800\" srcset=\"http:\/\/economiapoliticacba.com\/wp-content\/uploads\/2024\/06\/los-clubes-cordobeses-regresan-a-los-entrenamientos-tras-el-receso.png 1150w, http:\/\/economiapoliticacba.com\/wp-content\/uploads\/2024\/06\/los-clubes-cordobeses-regresan-a-los-entrenamientos-tras-el-receso-4.png 768w, http:\/\/economiapoliticacba.com\/wp-content\/uploads\/2024\/06\/los-clubes-cordobeses-regresan-a-los-entrenamientos-tras-el-receso-5.png 24w, http:\/\/economiapoliticacba.com\/wp-content\/uploads\/2024\/06\/los-clubes-cordobeses-regresan-a-los-entrenamientos-tras-el-receso-6.png 36w, http:\/\/economiapoliticacba.com\/wp-content\/uploads\/2024\/06\/los-clubes-cordobeses-regresan-a-los-entrenamientos-tras-el-receso-7.png 48w, http:\/\/economiapoliticacba.com\/wp-content\/uploads\/2024\/06\/los-clubes-cordobeses-regresan-a-los-entrenamientos-tras-el-receso-8.png 750w, http:\/\/economiapoliticacba.com\/wp-content\/uploads\/2024\/06\/los-clubes-cordobeses-regresan-a-los-entrenamientos-tras-el-receso-9.png 1140w\" sizes=\"(max-width: 1150px) 100vw, 1150px\"><figcaption class=\"wp-element-caption\"><em>Foto: Prensa Belgrano<\/em><\/figcaption><\/figure>\n<h3 class=\"wp-block-heading\">Instituto retoma los entrenamientos<\/h3>\n<p>El plantel de <strong>Instituto <\/strong>tambi\u00e9n retomar\u00e1 el trabajo este lunes, tras una semana de descanso. Los dos primeros d\u00edas ser\u00e1n de evaluaciones, mientras que el mi\u00e9rcoles dar\u00e1 inicio la concentraci\u00f3n en el Hotel Quorum, hasta el s\u00e1bado 29 de junio.<\/p>\n<p>La pretemporada se desarrollar\u00e1 durante 2 semanas en La Agustina y contar\u00e1 con mediciones f\u00edsicas y m\u00e9dicas, entrenamientos en turno doble y simple.<\/p>\n<figure class=\"wp-block-image size-full\"><img loading=\"lazy\" decoding=\"async\" width=\"1150\" height=\"756\" alt=\"Los clubes cordobeses regresan a los entrenamientos tras el receso | Canal Showsport\" class=\"wp-image-379801 lazyload\" data-sizes=\"(max-width: 1150px) 100vw, 1150px\" src=\"http:\/\/economiapoliticacba.com\/wp-content\/uploads\/2024\/06\/los-clubes-cordobeses-regresan-a-los-entrenamientos-tras-el-receso-1.png\" srcset=\"http:\/\/economiapoliticacba.com\/wp-content\/uploads\/2024\/06\/los-clubes-cordobeses-regresan-a-los-entrenamientos-tras-el-receso-1.png 1150w, http:\/\/economiapoliticacba.com\/wp-content\/uploads\/2024\/06\/los-clubes-cordobeses-regresan-a-los-entrenamientos-tras-el-receso-10.png 768w, http:\/\/economiapoliticacba.com\/wp-content\/uploads\/2024\/06\/los-clubes-cordobeses-regresan-a-los-entrenamientos-tras-el-receso-11.png 24w, http:\/\/economiapoliticacba.com\/wp-content\/uploads\/2024\/06\/los-clubes-cordobeses-regresan-a-los-entrenamientos-tras-el-receso-12.png 36w, http:\/\/economiapoliticacba.com\/wp-content\/uploads\/2024\/06\/los-clubes-cordobeses-regresan-a-los-entrenamientos-tras-el-receso-13.png 48w, http:\/\/economiapoliticacba.com\/wp-content\/uploads\/2024\/06\/los-clubes-cordobeses-regresan-a-los-entrenamientos-tras-el-receso-14.png 750w, http:\/\/economiapoliticacba.com\/wp-content\/uploads\/2024\/06\/los-clubes-cordobeses-regresan-a-los-entrenamientos-tras-el-receso-15.png 1140w\"><noscript><img loading=\"lazy\" decoding=\"async\" width=\"1150\" height=\"756\" src=\"http:\/\/economiapoliticacba.com\/wp-content\/uploads\/2024\/06\/los-clubes-cordobeses-regresan-a-los-entrenamientos-tras-el-receso-1.png\" alt=\"Los clubes cordobeses regresan a los entrenamientos tras el receso | Canal Showsport\" class=\"wp-image-379801\" srcset=\"http:\/\/economiapoliticacba.com\/wp-content\/uploads\/2024\/06\/los-clubes-cordobeses-regresan-a-los-entrenamientos-tras-el-receso-1.png 1150w, http:\/\/economiapoliticacba.com\/wp-content\/uploads\/2024\/06\/los-clubes-cordobeses-regresan-a-los-entrenamientos-tras-el-receso-10.png 768w, http:\/\/economiapoliticacba.com\/wp-content\/uploads\/2024\/06\/los-clubes-cordobeses-regresan-a-los-entrenamientos-tras-el-receso-11.png 24w, http:\/\/economiapoliticacba.com\/wp-content\/uploads\/2024\/06\/los-clubes-cordobeses-regresan-a-los-entrenamientos-tras-el-receso-12.png 36w, http:\/\/economiapoliticacba.com\/wp-content\/uploads\/2024\/06\/los-clubes-cordobeses-regresan-a-los-entrenamientos-tras-el-receso-13.png 48w, http:\/\/economiapoliticacba.com\/wp-content\/uploads\/2024\/06\/los-clubes-cordobeses-regresan-a-los-entrenamientos-tras-el-receso-14.png 750w, http:\/\/economiapoliticacba.com\/wp-content\/uploads\/2024\/06\/los-clubes-cordobeses-regresan-a-los-entrenamientos-tras-el-receso-15.png 1140w\" sizes=\"(max-width: 1150px) 100vw, 1150px\"><\/noscript><figcaption class=\"wp-element-caption\"><em>Foto: Prensa Instituto<\/em><\/figcaption><\/figure>\n<h3 class=\"wp-block-heading\">La \u201cT\u201d parte rumbo al exterior<\/h3>\n<p><strong>Talleres <\/strong>tendr\u00e1 tres competencias que afrontar en la segunda mitad del a\u00f1o: Liga Profesional, Copa Argentina y Copa Libertadores.<\/p>\n<p>Es por ello que la delegaci\u00f3n albiazul regresa este martes a las pr\u00e1cticas en el CARD, y el s\u00e1bado volar\u00e1 hacia Rusia para jugar el <strong>Torneo Internacional Winline Summer Cup<\/strong>, como parte de la pretemporada.<\/p>\n<p>El mismo se disputar\u00e1 entre el martes 2 de julio y el viernes 12 de julio, y la \u201cT\u201d enfrentar\u00e1 a equipos como el <a href=\"https:\/\/canalshowsport.com.ar\/talleres-confirmadas-las-fechas-para-los-amistosos-de-europa\/\">Zenit, Estrella Roja y PFC Sochi.<\/a><\/p>\n<figure class=\"wp-block-image size-full\"><img loading=\"lazy\" decoding=\"async\" width=\"1332\" height=\"890\" alt=\"Los clubes cordobeses regresan a los entrenamientos tras el receso | Canal Showsport\" class=\"wp-image-379803 lazyload\" data-sizes=\"(max-width: 1332px) 100vw, 1332px\" src=\"http:\/\/economiapoliticacba.com\/wp-content\/uploads\/2024\/06\/los-clubes-cordobeses-regresan-a-los-entrenamientos-tras-el-receso-2.png\" srcset=\"http:\/\/economiapoliticacba.com\/wp-content\/uploads\/2024\/06\/los-clubes-cordobeses-regresan-a-los-entrenamientos-tras-el-receso-2.png 1332w, http:\/\/economiapoliticacba.com\/wp-content\/uploads\/2024\/06\/los-clubes-cordobeses-regresan-a-los-entrenamientos-tras-el-receso-16.png 768w, http:\/\/economiapoliticacba.com\/wp-content\/uploads\/2024\/06\/los-clubes-cordobeses-regresan-a-los-entrenamientos-tras-el-receso-17.png 24w, http:\/\/economiapoliticacba.com\/wp-content\/uploads\/2024\/06\/los-clubes-cordobeses-regresan-a-los-entrenamientos-tras-el-receso-18.png 36w, http:\/\/economiapoliticacba.com\/wp-content\/uploads\/2024\/06\/los-clubes-cordobeses-regresan-a-los-entrenamientos-tras-el-receso-19.png 48w, http:\/\/economiapoliticacba.com\/wp-content\/uploads\/2024\/06\/los-clubes-cordobeses-regresan-a-los-entrenamientos-tras-el-receso-20.png 750w, http:\/\/economiapoliticacba.com\/wp-content\/uploads\/2024\/06\/los-clubes-cordobeses-regresan-a-los-entrenamientos-tras-el-receso-21.png 1140w\"><noscript><img loading=\"lazy\" decoding=\"async\" width=\"1332\" height=\"890\" src=\"http:\/\/economiapoliticacba.com\/wp-content\/uploads\/2024\/06\/los-clubes-cordobeses-regresan-a-los-entrenamientos-tras-el-receso-2.png\" alt=\"Los clubes cordobeses regresan a los entrenamientos tras el receso | Canal Showsport\" class=\"wp-image-379803\" srcset=\"http:\/\/economiapoliticacba.com\/wp-content\/uploads\/2024\/06\/los-clubes-cordobeses-regresan-a-los-entrenamientos-tras-el-receso-2.png 1332w, http:\/\/economiapoliticacba.com\/wp-content\/uploads\/2024\/06\/los-clubes-cordobeses-regresan-a-los-entrenamientos-tras-el-receso-16.png 768w, http:\/\/economiapoliticacba.com\/wp-content\/uploads\/2024\/06\/los-clubes-cordobeses-regresan-a-los-entrenamientos-tras-el-receso-17.png 24w, http:\/\/economiapoliticacba.com\/wp-content\/uploads\/2024\/06\/los-clubes-cordobeses-regresan-a-los-entrenamientos-tras-el-receso-18.png 36w, http:\/\/economiapoliticacba.com\/wp-content\/uploads\/2024\/06\/los-clubes-cordobeses-regresan-a-los-entrenamientos-tras-el-receso-19.png 48w, http:\/\/economiapoliticacba.com\/wp-content\/uploads\/2024\/06\/los-clubes-cordobeses-regresan-a-los-entrenamientos-tras-el-receso-20.png 750w, http:\/\/economiapoliticacba.com\/wp-content\/uploads\/2024\/06\/los-clubes-cordobeses-regresan-a-los-entrenamientos-tras-el-receso-21.png 1140w\" sizes=\"(max-width: 1332px) 100vw, 1332px\"><\/noscript><figcaption class=\"wp-element-caption\"><em>Foto: Prensa Talleres<\/em><\/figcaption><\/figure>\n","protected":false},"excerpt":{"rendered":"<p>Los planteles de Belgrano, Instituto y Talleres regresan a la actividad deportiva este lunes, luego del receso de vacaciones impuesto por la disputa de la Copa Am\u00e9rica 2024. El primero en volver: Belgrano Los jugadores de Belgrano vuelven a los entrenamientos este lunes en el Predio Armando P\u00e9rez pensando en las competencias que se vienen: [&hellip;]<\/p>\n","protected":false},"author":1,"featured_media":25932,"comment_status":"closed","ping_status":"closed","sticky":false,"template":"","format":"standard","meta":{"om_disable_all_campaigns":false,"_monsterinsights_skip_tracking":false,"_monsterinsights_sitenote_active":false,"_monsterinsights_sitenote_note":"","_monsterinsights_sitenote_category":0},"categories":[16],"tags":[22,30,34,63,36],"aioseo_notices":[],"_links":{"self":[{"href":"https:\/\/economiapoliticacba.com\/index.php?rest_route=\/wp\/v2\/posts\/25931"}],"collection":[{"href":"https:\/\/economiapoliticacba.com\/index.php?rest_route=\/wp\/v2\/posts"}],"about":[{"href":"https:\/\/economiapoliticacba.com\/index.php?rest_route=\/wp\/v2\/types\/post"}],"author":[{"embeddable":true,"href":"https:\/\/economiapoliticacba.com\/index.php?rest_route=\/wp\/v2\/users\/1"}],"replies":[{"embeddable":true,"href":"https:\/\/economiapoliticacba.com\/index.php?rest_route=%2Fwp%2Fv2%2Fcomments&post=25931"}],"version-history":[{"count":0,"href":"https:\/\/economiapoliticacba.com\/index.php?rest_route=\/wp\/v2\/posts\/25931\/revisions"}],"wp:featuredmedia":[{"embeddable":true,"href":"https:\/\/economiapoliticacba.com\/index.php?rest_route=\/wp\/v2\/media\/25932"}],"wp:attachment":[{"href":"https:\/\/economiapoliticacba.com\/index.php?rest_route=%2Fwp%2Fv2%2Fmedia&parent=25931"}],"wp:term":[{"taxonomy":"category","embeddable":true,"href":"https:\/\/economiapoliticacba.com\/index.php?rest_route=%2Fwp%2Fv2%2Fcategories&post=25931"},{"taxonomy":"post_tag","embeddable":true,"href":"https:\/\/economiapoliticacba.com\/index.php?rest_route=%2Fwp%2Fv2%2Ftags&post=25931"}],"curies":[{"name":"wp","href":"https:\/\/api.w.org\/{rel}","templated":true}]}}