{"id":2515,"date":"2022-11-17T13:24:08","date_gmt":"2022-11-17T13:24:08","guid":{"rendered":"https:\/\/canalshowsport.com.ar\/?p=252276"},"modified":"2022-11-17T13:24:08","modified_gmt":"2022-11-17T13:24:08","slug":"enzo-diaz-en-el-radar-de-otro-club-de-la-liga-profesional","status":"publish","type":"post","link":"https:\/\/economiapoliticacba.com\/?p=2515","title":{"rendered":"Enzo D\u00edaz en el radar de otro club de la Liga Profesional"},"content":{"rendered":"<div><img src=\"http:\/\/economiapoliticacba.com\/wp-content\/uploads\/2022\/11\/enzo-diaz-en-el-radar-de-otro-club-de-la-liga-profesional.png\" class=\"ff-og-image-inserted\"><\/div>\n<p>El mercado de pases de la<em><strong> Liga Profesional de F\u00fatbol (LPF)<\/strong><\/em> est\u00e1 en marcha y los equipos ya empiezan a mover piezas para la temporada 2023. En <a href=\"https:\/\/canalshowsport.com.ar\/category\/futbol\/talleres\/\"><em><strong>Talleres<\/strong><\/em><\/a>, el presidente Andr\u00e9s Fassi manifest\u00f3 en reiteradas oportunidades que el delantero colombiano <em>Diego Valoyes<\/em> es uno de los jugadores a vender y podr\u00eda sumarse otro m\u00e1s. <\/p>\n<p>Ese otro jugador que podr\u00eda emigrar, entre otros nombres, es <em><strong>Enzo D\u00edaz<\/strong><\/em>, quien es pretendido por Racing de Avellaneda. La academia estar\u00eda interesado en contratar los servicios del lateral izquierdo. Seg\u00fan la informaci\u00f3n del periodista Garc\u00eda Grova, la &#8220;T&#8221; lo tas\u00f3 en 4 millones de d\u00f3lares por el 100% del pase.<\/p>\n<p>Vale recordar que D\u00edaz viene buscando una salida del elenco cordob\u00e9s y no ver\u00eda con malos ojos vestir los colores de Racing. De esta manera, la academia se suma al inter\u00e9s de River, quien tambi\u00e9n lo habr\u00eda sondeado. <\/p>\n<p><strong><em>Lee tambi\u00e9n: <a href=\"https:\/\/canalshowsport.com.ar\/diego-valoyes-entrena-con-colombia-a-la-espera-de-definir-su-futuro-en-talleres\/\">Diego Valoyes entrena con Colombia a la espera de definir su futuro en Talleres<\/a><\/em><\/strong><\/p>\n<p>Al ser consultado particularmente sobre el caso de D\u00edaz, Fassi hab\u00eda manifestado lo siguiente d\u00edas atr\u00e1s: <em>&#8220;Le vamos a hacer una propuesta importante para que siga. A partir de la semana pr\u00f3xima ya definiremos lo de D\u00edaz y todo lo que sea el tema altas y bajas del plantel<\/em>\u201d.<\/p>\n<figure class=\"wp-block-embed is-type-rich is-provider-twitter wp-block-embed-twitter\"><\/figure>\n<p><strong><em>Lee tambi\u00e9n: <a href=\"https:\/\/canalshowsport.com.ar\/quienes-son-los-jugadores-a-prestamo-que-deben-retornar-a-talleres\/\">\u00bfQui\u00e9nes son los jugadores a pr\u00e9stamo que deben retornar a Talleres?<\/a><\/em><\/strong><\/p>\n","protected":false},"excerpt":{"rendered":"<p>El mercado de pases de la Liga Profesional de F\u00fatbol (LPF) est\u00e1 en marcha y los equipos ya empiezan a mover piezas para la temporada 2023. En Talleres, el presidente Andr\u00e9s Fassi manifest\u00f3 en reiteradas oportunidades que el delantero colombiano Diego Valoyes es uno de los jugadores a vender y podr\u00eda sumarse otro m\u00e1s. Ese [&hellip;]<\/p>\n","protected":false},"author":1,"featured_media":2516,"comment_status":"closed","ping_status":"closed","sticky":false,"template":"","format":"standard","meta":{"om_disable_all_campaigns":false,"_monsterinsights_skip_tracking":false,"_monsterinsights_sitenote_active":false,"_monsterinsights_sitenote_note":"","_monsterinsights_sitenote_category":0},"categories":[16],"tags":[250,57,36],"aioseo_notices":[],"_links":{"self":[{"href":"https:\/\/economiapoliticacba.com\/index.php?rest_route=\/wp\/v2\/posts\/2515"}],"collection":[{"href":"https:\/\/economiapoliticacba.com\/index.php?rest_route=\/wp\/v2\/posts"}],"about":[{"href":"https:\/\/economiapoliticacba.com\/index.php?rest_route=\/wp\/v2\/types\/post"}],"author":[{"embeddable":true,"href":"https:\/\/economiapoliticacba.com\/index.php?rest_route=\/wp\/v2\/users\/1"}],"replies":[{"embeddable":true,"href":"https:\/\/economiapoliticacba.com\/index.php?rest_route=%2Fwp%2Fv2%2Fcomments&post=2515"}],"version-history":[{"count":0,"href":"https:\/\/economiapoliticacba.com\/index.php?rest_route=\/wp\/v2\/posts\/2515\/revisions"}],"wp:featuredmedia":[{"embeddable":true,"href":"https:\/\/economiapoliticacba.com\/index.php?rest_route=\/wp\/v2\/media\/2516"}],"wp:attachment":[{"href":"https:\/\/economiapoliticacba.com\/index.php?rest_route=%2Fwp%2Fv2%2Fmedia&parent=2515"}],"wp:term":[{"taxonomy":"category","embeddable":true,"href":"https:\/\/economiapoliticacba.com\/index.php?rest_route=%2Fwp%2Fv2%2Fcategories&post=2515"},{"taxonomy":"post_tag","embeddable":true,"href":"https:\/\/economiapoliticacba.com\/index.php?rest_route=%2Fwp%2Fv2%2Ftags&post=2515"}],"curies":[{"name":"wp","href":"https:\/\/api.w.org\/{rel}","templated":true}]}}