{"id":24930,"date":"2024-05-31T18:07:52","date_gmt":"2024-05-31T18:07:52","guid":{"rendered":"https:\/\/canalshowsport.com.ar\/?p=375452"},"modified":"2024-05-31T18:07:52","modified_gmt":"2024-05-31T18:07:52","slug":"4-de-cada-10-industrias-fueron-afectadas-por-la-restriccion-de-gas","status":"publish","type":"post","link":"https:\/\/economiapoliticacba.com\/?p=24930","title":{"rendered":"4 de cada 10 industrias fueron afectadas por la restricci\u00f3n de gas"},"content":{"rendered":"<p>La&nbsp;<strong><a href=\"https:\/\/www.uic.org.ar\/portal\/\" target=\"_blank\" rel=\"noopener\">UIC&nbsp;<\/a><\/strong>(Uni\u00f3n Industrial de C\u00f3rdoba) realiz\u00f3 un relevamiento junto al departamento de Perspectivas Sociales mediante el cual midi\u00f3 el impacto de la restricci\u00f3n de consumo de gas en las empresas de los diversos sectores productivos.<\/p>\n<p>Seg\u00fan el organismo, esta situaci\u00f3n<em>&nbsp;\u201cnos permite exponer la importancia de este insumo primordial, que m\u00e1s all\u00e1 de la coyuntura actual, continuaremos reclamando previsibilidad para su disponibilidad\u201d.&nbsp;<\/em>Y continu\u00f3:<em>&nbsp;\u201cM\u00e1s all\u00e1 que se ha restablecido el servicio para usuarios industriales, a\u00fan hoy, desde el pasado viernes 24 de mayo,&nbsp;<strong>grandes usuarios a\u00fan est\u00e1n en menor medida con restricci\u00f3n de consumo&nbsp;<\/strong>y en las pr\u00f3ximas horas deber\u00eda normalizarse\u201d<\/em>.<\/p>\n<h3 class=\"wp-block-heading\">C\u00d3RDOBA |&nbsp;<a href=\"https:\/\/canalc.com.ar\/empleados-de-ecogas-reclaman-mejoras-salariales\/\" target=\"_blank\" rel=\"noopener\"><strong>Empleados de Ecogas reclaman mejoras salariales<\/strong><\/a><\/h3>\n<p>El informe se\u00f1ala que&nbsp;<em>\u201c<strong>la restricci\u00f3n del suministro de gas afect\u00f3 a cuatro de cada diez industrias&nbsp;<\/strong>encuestadas, oblig\u00e1ndolas a reaccionar r\u00e1pidamente para mitigar su impacto\u201d<\/em>. Las estrategias utilizadas fueron principalmente dos:&nbsp;<em>\u201c<strong>sustituir el combustible por fuel oil y modificar la jornada laboral<\/strong>, ajustando turnos y horarios para optimizar el uso del limitado recurso disponible, y minimizar el impacto econ\u00f3mico de la restricci\u00f3n\u201d.<\/em><\/p>\n<p>Asimismo, valoraron que&nbsp;<em><strong>\u201ctodav\u00eda resulta pronto para los industriales evaluar la repercusi\u00f3n econ\u00f3mica en sus costos de producci\u00f3n\u201d.<\/strong><\/em>&nbsp;Participaron m\u00e1s de 100 industrias de la provincia en el relevamiento de la UIC.<\/p>\n<figure class=\"wp-block-gallery has-nested-images columns-default is-cropped wp-block-gallery-1 is-layout-flex wp-block-gallery-is-layout-flex\">\n<figure class=\"wp-block-image size-large\"><img loading=\"lazy\" fetchpriority=\"high\" decoding=\"async\" width=\"1440\" height=\"2560\" data-id=\"375463\" src=\"http:\/\/economiapoliticacba.com\/wp-content\/uploads\/2024\/05\/4-de-cada-10-industrias-fueron-afectadas-por-la-restriccion-de-gas.jpg\" alt=\"4 de cada 10 industrias fueron afectadas por la restricci\u00f3n de gas | Canal Showsport\" class=\"wp-image-375463\" srcset=\"http:\/\/economiapoliticacba.com\/wp-content\/uploads\/2024\/05\/4-de-cada-10-industrias-fueron-afectadas-por-la-restriccion-de-gas.jpg 1440w, http:\/\/economiapoliticacba.com\/wp-content\/uploads\/2024\/05\/4-de-cada-10-industrias-fueron-afectadas-por-la-restriccion-de-gas-3.jpg 768w, http:\/\/economiapoliticacba.com\/wp-content\/uploads\/2024\/05\/4-de-cada-10-industrias-fueron-afectadas-por-la-restriccion-de-gas-4.jpg 864w, http:\/\/economiapoliticacba.com\/wp-content\/uploads\/2024\/05\/4-de-cada-10-industrias-fueron-afectadas-por-la-restriccion-de-gas-5.jpg 1152w, http:\/\/economiapoliticacba.com\/wp-content\/uploads\/2024\/05\/4-de-cada-10-industrias-fueron-afectadas-por-la-restriccion-de-gas-6.jpg 14w, http:\/\/economiapoliticacba.com\/wp-content\/uploads\/2024\/05\/4-de-cada-10-industrias-fueron-afectadas-por-la-restriccion-de-gas-7.jpg 20w, http:\/\/economiapoliticacba.com\/wp-content\/uploads\/2024\/05\/4-de-cada-10-industrias-fueron-afectadas-por-la-restriccion-de-gas-8.jpg 27w, http:\/\/economiapoliticacba.com\/wp-content\/uploads\/2024\/05\/4-de-cada-10-industrias-fueron-afectadas-por-la-restriccion-de-gas-9.jpg 750w, http:\/\/economiapoliticacba.com\/wp-content\/uploads\/2024\/05\/4-de-cada-10-industrias-fueron-afectadas-por-la-restriccion-de-gas-10.jpg 1140w\" sizes=\"(max-width: 1440px) 100vw, 1440px\"><\/figure>\n<figure class=\"wp-block-image size-large\"><img loading=\"lazy\" decoding=\"async\" width=\"1440\" height=\"2560\" data-id=\"375462\" alt=\"4 de cada 10 industrias fueron afectadas por la restricci\u00f3n de gas | Canal Showsport\" class=\"wp-image-375462 lazyload\" data-sizes=\"(max-width: 1440px) 100vw, 1440px\" src=\"http:\/\/economiapoliticacba.com\/wp-content\/uploads\/2024\/05\/4-de-cada-10-industrias-fueron-afectadas-por-la-restriccion-de-gas-1.jpg\" srcset=\"http:\/\/economiapoliticacba.com\/wp-content\/uploads\/2024\/05\/4-de-cada-10-industrias-fueron-afectadas-por-la-restriccion-de-gas-1.jpg 1440w, http:\/\/economiapoliticacba.com\/wp-content\/uploads\/2024\/05\/4-de-cada-10-industrias-fueron-afectadas-por-la-restriccion-de-gas-11.jpg 768w, http:\/\/economiapoliticacba.com\/wp-content\/uploads\/2024\/05\/4-de-cada-10-industrias-fueron-afectadas-por-la-restriccion-de-gas-12.jpg 864w, http:\/\/economiapoliticacba.com\/wp-content\/uploads\/2024\/05\/4-de-cada-10-industrias-fueron-afectadas-por-la-restriccion-de-gas-13.jpg 1152w, http:\/\/economiapoliticacba.com\/wp-content\/uploads\/2024\/05\/4-de-cada-10-industrias-fueron-afectadas-por-la-restriccion-de-gas-14.jpg 14w, http:\/\/economiapoliticacba.com\/wp-content\/uploads\/2024\/05\/4-de-cada-10-industrias-fueron-afectadas-por-la-restriccion-de-gas-15.jpg 20w, http:\/\/economiapoliticacba.com\/wp-content\/uploads\/2024\/05\/4-de-cada-10-industrias-fueron-afectadas-por-la-restriccion-de-gas-16.jpg 27w, http:\/\/economiapoliticacba.com\/wp-content\/uploads\/2024\/05\/4-de-cada-10-industrias-fueron-afectadas-por-la-restriccion-de-gas-17.jpg 750w, http:\/\/economiapoliticacba.com\/wp-content\/uploads\/2024\/05\/4-de-cada-10-industrias-fueron-afectadas-por-la-restriccion-de-gas-18.jpg 1140w\"><noscript><img loading=\"lazy\" decoding=\"async\" width=\"1440\" height=\"2560\" data-id=\"375462\" src=\"http:\/\/economiapoliticacba.com\/wp-content\/uploads\/2024\/05\/4-de-cada-10-industrias-fueron-afectadas-por-la-restriccion-de-gas-1.jpg\" alt=\"4 de cada 10 industrias fueron afectadas por la restricci\u00f3n de gas | Canal Showsport\" class=\"wp-image-375462\" srcset=\"http:\/\/economiapoliticacba.com\/wp-content\/uploads\/2024\/05\/4-de-cada-10-industrias-fueron-afectadas-por-la-restriccion-de-gas-1.jpg 1440w, http:\/\/economiapoliticacba.com\/wp-content\/uploads\/2024\/05\/4-de-cada-10-industrias-fueron-afectadas-por-la-restriccion-de-gas-11.jpg 768w, http:\/\/economiapoliticacba.com\/wp-content\/uploads\/2024\/05\/4-de-cada-10-industrias-fueron-afectadas-por-la-restriccion-de-gas-12.jpg 864w, http:\/\/economiapoliticacba.com\/wp-content\/uploads\/2024\/05\/4-de-cada-10-industrias-fueron-afectadas-por-la-restriccion-de-gas-13.jpg 1152w, http:\/\/economiapoliticacba.com\/wp-content\/uploads\/2024\/05\/4-de-cada-10-industrias-fueron-afectadas-por-la-restriccion-de-gas-14.jpg 14w, http:\/\/economiapoliticacba.com\/wp-content\/uploads\/2024\/05\/4-de-cada-10-industrias-fueron-afectadas-por-la-restriccion-de-gas-15.jpg 20w, http:\/\/economiapoliticacba.com\/wp-content\/uploads\/2024\/05\/4-de-cada-10-industrias-fueron-afectadas-por-la-restriccion-de-gas-16.jpg 27w, http:\/\/economiapoliticacba.com\/wp-content\/uploads\/2024\/05\/4-de-cada-10-industrias-fueron-afectadas-por-la-restriccion-de-gas-17.jpg 750w, http:\/\/economiapoliticacba.com\/wp-content\/uploads\/2024\/05\/4-de-cada-10-industrias-fueron-afectadas-por-la-restriccion-de-gas-18.jpg 1140w\" sizes=\"(max-width: 1440px) 100vw, 1440px\"><\/noscript><\/figure>\n<\/figure>\n<p>Cabe recordar que la crisis energ\u00e9tica viene impactando desde hace varios d\u00edas a distintas partes del pa\u00eds, y esta semana afect\u00f3 a C\u00f3rdoba en el suministro a sectores no esenciales, para garantizar la distribuci\u00f3n a los hogares. En dialogo con Canal C, el ex secretario de Energ\u00eda de la Naci\u00f3n, Emilio Apud, hab\u00eda se\u00f1alado que esta situaci\u00f3n \u201ces circunstancial\u201d y que se \u201cresolver\u00e1 en los pr\u00f3ximos d\u00edas\u201d.<\/p>\n<p>Por otro lado, Apud adelant\u00f3 que&nbsp;<em>\u201cen 15 d\u00edas estar\u00eda habilitada la compresora del gaseoducto N\u00e9stor Kirchner que va a ampliar la capacidad a 5 millones de metros c\u00fabicos, que actualmente tiene solo 10\u201d.<\/em>&nbsp;Hac\u00e9&nbsp;<a href=\"https:\/\/canalc.com.ar\/emilio-apud-la-falta-de-gas-es-circunstancial-y-se-resolvera-en-los-proximos-dias\/\" target=\"_blank\" rel=\"noopener\"><strong>click ac\u00e1 para leer la nota completa<\/strong><\/a>.<\/p>\n","protected":false},"excerpt":{"rendered":"<p>La&nbsp;UIC&nbsp;(Uni\u00f3n Industrial de C\u00f3rdoba) realiz\u00f3 un relevamiento junto al departamento de Perspectivas Sociales mediante el cual midi\u00f3 el impacto de la restricci\u00f3n de consumo de gas en las empresas de los diversos sectores productivos. Seg\u00fan el organismo, esta situaci\u00f3n&nbsp;\u201cnos permite exponer la importancia de este insumo primordial, que m\u00e1s all\u00e1 de la coyuntura actual, continuaremos [&hellip;]<\/p>\n","protected":false},"author":1,"featured_media":24931,"comment_status":"closed","ping_status":"closed","sticky":false,"template":"","format":"standard","meta":{"om_disable_all_campaigns":false,"_monsterinsights_skip_tracking":false,"_monsterinsights_sitenote_active":false,"_monsterinsights_sitenote_note":"","_monsterinsights_sitenote_category":0},"categories":[16],"tags":[27,30,2184,2185,2186],"aioseo_notices":[],"_links":{"self":[{"href":"https:\/\/economiapoliticacba.com\/index.php?rest_route=\/wp\/v2\/posts\/24930"}],"collection":[{"href":"https:\/\/economiapoliticacba.com\/index.php?rest_route=\/wp\/v2\/posts"}],"about":[{"href":"https:\/\/economiapoliticacba.com\/index.php?rest_route=\/wp\/v2\/types\/post"}],"author":[{"embeddable":true,"href":"https:\/\/economiapoliticacba.com\/index.php?rest_route=\/wp\/v2\/users\/1"}],"replies":[{"embeddable":true,"href":"https:\/\/economiapoliticacba.com\/index.php?rest_route=%2Fwp%2Fv2%2Fcomments&post=24930"}],"version-history":[{"count":0,"href":"https:\/\/economiapoliticacba.com\/index.php?rest_route=\/wp\/v2\/posts\/24930\/revisions"}],"wp:featuredmedia":[{"embeddable":true,"href":"https:\/\/economiapoliticacba.com\/index.php?rest_route=\/wp\/v2\/media\/24931"}],"wp:attachment":[{"href":"https:\/\/economiapoliticacba.com\/index.php?rest_route=%2Fwp%2Fv2%2Fmedia&parent=24930"}],"wp:term":[{"taxonomy":"category","embeddable":true,"href":"https:\/\/economiapoliticacba.com\/index.php?rest_route=%2Fwp%2Fv2%2Fcategories&post=24930"},{"taxonomy":"post_tag","embeddable":true,"href":"https:\/\/economiapoliticacba.com\/index.php?rest_route=%2Fwp%2Fv2%2Ftags&post=24930"}],"curies":[{"name":"wp","href":"https:\/\/api.w.org\/{rel}","templated":true}]}}