{"id":24385,"date":"2024-05-17T22:06:11","date_gmt":"2024-05-17T22:06:11","guid":{"rendered":"https:\/\/canalshowsport.com.ar\/?p=372238"},"modified":"2024-05-17T22:06:11","modified_gmt":"2024-05-17T22:06:11","slug":"prision-perpetua-para-roberto-carmona-por-el-crimen-de-javier-bocalon","status":"publish","type":"post","link":"https:\/\/economiapoliticacba.com\/?p=24385","title":{"rendered":"Prisi\u00f3n perpetua para Roberto Carmona por el crimen de Javier Bocal\u00f3n"},"content":{"rendered":"<p>Hoy se conoci\u00f3 el veredicto del nuevo juicio al m\u00faltiple asesino Roberto Carmona, conocido como la \u201cHiena Humana\u201d, en este \u00faltimo juicio se lo juzgaba por el crimen del taxista Javier Bacal\u00f3n, que fue en C\u00f3rdoba en Diciembre de 2022.<\/p>\n<p>La C\u00e1mara en lo Criminal y Correccional de 8\u00b0 Nominaci\u00f3n de la ciudad de C\u00f3rdoba,<strong>&nbsp;integrada por el tres jueces<\/strong>, el presidente del tribunal Marcelo Nicol\u00e1s Jaime, Juan Manuel Ugarte y Eugenio P\u00e9rez Moreno, junto a un jurado popular,&nbsp;<strong>defini\u00f3 una tercera prisi\u00f3n perpetua para Carmona<\/strong>, que ya suma otras dos anteriores y una m\u00e1s a 16 a\u00f1os.<\/p>\n<p>El debate se extendi\u00f3 desde el lunes hasta el viernes de esta semana, el tribunal evalu\u00f3&nbsp;<strong>tres ataques que involucran a&nbsp;<\/strong>la \u201cHiena Humana\u201d. El primero es el asesinato de Bocal\u00f3n, a quien acuchill\u00f3 varias veces luego de amenazarlo para que le entregara su auto.<\/p>\n<p>Carmona, presenci\u00f3 el juicio desde un&nbsp;<strong>cub\u00edculo blindado con dos guardias a sus espaldas<\/strong>, nunca mostr\u00f3 signos de arrepentimiento por el crimen. Por el contrario, relat\u00f3 con cinismo los detalles del ataque, mientras los familiares de la v\u00edctimas estaban presentes escuchando<\/p>\n<p>Carmona mat\u00f3 a Bocal\u00f3n luego de<strong>&nbsp;fugarse de una salida transitoria durante el partido de la semifinal entre Argentina y Croacia en el Mundial de Qatar<\/strong>. La \u201cHiena Humana\u201d, que hab\u00eda logrado el beneficio para tener un encuentro \u00edntimo con su esposa, logr\u00f3 burlar la custodia del Complejo Penitenciario de S\u00e1enz Pe\u00f1a de Chaco.<\/p>\n<p>Las otras dos acusaciones que recaen sobre Carmona&nbsp;<strong>refieren al robo de dos autos con los que intent\u00f3 emprender la fuga tras el asesinato del taxista.&nbsp;<\/strong>&nbsp;Lleg\u00f3 a juicio por los delitos de&nbsp;<strong>evasi\u00f3n y robo calificado por el uso de arma y homicidio&nbsp;<\/strong>con alevos\u00eda y criminis causa.<\/p>\n<p><strong>LEE TAMBI\u00c9N:<\/strong><\/p>\n<div class=\"wp-block-media-text is-stacked-on-mobile\" readability=\"0\">\n<figure class=\"wp-block-media-text__media\"><img loading=\"lazy\" fetchpriority=\"high\" decoding=\"async\" width=\"1140\" height=\"514\" src=\"http:\/\/economiapoliticacba.com\/wp-content\/uploads\/2024\/05\/prision-perpetua-para-roberto-carmona-por-el-crimen-de-javier-bocalon.png\" alt=\"Prisi\u00f3n perpetua para Roberto Carmona por el crimen de Javier Bocal\u00f3n | Canal Showsport\" class=\"wp-image-372239 size-full\" srcset=\"http:\/\/economiapoliticacba.com\/wp-content\/uploads\/2024\/05\/prision-perpetua-para-roberto-carmona-por-el-crimen-de-javier-bocalon.png 1140w, http:\/\/economiapoliticacba.com\/wp-content\/uploads\/2024\/05\/prision-perpetua-para-roberto-carmona-por-el-crimen-de-javier-bocalon-2.png 768w, http:\/\/economiapoliticacba.com\/wp-content\/uploads\/2024\/05\/prision-perpetua-para-roberto-carmona-por-el-crimen-de-javier-bocalon-3.png 24w, http:\/\/economiapoliticacba.com\/wp-content\/uploads\/2024\/05\/prision-perpetua-para-roberto-carmona-por-el-crimen-de-javier-bocalon-4.png 36w, http:\/\/economiapoliticacba.com\/wp-content\/uploads\/2024\/05\/prision-perpetua-para-roberto-carmona-por-el-crimen-de-javier-bocalon-5.png 48w, http:\/\/economiapoliticacba.com\/wp-content\/uploads\/2024\/05\/prision-perpetua-para-roberto-carmona-por-el-crimen-de-javier-bocalon-6.png 750w\" sizes=\"(max-width: 1140px) 100vw, 1140px\"><\/figure>\n<\/div>\n","protected":false},"excerpt":{"rendered":"<p>Hoy se conoci\u00f3 el veredicto del nuevo juicio al m\u00faltiple asesino Roberto Carmona, conocido como la \u201cHiena Humana\u201d, en este \u00faltimo juicio se lo juzgaba por el crimen del taxista Javier Bacal\u00f3n, que fue en C\u00f3rdoba en Diciembre de 2022. La C\u00e1mara en lo Criminal y Correccional de 8\u00b0 Nominaci\u00f3n de la ciudad de C\u00f3rdoba,&nbsp;integrada [&hellip;]<\/p>\n","protected":false},"author":1,"featured_media":24386,"comment_status":"closed","ping_status":"closed","sticky":false,"template":"","format":"standard","meta":{"om_disable_all_campaigns":false,"_monsterinsights_skip_tracking":false,"_monsterinsights_sitenote_active":false,"_monsterinsights_sitenote_note":"","_monsterinsights_sitenote_category":0},"categories":[16],"tags":[125,921,2145,27,952,364,30,2146,2147,2148,2149],"aioseo_notices":[],"_links":{"self":[{"href":"https:\/\/economiapoliticacba.com\/index.php?rest_route=\/wp\/v2\/posts\/24385"}],"collection":[{"href":"https:\/\/economiapoliticacba.com\/index.php?rest_route=\/wp\/v2\/posts"}],"about":[{"href":"https:\/\/economiapoliticacba.com\/index.php?rest_route=\/wp\/v2\/types\/post"}],"author":[{"embeddable":true,"href":"https:\/\/economiapoliticacba.com\/index.php?rest_route=\/wp\/v2\/users\/1"}],"replies":[{"embeddable":true,"href":"https:\/\/economiapoliticacba.com\/index.php?rest_route=%2Fwp%2Fv2%2Fcomments&post=24385"}],"version-history":[{"count":0,"href":"https:\/\/economiapoliticacba.com\/index.php?rest_route=\/wp\/v2\/posts\/24385\/revisions"}],"wp:featuredmedia":[{"embeddable":true,"href":"https:\/\/economiapoliticacba.com\/index.php?rest_route=\/wp\/v2\/media\/24386"}],"wp:attachment":[{"href":"https:\/\/economiapoliticacba.com\/index.php?rest_route=%2Fwp%2Fv2%2Fmedia&parent=24385"}],"wp:term":[{"taxonomy":"category","embeddable":true,"href":"https:\/\/economiapoliticacba.com\/index.php?rest_route=%2Fwp%2Fv2%2Fcategories&post=24385"},{"taxonomy":"post_tag","embeddable":true,"href":"https:\/\/economiapoliticacba.com\/index.php?rest_route=%2Fwp%2Fv2%2Ftags&post=24385"}],"curies":[{"name":"wp","href":"https:\/\/api.w.org\/{rel}","templated":true}]}}