{"id":24216,"date":"2024-05-13T20:59:26","date_gmt":"2024-05-13T20:59:26","guid":{"rendered":"https:\/\/canalshowsport.com.ar\/?p=371158"},"modified":"2024-05-13T20:59:26","modified_gmt":"2024-05-13T20:59:26","slug":"ya-es-oficial-cedula-azul-afuera-y-verde-sin-vencimiento","status":"publish","type":"post","link":"https:\/\/economiapoliticacba.com\/?p=24216","title":{"rendered":"Ya es oficial: c\u00e9dula azul afuera y verde sin vencimiento"},"content":{"rendered":"<p>El Gobierno del presidente<strong>&nbsp;Javier Milei&nbsp;<\/strong>formaliz\u00f3 este lunes 13 de mayo la&nbsp;<strong>derogaci\u00f3n de la c\u00e9dula azul&nbsp;<\/strong>para conducir un veh\u00edculo y&nbsp;<strong>la c\u00e9dula verde no vencer\u00e1, s\u00f3lo deber\u00e1 ser reemplazada cuando se cambie la titularidad de un autom\u00f3vil.<\/strong>&nbsp;Esta medida fue comunicada a trav\u00e9s de la&nbsp;<a href=\"https:\/\/www.boletinoficial.gob.ar\/detalleAviso\/primera\/307350\/20240513\" target=\"_blank\" rel=\"noreferrer noopener\"><strong>Disposici\u00f3n 29\/2024<\/strong><\/a>, publicada en el Bolet\u00edn Oficial.<\/p>\n<p> <a href=\"https:\/\/canalshowsport.com.ar\/wp-content\/uploads\/2024\/05\/cedula-azul.pdf\" class=\"pdfemb-viewer\" data-width=\"max\" data-height=\"max\" data-toolbar=\"bottom\" data-toolbar-fixed=\"off\">cedula-azul<\/a> <\/p>\n<h2 class=\"wp-block-heading has-text-align-center has-medium-font-size\">As\u00ed la<strong><a href=\"https:\/\/www.dnrpa.gov.ar\/portal_dnrpa\/\" target=\"_blank\" rel=\"noopener\">&nbsp;Direcci\u00f3n Nacional de los Registros Nacionales de la Propiedad del Automotor (DNRPA)<\/a><\/strong>&nbsp;establece que, a&nbsp;partir de ahora, no se emitir\u00e1n c\u00e9dula azul sino&nbsp;<strong>una c\u00e9dula verde original en diversos tr\u00e1mites<\/strong>. Esos incluyen la inscripci\u00f3n Inicial, transferencias, comunicaciones de recupero, cambios de radicaci\u00f3n o domicilio, entre otros casos espec\u00edficos.<\/h2>\n<h2 class=\"wp-block-heading\"><strong>Nuevas c\u00e9dulas: entrega, vencimiento y duplicado<\/strong><\/h2>\n<ul>\n<li>\u25cf Se expedir\u00e1n en formato f\u00edsico y digital, a retirar en el legajo del dominio o a trav\u00e9s del \u201cPerfil Digital del Ciudadano\u201d en la aplicaci\u00f3n<em>&nbsp;<a href=\"https:\/\/id.argentina.gob.ar\/ingresar\/?next=\/authorize\/%3Fclient_id%3D613410%26response_type%3Dcode%26scope%3Dopenid%2Bprofile%2Bemail%2Boptional%26redirect_uri%3Dhttps%3A\/\/mi.argentina.gob.ar\/_oauth\/oidc%26state%3DeyJsb2dpblN0eWxlIjoicmVkaXJlY3QiLCJjcmVkZW50aWFsVG9rZW4iOiJMUFRlRWhFQllCa1c0WXB1aSIsImlzQ29yZG92YSI6ZmFsc2UsInJlZGlyZWN0VXJsIjoiaHR0cHM6Ly9taS5hcmdlbnRpbmEuZ29iLmFyLyJ9\" target=\"_blank\" rel=\"noreferrer noopener\">\u201cMi Argentina\u201d<\/a>.<\/em><\/li>\n<li>\u25cf No tienen una fecha de vencimiento establecida, siempre y cuando no haya cambios en la titularidad del veh\u00edculo. Sin embargo, en casos espec\u00edficos donde se determine un plazo de vigencia, este ser\u00e1 aplicable.<\/li>\n<li>\u25cf Los titulares registrados como personas humanas pueden solicitar un duplicado y obtenerlo de manera electr\u00f3nica. Tampoco tendr\u00e1n fecha de vencimiento, a menos que haya una norma actual que establezca lo contrario.<\/li>\n<li>\u25cf Las c\u00e9dulas verdes y azules emitidas previamente con fecha de vencimiento seguir\u00e1n siendo v\u00e1lidas hasta que el solicitante decida revocarlas.<\/li>\n<\/ul>\n<h2 class=\"wp-block-heading\"><strong>Sin c\u00e9dula azul \u00bfQu\u00e9 documentos se necesit\u00f3 para circular?<\/strong><\/h2>\n<ul>\n<li>\u25cf Documento Nacional de Identidad (DNI).<\/li>\n<li>\u25cf Licencia Nacional de Conducir.<\/li>\n<li>\u25cf C\u00e9dula verde.<\/li>\n<li>\u25cf Comprobante de seguro vigente.<\/li>\n<li>\u25cf Constancia de Revisi\u00f3n T\u00e9cnica Obligatoria (RTO) o Verificaci\u00f3n T\u00e9cnica<\/li>\n<li>\u25cf Vehicular (VTV).<\/li>\n<li>\u25cf Chapas patente colocadas visibles, sin alteraciones y en buen estado.<\/li>\n<li>\u25cf Matafuegos con fecha vigente y balizas triangulares.<\/li>\n<\/ul>\n<h2 class=\"wp-block-heading\"><strong>\u00bfCu\u00e1ndo se pedir\u00e1 la c\u00e9dula verde?<\/strong><\/h2>\n<ul>\n<li>\u25cf Al practicar la Inscripci\u00f3n Inicial.<\/li>\n<li>\u25cf Al inscribir una transferencia.<\/li>\n<li>\u25cf Al inscribir una comunicaci\u00f3n de recupero.<\/li>\n<li>\u25cf Al practicarse un cambio de radicaci\u00f3n.<\/li>\n<li>\u25cf Al practicarse un cambio de domicilio.<\/li>\n<li>\u25cf Al practicarse un cambio de denominaci\u00f3n de la persona jur\u00eddica en caso de que sea titular registral.<\/li>\n<li>\u25cf Al practicarse un cambio de motor.<\/li>\n<li>\u25cf Al practicarse un cambio de chasis o cuadro.<\/li>\n<li>\u25cf Al practicarse una rectificaci\u00f3n del nombre o apellido del titular o de otro dato en ella consignado.<\/li>\n<li>\u25cf Al disponer la reposici\u00f3n de placas met\u00e1licas.<\/li>\n<li>\u25cf Al practicarse un cambio de uso.<\/li>\n<li>\u25cf Al practicarse la inscripci\u00f3n a nombre de una sociedad en formaci\u00f3n y, en su caso, la inscripci\u00f3n definitiva a nombre de la persona jur\u00eddica, una vez constituida la sociedad.<\/li>\n<\/ul>\n<div class=\"wp-block-media-text is-stacked-on-mobile\" readability=\"1.2\">\n<figure class=\"wp-block-media-text__media\"><img loading=\"lazy\" fetchpriority=\"high\" decoding=\"async\" width=\"1140\" height=\"684\" src=\"http:\/\/economiapoliticacba.com\/wp-content\/uploads\/2024\/05\/ya-es-oficial-cedula-azul-afuera-y-verde-sin-vencimiento.jpg\" alt=\"Ya es oficial: c\u00e9dula azul afuera y verde sin vencimiento | Canal Showsport\" class=\"wp-image-371160 size-full\" srcset=\"http:\/\/economiapoliticacba.com\/wp-content\/uploads\/2024\/05\/ya-es-oficial-cedula-azul-afuera-y-verde-sin-vencimiento.jpg 1140w, http:\/\/economiapoliticacba.com\/wp-content\/uploads\/2024\/05\/ya-es-oficial-cedula-azul-afuera-y-verde-sin-vencimiento-1.jpg 768w, http:\/\/economiapoliticacba.com\/wp-content\/uploads\/2024\/05\/ya-es-oficial-cedula-azul-afuera-y-verde-sin-vencimiento-2.jpg 24w, http:\/\/economiapoliticacba.com\/wp-content\/uploads\/2024\/05\/ya-es-oficial-cedula-azul-afuera-y-verde-sin-vencimiento-3.jpg 36w, http:\/\/economiapoliticacba.com\/wp-content\/uploads\/2024\/05\/ya-es-oficial-cedula-azul-afuera-y-verde-sin-vencimiento-4.jpg 48w, http:\/\/economiapoliticacba.com\/wp-content\/uploads\/2024\/05\/ya-es-oficial-cedula-azul-afuera-y-verde-sin-vencimiento-5.jpg 750w\" sizes=\"(max-width: 1140px) 100vw, 1140px\"><\/figure>\n<\/div>\n","protected":false},"excerpt":{"rendered":"<p>El Gobierno del presidente&nbsp;Javier Milei&nbsp;formaliz\u00f3 este lunes 13 de mayo la&nbsp;derogaci\u00f3n de la c\u00e9dula azul&nbsp;para conducir un veh\u00edculo y&nbsp;la c\u00e9dula verde no vencer\u00e1, s\u00f3lo deber\u00e1 ser reemplazada cuando se cambie la titularidad de un autom\u00f3vil.&nbsp;Esta medida fue comunicada a trav\u00e9s de la&nbsp;Disposici\u00f3n 29\/2024, publicada en el Bolet\u00edn Oficial. cedula-azul As\u00ed la&nbsp;Direcci\u00f3n Nacional de los Registros [&hellip;]<\/p>\n","protected":false},"author":1,"featured_media":24217,"comment_status":"closed","ping_status":"closed","sticky":false,"template":"","format":"standard","meta":{"om_disable_all_campaigns":false,"_monsterinsights_skip_tracking":false,"_monsterinsights_sitenote_active":false,"_monsterinsights_sitenote_note":"","_monsterinsights_sitenote_category":0},"categories":[16],"tags":[125,27,952,2116,2117,2118,30,2119,2120,2121,2122,2123,2124,1580,2125,2126],"aioseo_notices":[],"_links":{"self":[{"href":"https:\/\/economiapoliticacba.com\/index.php?rest_route=\/wp\/v2\/posts\/24216"}],"collection":[{"href":"https:\/\/economiapoliticacba.com\/index.php?rest_route=\/wp\/v2\/posts"}],"about":[{"href":"https:\/\/economiapoliticacba.com\/index.php?rest_route=\/wp\/v2\/types\/post"}],"author":[{"embeddable":true,"href":"https:\/\/economiapoliticacba.com\/index.php?rest_route=\/wp\/v2\/users\/1"}],"replies":[{"embeddable":true,"href":"https:\/\/economiapoliticacba.com\/index.php?rest_route=%2Fwp%2Fv2%2Fcomments&post=24216"}],"version-history":[{"count":0,"href":"https:\/\/economiapoliticacba.com\/index.php?rest_route=\/wp\/v2\/posts\/24216\/revisions"}],"wp:featuredmedia":[{"embeddable":true,"href":"https:\/\/economiapoliticacba.com\/index.php?rest_route=\/wp\/v2\/media\/24217"}],"wp:attachment":[{"href":"https:\/\/economiapoliticacba.com\/index.php?rest_route=%2Fwp%2Fv2%2Fmedia&parent=24216"}],"wp:term":[{"taxonomy":"category","embeddable":true,"href":"https:\/\/economiapoliticacba.com\/index.php?rest_route=%2Fwp%2Fv2%2Fcategories&post=24216"},{"taxonomy":"post_tag","embeddable":true,"href":"https:\/\/economiapoliticacba.com\/index.php?rest_route=%2Fwp%2Fv2%2Ftags&post=24216"}],"curies":[{"name":"wp","href":"https:\/\/api.w.org\/{rel}","templated":true}]}}