{"id":23932,"date":"2024-05-06T20:34:55","date_gmt":"2024-05-06T20:34:55","guid":{"rendered":"https:\/\/www.clubtalleres.com.ar\/?p=152780"},"modified":"2024-05-06T20:34:55","modified_gmt":"2024-05-06T20:34:55","slug":"talleres-espera-por-barcelona-de-ecuador","status":"publish","type":"post","link":"https:\/\/economiapoliticacba.com\/?p=23932","title":{"rendered":"Talleres espera por Barcelona de Ecuador"},"content":{"rendered":"<p>Los dirigidos por <strong>Walter Ribonetto<\/strong> contin\u00faan con su preparaci\u00f3n para el partido de este mi\u00e9rcoles a las 19.00 hs, cuando reciba a Barcelona de Guayaquil en el Estadio Mario Alberto Kempes, por la 4\u00b0 Fecha del Grupo B de la CONMEBOL Libertadores.<\/p>\n<p>En la pr\u00e1ctica de lunes, que se llev\u00f3 a cabo en el Centro de Alto Rendimiento Deportivo, el plantel realiz\u00f3 tareas f\u00edsicas y trabajos t\u00e9cnico \u2013 t\u00e1cticos.<\/p>\n<p><img loading=\"lazy\" fetchpriority=\"high\" decoding=\"async\" class=\"alignnone size-full wp-image-152781\" src=\"http:\/\/economiapoliticacba.com\/wp-content\/uploads\/2024\/05\/talleres-espera-por-barcelona-de-ecuador.jpg\" alt width=\"1389\" height=\"928\" srcset=\"http:\/\/economiapoliticacba.com\/wp-content\/uploads\/2024\/05\/talleres-espera-por-barcelona-de-ecuador.jpg 1389w, http:\/\/economiapoliticacba.com\/wp-content\/uploads\/2024\/05\/talleres-espera-por-barcelona-de-ecuador-1.jpg 300w, http:\/\/economiapoliticacba.com\/wp-content\/uploads\/2024\/05\/talleres-espera-por-barcelona-de-ecuador-2.jpg 1024w, http:\/\/economiapoliticacba.com\/wp-content\/uploads\/2024\/05\/talleres-espera-por-barcelona-de-ecuador-3.jpg 768w, http:\/\/economiapoliticacba.com\/wp-content\/uploads\/2024\/05\/talleres-espera-por-barcelona-de-ecuador-4.jpg 600w\" sizes=\"(max-width: 1389px) 100vw, 1389px\"><\/p>\n<p>La agenda Albiazul tendr\u00e1 continuidad este martes por la ma\u00f1ana en el CARD. Despu\u00e9s del entrenamiento los elegidos por el entrenador quedar\u00e1n concentrados al aguardo del duelo copera.<\/p>\n","protected":false},"excerpt":{"rendered":"<p>Los dirigidos por Walter Ribonetto contin\u00faan con su preparaci\u00f3n para el partido de este mi\u00e9rcoles a las 19.00 hs, cuando reciba a Barcelona de Guayaquil en el Estadio Mario Alberto Kempes, por la 4\u00b0 Fecha del Grupo B de la CONMEBOL Libertadores. En la pr\u00e1ctica de lunes, que se llev\u00f3 a cabo en el Centro [&hellip;]<\/p>\n","protected":false},"author":1,"featured_media":23933,"comment_status":"closed","ping_status":"closed","sticky":false,"template":"","format":"standard","meta":{"om_disable_all_campaigns":false,"_monsterinsights_skip_tracking":false,"_monsterinsights_sitenote_active":false,"_monsterinsights_sitenote_note":"","_monsterinsights_sitenote_category":0},"categories":[16],"tags":[],"aioseo_notices":[],"_links":{"self":[{"href":"https:\/\/economiapoliticacba.com\/index.php?rest_route=\/wp\/v2\/posts\/23932"}],"collection":[{"href":"https:\/\/economiapoliticacba.com\/index.php?rest_route=\/wp\/v2\/posts"}],"about":[{"href":"https:\/\/economiapoliticacba.com\/index.php?rest_route=\/wp\/v2\/types\/post"}],"author":[{"embeddable":true,"href":"https:\/\/economiapoliticacba.com\/index.php?rest_route=\/wp\/v2\/users\/1"}],"replies":[{"embeddable":true,"href":"https:\/\/economiapoliticacba.com\/index.php?rest_route=%2Fwp%2Fv2%2Fcomments&post=23932"}],"version-history":[{"count":0,"href":"https:\/\/economiapoliticacba.com\/index.php?rest_route=\/wp\/v2\/posts\/23932\/revisions"}],"wp:featuredmedia":[{"embeddable":true,"href":"https:\/\/economiapoliticacba.com\/index.php?rest_route=\/wp\/v2\/media\/23933"}],"wp:attachment":[{"href":"https:\/\/economiapoliticacba.com\/index.php?rest_route=%2Fwp%2Fv2%2Fmedia&parent=23932"}],"wp:term":[{"taxonomy":"category","embeddable":true,"href":"https:\/\/economiapoliticacba.com\/index.php?rest_route=%2Fwp%2Fv2%2Fcategories&post=23932"},{"taxonomy":"post_tag","embeddable":true,"href":"https:\/\/economiapoliticacba.com\/index.php?rest_route=%2Fwp%2Fv2%2Ftags&post=23932"}],"curies":[{"name":"wp","href":"https:\/\/api.w.org\/{rel}","templated":true}]}}