{"id":23802,"date":"2024-05-03T23:23:59","date_gmt":"2024-05-03T23:23:59","guid":{"rendered":"https:\/\/www.clubtalleres.com.ar\/?p=152678"},"modified":"2024-05-03T23:23:59","modified_gmt":"2024-05-03T23:23:59","slug":"el-plantel-albiazul-vuelve-a-las-tareas","status":"publish","type":"post","link":"https:\/\/economiapoliticacba.com\/?p=23802","title":{"rendered":"El Plantel Albiazul vuelve a las tareas"},"content":{"rendered":"<div><img src=\"http:\/\/economiapoliticacba.com\/wp-content\/uploads\/2024\/05\/el-plantel-albiazul-vuelve-a-las-tareas.jpg\" class=\"ff-og-image-inserted\"><\/div>\n<p>Despu\u00e9s de la jornada de descanso, los dirigidos por Walter Ribonetto retomar\u00e1n sus trabajos este s\u00e1bado por la ma\u00f1ana en el Centro de Alto Rendimiento Deportivo.<\/p>\n<p>Talleres se prepara para su partido del pr\u00f3ximo mi\u00e9rcoles 8 de mayo a las 19.00 hs, cuando reciba a Barcelona de Ecuador en el Estadio Mario Alberto Kempes, en el marco de la 4\u00b0 Fecha del Grupo B de CONMEBOL Libertadores.<\/p>\n<p>Pensando en el pr\u00f3ximo duelo copero, el plantel entrenar\u00e1 a puertas cerradas desde este s\u00e1bado hasta el martes, siempre en horario matutino. El martes los elegidos por el entrenador quedar\u00e1n concentrados.<\/p>\n<p>Este lunes 6 de mayo a las 13.00 hs, a modo de servicio en la previa al compromiso ante el elenco ecuatoriano, se realizar\u00e1 el di\u00e1logo abierto del Director T\u00e9cnico Walter Ribonetto junto a los periodistas acreditados. El mismo se llevar\u00e1 a cabo en la Sala de Prensa del Centro de Alto Rendimiento Deportivo Amadeo Nuccetelli.<\/p>\n<p>Recordamos que, respetando el protocolo CONMEBOL, ser\u00e1 el \u00fanico momento para dialogar con el Director T\u00e9cnico albiazul previo al partido con Barcelona de Ecuador.<\/p>\n","protected":false},"excerpt":{"rendered":"<p>Despu\u00e9s de la jornada de descanso, los dirigidos por Walter Ribonetto retomar\u00e1n sus trabajos este s\u00e1bado por la ma\u00f1ana en el Centro de Alto Rendimiento Deportivo. Talleres se prepara para su partido del pr\u00f3ximo mi\u00e9rcoles 8 de mayo a las 19.00 hs, cuando reciba a Barcelona de Ecuador en el Estadio Mario Alberto Kempes, en [&hellip;]<\/p>\n","protected":false},"author":1,"featured_media":23803,"comment_status":"closed","ping_status":"closed","sticky":false,"template":"","format":"standard","meta":{"om_disable_all_campaigns":false,"_monsterinsights_skip_tracking":false,"_monsterinsights_sitenote_active":false,"_monsterinsights_sitenote_note":"","_monsterinsights_sitenote_category":0},"categories":[16],"tags":[],"aioseo_notices":[],"_links":{"self":[{"href":"https:\/\/economiapoliticacba.com\/index.php?rest_route=\/wp\/v2\/posts\/23802"}],"collection":[{"href":"https:\/\/economiapoliticacba.com\/index.php?rest_route=\/wp\/v2\/posts"}],"about":[{"href":"https:\/\/economiapoliticacba.com\/index.php?rest_route=\/wp\/v2\/types\/post"}],"author":[{"embeddable":true,"href":"https:\/\/economiapoliticacba.com\/index.php?rest_route=\/wp\/v2\/users\/1"}],"replies":[{"embeddable":true,"href":"https:\/\/economiapoliticacba.com\/index.php?rest_route=%2Fwp%2Fv2%2Fcomments&post=23802"}],"version-history":[{"count":0,"href":"https:\/\/economiapoliticacba.com\/index.php?rest_route=\/wp\/v2\/posts\/23802\/revisions"}],"wp:featuredmedia":[{"embeddable":true,"href":"https:\/\/economiapoliticacba.com\/index.php?rest_route=\/wp\/v2\/media\/23803"}],"wp:attachment":[{"href":"https:\/\/economiapoliticacba.com\/index.php?rest_route=%2Fwp%2Fv2%2Fmedia&parent=23802"}],"wp:term":[{"taxonomy":"category","embeddable":true,"href":"https:\/\/economiapoliticacba.com\/index.php?rest_route=%2Fwp%2Fv2%2Fcategories&post=23802"},{"taxonomy":"post_tag","embeddable":true,"href":"https:\/\/economiapoliticacba.com\/index.php?rest_route=%2Fwp%2Fv2%2Ftags&post=23802"}],"curies":[{"name":"wp","href":"https:\/\/api.w.org\/{rel}","templated":true}]}}