{"id":23288,"date":"2024-04-22T12:29:17","date_gmt":"2024-04-22T12:29:17","guid":{"rendered":"https:\/\/canalshowsport.com.ar\/?p=366408"},"modified":"2024-04-22T12:29:17","modified_gmt":"2024-04-22T12:29:17","slug":"el-inter-de-lautaro-martinez-se-enfrenta-al-milan-por-la-serie-a","status":"publish","type":"post","link":"https:\/\/economiapoliticacba.com\/?p=23288","title":{"rendered":"El Inter de Lautaro Mart\u00ednez se enfrenta al Milan por la Serie A"},"content":{"rendered":"<p><strong>Por la jornada 33 de la Serie A<\/strong>, Milan enfrentar\u00e1 en condici\u00f3n de local al Inter este lunes, desde las 15.45 horas en el Estadio San Siro para ir definiendo la carrera por el t\u00edtulo de Italia. <\/p>\n<p>Milan&nbsp;se encuentra transitando un presente irregular, ya que en sus \u00faltimos dos encuentros no pudo sumar de a tres. Perdi\u00f3 0-1 con Roma de local, mientras que igual\u00f3 en tres con Sassuolo en el \u00faltimo antecedente liguero.&nbsp;Los Rossoneros est\u00e1n en la segunda posici\u00f3n de la tabla, con 69 unidades.&nbsp;<\/p>\n<div class=\"wp-block-image\">\n<figure class=\"aligncenter size-full is-resized\"><img loading=\"lazy\" fetchpriority=\"high\" decoding=\"async\" width=\"644\" height=\"362\" alt=\"El Inter de Lautaro Mart\u00ednez se enfrenta al Milan por la Serie A | Canal Showsport\" data-sizes=\"(max-width: 644px) 100vw, 644px\" class=\"wp-image-366409 lazyload\" src=\"http:\/\/economiapoliticacba.com\/wp-content\/uploads\/2024\/04\/el-inter-de-lautaro-martinez-se-enfrenta-al-milan-por-la-serie-a.jpg\" srcset=\"http:\/\/economiapoliticacba.com\/wp-content\/uploads\/2024\/04\/el-inter-de-lautaro-martinez-se-enfrenta-al-milan-por-la-serie-a.jpg 644w, http:\/\/economiapoliticacba.com\/wp-content\/uploads\/2024\/04\/el-inter-de-lautaro-martinez-se-enfrenta-al-milan-por-la-serie-a-2.jpg 24w, http:\/\/economiapoliticacba.com\/wp-content\/uploads\/2024\/04\/el-inter-de-lautaro-martinez-se-enfrenta-al-milan-por-la-serie-a-3.jpg 36w, http:\/\/economiapoliticacba.com\/wp-content\/uploads\/2024\/04\/el-inter-de-lautaro-martinez-se-enfrenta-al-milan-por-la-serie-a-4.jpg 48w\"><noscript><img loading=\"lazy\" fetchpriority=\"high\" decoding=\"async\" width=\"644\" height=\"362\" src=\"http:\/\/economiapoliticacba.com\/wp-content\/uploads\/2024\/04\/el-inter-de-lautaro-martinez-se-enfrenta-al-milan-por-la-serie-a.jpg\" alt=\"El Inter de Lautaro Mart\u00ednez se enfrenta al Milan por la Serie A | Canal Showsport\" class=\"wp-image-366409\" srcset=\"http:\/\/economiapoliticacba.com\/wp-content\/uploads\/2024\/04\/el-inter-de-lautaro-martinez-se-enfrenta-al-milan-por-la-serie-a.jpg 644w, http:\/\/economiapoliticacba.com\/wp-content\/uploads\/2024\/04\/el-inter-de-lautaro-martinez-se-enfrenta-al-milan-por-la-serie-a-2.jpg 24w, http:\/\/economiapoliticacba.com\/wp-content\/uploads\/2024\/04\/el-inter-de-lautaro-martinez-se-enfrenta-al-milan-por-la-serie-a-3.jpg 36w, http:\/\/economiapoliticacba.com\/wp-content\/uploads\/2024\/04\/el-inter-de-lautaro-martinez-se-enfrenta-al-milan-por-la-serie-a-4.jpg 48w\" sizes=\"(max-width: 644px) 100vw, 644px\"><\/noscript><figcaption class=\"wp-element-caption\">Mil\u00e1n \u2013 Serie A<\/figcaption><\/figure>\n<\/div>\n<p>Por su parte,&nbsp;Inter&nbsp;viene de empatar ante Cagliari 2-2, pero anteriormente hab\u00eda cosechado dos victorias consecutivas.&nbsp;Los de Lautaro Mart\u00ednez son los l\u00edderes del campeonato, con 83 unidades. De superar a su ac\u00e9rrimo rival quedar\u00e1n a un paso de conseguir el t\u00edtulo liguero.&nbsp;<\/p>\n<h5 class=\"wp-block-heading\">+ Te puede interesar: <a href=\"https:\/\/canalshowsport.com.ar\/la-foto-viral-que-despeja-las-dudas-del-gol-anulado-a-river\/\" data-type=\"link\" data-id=\"https:\/\/canalshowsport.com.ar\/la-foto-viral-que-despeja-las-dudas-del-gol-anulado-a-river\/\">La foto viral que despejar\u00eda las dudas del gol anulado a River<\/a><\/h5>\n<h5 class=\"wp-block-heading\"><strong>Problabes formaciones:<\/strong><\/h5>\n<p><strong>Milan: <\/strong>Maignan; Calabria, Tomori, Gabbia, Hernandez; Bennacer, Reijnders; Pulisic, Loftus-Cheek, Leao; Giroud. DT: Stefano Pioli<\/p>\n<p><strong>Inter:<\/strong> Sommer; Pavard, Acerbi, Bastoni; Darmian, Barella, Calhanoglu, Mkhitaryan, Dimarco; Thuram, Martinez.&nbsp;DT: Simone&nbsp;Inzaghi<\/p>\n","protected":false},"excerpt":{"rendered":"<p>Por la jornada 33 de la Serie A, Milan enfrentar\u00e1 en condici\u00f3n de local al Inter este lunes, desde las 15.45 horas en el Estadio San Siro para ir definiendo la carrera por el t\u00edtulo de Italia. Milan&nbsp;se encuentra transitando un presente irregular, ya que en sus \u00faltimos dos encuentros no pudo sumar de a [&hellip;]<\/p>\n","protected":false},"author":1,"featured_media":23289,"comment_status":"closed","ping_status":"closed","sticky":false,"template":"","format":"standard","meta":{"om_disable_all_campaigns":false,"_monsterinsights_skip_tracking":false,"_monsterinsights_sitenote_active":false,"_monsterinsights_sitenote_note":"","_monsterinsights_sitenote_category":0},"categories":[16],"tags":[2068,34,454,1107,958,455],"aioseo_notices":[],"_links":{"self":[{"href":"https:\/\/economiapoliticacba.com\/index.php?rest_route=\/wp\/v2\/posts\/23288"}],"collection":[{"href":"https:\/\/economiapoliticacba.com\/index.php?rest_route=\/wp\/v2\/posts"}],"about":[{"href":"https:\/\/economiapoliticacba.com\/index.php?rest_route=\/wp\/v2\/types\/post"}],"author":[{"embeddable":true,"href":"https:\/\/economiapoliticacba.com\/index.php?rest_route=\/wp\/v2\/users\/1"}],"replies":[{"embeddable":true,"href":"https:\/\/economiapoliticacba.com\/index.php?rest_route=%2Fwp%2Fv2%2Fcomments&post=23288"}],"version-history":[{"count":0,"href":"https:\/\/economiapoliticacba.com\/index.php?rest_route=\/wp\/v2\/posts\/23288\/revisions"}],"wp:featuredmedia":[{"embeddable":true,"href":"https:\/\/economiapoliticacba.com\/index.php?rest_route=\/wp\/v2\/media\/23289"}],"wp:attachment":[{"href":"https:\/\/economiapoliticacba.com\/index.php?rest_route=%2Fwp%2Fv2%2Fmedia&parent=23288"}],"wp:term":[{"taxonomy":"category","embeddable":true,"href":"https:\/\/economiapoliticacba.com\/index.php?rest_route=%2Fwp%2Fv2%2Fcategories&post=23288"},{"taxonomy":"post_tag","embeddable":true,"href":"https:\/\/economiapoliticacba.com\/index.php?rest_route=%2Fwp%2Fv2%2Ftags&post=23288"}],"curies":[{"name":"wp","href":"https:\/\/api.w.org\/{rel}","templated":true}]}}