{"id":22758,"date":"2024-04-10T18:08:10","date_gmt":"2024-04-10T18:08:10","guid":{"rendered":"https:\/\/canalshowsport.com.ar\/?p=363403"},"modified":"2024-04-10T18:08:10","modified_gmt":"2024-04-10T18:08:10","slug":"los-barrios-de-cordoba-donde-fumigaran-contra-el-dengue-este-miercoles","status":"publish","type":"post","link":"https:\/\/economiapoliticacba.com\/?p=22758","title":{"rendered":"Los barrios de C\u00f3rdoba donde fumigar\u00e1n contra el dengue este mi\u00e9rcoles"},"content":{"rendered":"<div><img src=\"http:\/\/economiapoliticacba.com\/wp-content\/uploads\/2024\/04\/los-barrios-de-cordoba-donde-fumigaran-contra-el-dengue-este-miercoles.jpg\" class=\"ff-og-image-inserted\"><\/div>\n<p>Frente a la suba de casos de dengue en C\u00f3rdoba, la Municipalidad contin\u00faa con sus acciones preventivas e intenta controlar la poblaci\u00f3n del&nbsp;<strong>mosquito&nbsp;<\/strong>vector. Este martes llevar\u00e1 a cabo un nuevo operativo de<strong>&nbsp;fumigaci\u00f3n y descacharreo<\/strong>&nbsp;en diferentes barrios y espacios p\u00fablicos&nbsp;<\/p>\n<p><strong>Barrios en los que fumigar\u00e1n<\/strong><\/p>\n<ul>\n<li>Ampliaci\u00f3n Empalme<\/li>\n<li>Primero de Mayo<\/li>\n<li>Acosta<\/li>\n<li>Colonia Lola<\/li>\n<li>Miralta<\/li>\n<li>Talleres Este<\/li>\n<li>Talleres Oeste<\/li>\n<li>Yofre Norte<\/li>\n<li>Patricios Este<\/li>\n<li>Patricios Oeste<\/li>\n<\/ul>\n<p><strong><em>LEER M\u00c1S:&nbsp;<a href=\"https:\/\/canalc.com.ar\/frio-invernal-y-lluvias-llega-a-cordoba-un-abrupto-cambio-de-tiempo\/\" target=\"_blank\" rel=\"noopener\">Fr\u00edo invernal y lluvias: llega a C\u00f3rdoba un abrupto cambio de tiempo<\/a><\/em><\/strong><\/p>\n<p><strong>Barrios en donde se aplicar\u00e1 el descacharreo casa por casa y la fumigaci\u00f3n en espacios p\u00fablicos<\/strong><\/p>\n<ul>\n<li>Rivera Indarte (exclusivo descacharreo)<\/li>\n<li>Talleres Oeste (exclusivo fumigaci\u00f3n)<\/li>\n<li>Centro vecinal de Parque UniversitarIo (fumigaci\u00f3n)<\/li>\n<li>Mar\u00eda Lastenia<\/li>\n<li>Cerro Norte<\/li>\n<li>Colonia Lola<\/li>\n<li>Sargento Cabral<\/li>\n<li>Parque Capital<\/li>\n<li>Coronel Olmedo<\/li>\n<\/ul>\n","protected":false},"excerpt":{"rendered":"<p>Frente a la suba de casos de dengue en C\u00f3rdoba, la Municipalidad contin\u00faa con sus acciones preventivas e intenta controlar la poblaci\u00f3n del&nbsp;mosquito&nbsp;vector. Este martes llevar\u00e1 a cabo un nuevo operativo de&nbsp;fumigaci\u00f3n y descacharreo&nbsp;en diferentes barrios y espacios p\u00fablicos&nbsp; Barrios en los que fumigar\u00e1n Ampliaci\u00f3n Empalme Primero de Mayo Acosta Colonia Lola Miralta Talleres Este [&hellip;]<\/p>\n","protected":false},"author":1,"featured_media":22759,"comment_status":"closed","ping_status":"closed","sticky":false,"template":"","format":"standard","meta":{"om_disable_all_campaigns":false,"_monsterinsights_skip_tracking":false,"_monsterinsights_sitenote_active":false,"_monsterinsights_sitenote_note":"","_monsterinsights_sitenote_category":0},"categories":[16],"tags":[27,30,1873,2042,1990],"aioseo_notices":[],"_links":{"self":[{"href":"https:\/\/economiapoliticacba.com\/index.php?rest_route=\/wp\/v2\/posts\/22758"}],"collection":[{"href":"https:\/\/economiapoliticacba.com\/index.php?rest_route=\/wp\/v2\/posts"}],"about":[{"href":"https:\/\/economiapoliticacba.com\/index.php?rest_route=\/wp\/v2\/types\/post"}],"author":[{"embeddable":true,"href":"https:\/\/economiapoliticacba.com\/index.php?rest_route=\/wp\/v2\/users\/1"}],"replies":[{"embeddable":true,"href":"https:\/\/economiapoliticacba.com\/index.php?rest_route=%2Fwp%2Fv2%2Fcomments&post=22758"}],"version-history":[{"count":0,"href":"https:\/\/economiapoliticacba.com\/index.php?rest_route=\/wp\/v2\/posts\/22758\/revisions"}],"wp:featuredmedia":[{"embeddable":true,"href":"https:\/\/economiapoliticacba.com\/index.php?rest_route=\/wp\/v2\/media\/22759"}],"wp:attachment":[{"href":"https:\/\/economiapoliticacba.com\/index.php?rest_route=%2Fwp%2Fv2%2Fmedia&parent=22758"}],"wp:term":[{"taxonomy":"category","embeddable":true,"href":"https:\/\/economiapoliticacba.com\/index.php?rest_route=%2Fwp%2Fv2%2Fcategories&post=22758"},{"taxonomy":"post_tag","embeddable":true,"href":"https:\/\/economiapoliticacba.com\/index.php?rest_route=%2Fwp%2Fv2%2Ftags&post=22758"}],"curies":[{"name":"wp","href":"https:\/\/api.w.org\/{rel}","templated":true}]}}