{"id":22643,"date":"2024-04-07T16:50:43","date_gmt":"2024-04-07T16:50:43","guid":{"rendered":"https:\/\/canalshowsport.com.ar\/?p=362594"},"modified":"2024-04-07T16:50:43","modified_gmt":"2024-04-07T16:50:43","slug":"el-lunes-habra-paro-de-transporte-interurbano-en-cordoba","status":"publish","type":"post","link":"https:\/\/economiapoliticacba.com\/?p=22643","title":{"rendered":"El lunes habr\u00e1 paro de transporte interurbano en C\u00f3rdoba"},"content":{"rendered":"<p>El mi\u00e9rcoles&nbsp;<strong>la&nbsp;<a href=\"https:\/\/www.aoita.org.ar\/inicio.php\" target=\"_blank\" rel=\"noopener\">Asociaci\u00f3n Obrera de la Industria del Transporte Automotor (Aoita)<\/a>&nbsp;anunci\u00f3 un&nbsp;paro&nbsp;de transporte para el lunes 8 de abril<\/strong>. El sindicato dio a conocer la medida de fuerza ante la falta de acuerdo en la mesa de negociaci\u00f3n iniciada con las empresas. Cabe recordar que hace dos semanas los empresarios nucleados en&nbsp;<strong>Fetap<\/strong>&nbsp;plantearon un&nbsp;<strong>escenario de<em>&nbsp;\u201ccolapso\u201d<\/em>&nbsp;en el sistema interurbano<\/strong>.&nbsp;<\/p>\n<p class=\"has-medium-font-size\"><strong>El comunicado<\/strong><\/p>\n<p><strong><em>\u201cEl pasado 8 de marzo acordamos de manera parcial y transitoria una conciliaci\u00f3n voluntaria con el fin de continuar negociando los incrementos salariales solicitados a principios de a\u00f1o\u201d<\/em><\/strong>, reza el comunicado emitido desde el gremio. Adem\u00e1s aclaran que consideran&nbsp;<strong><em>\u201ctotalmente insuficiente\u201d<\/em><\/strong>&nbsp;la propuesta presentada por las c\u00e1maras empresarias.<\/p>\n<p>En esa misma l\u00ednea, el gremio del transporte aprovech\u00f3 la misiva oficial para reiterar una vez m\u00e1s su pedido de<em>&nbsp;\u201c<\/em><strong><em>transparencia de los datos de la operatoria del sistema p\u00fablico de transporte interurbano de C\u00f3rdoba\u201d, con el fin de \u201crepensar un transporte que hoy es ineficiente e inseguro para usuarios y conductores\u201d.<\/em><\/strong><\/p>\n<p><strong><em>\u201cVivimos d\u00eda a d\u00eda, trabajadores y usuarios, una confrontaci\u00f3n traum\u00e1tica por un servicio p\u00fablico que presenta innumerables falencias. Los trabajadores perciben sueldos insuficientes y deben soportar amenazas de despido\u201d<\/em><\/strong>, indicaron. A su vez la conducci\u00f3n de Aoita hizo<strong><em>&nbsp;\u201cun pedido extraordinario al Estado provincial&nbsp;para que intervenga en esta grav\u00edsima situaci\u00f3n del servicio p\u00fablico de pasajeros\u201d.<\/em><\/strong><\/p>\n<figure class=\"wp-block-image size-full\"><img loading=\"lazy\" fetchpriority=\"high\" decoding=\"async\" width=\"750\" height=\"1055\" alt=\"El lunes habr\u00e1 paro de transporte interurbano en C\u00f3rdoba | Canal Showsport\" data-sizes=\"(max-width: 750px) 100vw, 750px\" class=\"wp-image-362596 lazyload\" src=\"http:\/\/economiapoliticacba.com\/wp-content\/uploads\/2024\/04\/el-lunes-habra-paro-de-transporte-interurbano-en-cordoba.png\" srcset=\"http:\/\/economiapoliticacba.com\/wp-content\/uploads\/2024\/04\/el-lunes-habra-paro-de-transporte-interurbano-en-cordoba.png 750w, http:\/\/economiapoliticacba.com\/wp-content\/uploads\/2024\/04\/el-lunes-habra-paro-de-transporte-interurbano-en-cordoba-1.png 17w, http:\/\/economiapoliticacba.com\/wp-content\/uploads\/2024\/04\/el-lunes-habra-paro-de-transporte-interurbano-en-cordoba-2.png 26w, http:\/\/economiapoliticacba.com\/wp-content\/uploads\/2024\/04\/el-lunes-habra-paro-de-transporte-interurbano-en-cordoba-3.png 34w\"><noscript><img loading=\"lazy\" fetchpriority=\"high\" decoding=\"async\" width=\"750\" height=\"1055\" src=\"http:\/\/economiapoliticacba.com\/wp-content\/uploads\/2024\/04\/el-lunes-habra-paro-de-transporte-interurbano-en-cordoba.png\" alt=\"El lunes habr\u00e1 paro de transporte interurbano en C\u00f3rdoba | Canal Showsport\" class=\"wp-image-362596\" srcset=\"http:\/\/economiapoliticacba.com\/wp-content\/uploads\/2024\/04\/el-lunes-habra-paro-de-transporte-interurbano-en-cordoba.png 750w, http:\/\/economiapoliticacba.com\/wp-content\/uploads\/2024\/04\/el-lunes-habra-paro-de-transporte-interurbano-en-cordoba-1.png 17w, http:\/\/economiapoliticacba.com\/wp-content\/uploads\/2024\/04\/el-lunes-habra-paro-de-transporte-interurbano-en-cordoba-2.png 26w, http:\/\/economiapoliticacba.com\/wp-content\/uploads\/2024\/04\/el-lunes-habra-paro-de-transporte-interurbano-en-cordoba-3.png 34w\" sizes=\"(max-width: 750px) 100vw, 750px\"><\/noscript><\/figure>\n<p class=\"has-medium-font-size\"><strong>Di\u00e1logo trunco<\/strong><\/p>\n<blockquote class=\"wp-block-quote\" readability=\"12\">\n<p>En comunicaci\u00f3n con<strong>&nbsp;La Ma\u00f1ana del C<\/strong>, el secretario general de Aoita,&nbsp;<strong>Claudio Luna,<\/strong>&nbsp;insisti\u00f3 en la apertura de di\u00e1logo con las empresas y el Estado:&nbsp;<strong><em>\u201cVenimos desde el 15 de enero discutiendo una cl\u00e1usula de revisi\u00f3n de un acuerdo que firmamos el 5 de diciembre. Atravesamos la conciliaci\u00f3n obligatoria con la subsecuente pr\u00f3rroga, llegamos al 8 de marzo con un acuerdo transitorio y parcial de dos sumas no remunerativas para paliar un poco la terrible p\u00e9rdida del poder adquisitivo de los trabajadores\u201d<\/em><\/strong>.<\/p>\n<\/blockquote>\n<p>Adem\u00e1s sostuvo que<strong><em>&nbsp;\u201cse sometieron\u201d&nbsp;<\/em><\/strong>a una<em>&nbsp;<\/em><strong><em>\u201cconciliaci\u00f3n obligatoria que culmin\u00f3 el domingo pasado\u201d.<\/em><\/strong>&nbsp;A esto, sum\u00f3 que el&nbsp;<strong>valor de los boletos<\/strong>&nbsp;hace que los usuarios tomen&nbsp;<strong><em>\u201ccada vez menos\u201d<\/em><\/strong>&nbsp;el transporte interurbano y elijan alternativas en veh\u00edculos particulares. Sin embargo, a pesar de la suba de los pasajes, los trabajadores no tienen impacto alguno en sus salarios.<\/p>\n<figure class=\"wp-block-embed is-type-video is-provider-youtube wp-block-embed-youtube wp-embed-aspect-16-9 wp-has-aspect-ratio\">\n<div class=\"wp-block-embed__wrapper\">\n<p><iframe loading=\"lazy\" title=\"Aoita declara paro total para el lunes 8 Claudio Luna\" width=\"500\" height=\"281\" src=\"https:\/\/www.youtube.com\/embed\/ufwWrh4RNck?feature=oembed\" frameborder=\"0\" allow=\"accelerometer; autoplay; clipboard-write; encrypted-media; gyroscope; picture-in-picture; web-share\" referrerpolicy=\"strict-origin-when-cross-origin\" allowfullscreen>[embedded content]<\/iframe><\/p>\n<\/div>\n<\/figure>\n<p class=\"has-medium-font-size\"><strong>LEER TAMBI\u00c9N:&nbsp;<a href=\"https:\/\/canalc.com.ar\/cordoba-ya-rige-el-aumento-del-gnc-en-el-interior-de-la-provincia\/\" target=\"_blank\" rel=\"noopener\">C\u00f3rdoba: Ya rige el aumento del GNC en el interior de la provincia<\/a><\/strong><\/p>\n","protected":false},"excerpt":{"rendered":"<p>El mi\u00e9rcoles&nbsp;la&nbsp;Asociaci\u00f3n Obrera de la Industria del Transporte Automotor (Aoita)&nbsp;anunci\u00f3 un&nbsp;paro&nbsp;de transporte para el lunes 8 de abril. El sindicato dio a conocer la medida de fuerza ante la falta de acuerdo en la mesa de negociaci\u00f3n iniciada con las empresas. Cabe recordar que hace dos semanas los empresarios nucleados en&nbsp;Fetap&nbsp;plantearon un&nbsp;escenario de&nbsp;\u201ccolapso\u201d&nbsp;en el sistema [&hellip;]<\/p>\n","protected":false},"author":1,"featured_media":22644,"comment_status":"closed","ping_status":"closed","sticky":false,"template":"","format":"standard","meta":{"om_disable_all_campaigns":false,"_monsterinsights_skip_tracking":false,"_monsterinsights_sitenote_active":false,"_monsterinsights_sitenote_note":"","_monsterinsights_sitenote_category":0},"categories":[16],"tags":[2007,2008,2009,2010,27,952,916,126,30,2011,2012,1393,841,2013,127,129,2014,768,2015,1844,131,2016],"aioseo_notices":[],"_links":{"self":[{"href":"https:\/\/economiapoliticacba.com\/index.php?rest_route=\/wp\/v2\/posts\/22643"}],"collection":[{"href":"https:\/\/economiapoliticacba.com\/index.php?rest_route=\/wp\/v2\/posts"}],"about":[{"href":"https:\/\/economiapoliticacba.com\/index.php?rest_route=\/wp\/v2\/types\/post"}],"author":[{"embeddable":true,"href":"https:\/\/economiapoliticacba.com\/index.php?rest_route=\/wp\/v2\/users\/1"}],"replies":[{"embeddable":true,"href":"https:\/\/economiapoliticacba.com\/index.php?rest_route=%2Fwp%2Fv2%2Fcomments&post=22643"}],"version-history":[{"count":0,"href":"https:\/\/economiapoliticacba.com\/index.php?rest_route=\/wp\/v2\/posts\/22643\/revisions"}],"wp:featuredmedia":[{"embeddable":true,"href":"https:\/\/economiapoliticacba.com\/index.php?rest_route=\/wp\/v2\/media\/22644"}],"wp:attachment":[{"href":"https:\/\/economiapoliticacba.com\/index.php?rest_route=%2Fwp%2Fv2%2Fmedia&parent=22643"}],"wp:term":[{"taxonomy":"category","embeddable":true,"href":"https:\/\/economiapoliticacba.com\/index.php?rest_route=%2Fwp%2Fv2%2Fcategories&post=22643"},{"taxonomy":"post_tag","embeddable":true,"href":"https:\/\/economiapoliticacba.com\/index.php?rest_route=%2Fwp%2Fv2%2Ftags&post=22643"}],"curies":[{"name":"wp","href":"https:\/\/api.w.org\/{rel}","templated":true}]}}