{"id":2190,"date":"2022-11-09T00:33:39","date_gmt":"2022-11-09T00:33:39","guid":{"rendered":"https:\/\/canalshowsport.com.ar\/?p=250738"},"modified":"2022-11-09T00:33:39","modified_gmt":"2022-11-09T00:33:39","slug":"la-seleccion-argentina-de-basquet-comenzo-sus-entrenamientos-en-miami","status":"publish","type":"post","link":"https:\/\/economiapoliticacba.com\/?p=2190","title":{"rendered":"La Selecci\u00f3n Argentina de B\u00e1squet comenz\u00f3 sus entrenamientos en Miami"},"content":{"rendered":"<div class=\"elementor-widget-container\" readability=\"29.426934097421\">\n<p>La Selecci\u00f3n Argentina de B\u00e1squet tendr\u00e1 que afrontar dos compromisos pr\u00f3ximamente en la quinta ventana FIBA del a\u00f1o, correspondiente a las eliminatorias americanas para el <strong><a href=\"https:\/\/www.fiba.basketball\/es\/basketballworldcup\/2023\" target=\"_blank\" rel=\"noopener\">Mundial Filipinas-Jap\u00f3n-Indonesia 2023,<\/a><\/strong> que se disputar\u00e1 del 25 de agosto al 10 de septiembre del pr\u00f3ximo a\u00f1o.<\/p>\n<p>El entrenador Pablo Prigioni y su cuerpo t\u00e9cnico arribaron a la ciudad en la jornada del pasado domingo, para recibir a los jugadores convocados y preparar los entrenamientos de doble turno para los cruces frente a Rep\u00fablica Dominicana y ante Bahamas.<\/p>\n<p>El primer partido de Argentina ser\u00e1 el jueves 10 de noviembre a las 21 contra el conjunto dominicano en el Palacio de los Deportes. El siguiente encuentro ser\u00e1 el domingo 13 a partir de las 21.15 ante Bahamas en el Kendall Isaacs Gym de Nassau.<\/p>\n<p>La Albiceleste llega con un r\u00e9cord de seis victorias y dos derrotas en el Grupo E, que comparte con Canad\u00e1, Venezuela, Dominicana, Panam\u00e1 y Bahamas.<\/p>\n<p>Cabe recordar que los tres primeros de esta zona junto a los tres primeros del Grupo F y el mejor cuarto equipo entre ambas zonas clasificar\u00e1n de manera directa al Mundial.<\/p>\n<figure class=\"wp-block-image size-full\"><img loading=\"lazy\" decoding=\"async\" width=\"1280\" height=\"1280\" alt=\"La Selecci\u00f3n Argentina de B\u00e1squet comenz\u00f3 sus entrenamientos en Miami | Canal Showsport\" data-sizes=\"(max-width: 1280px) 100vw, 1280px\" class=\"wp-image-250741 lazyload\" src=\"http:\/\/economiapoliticacba.com\/wp-content\/uploads\/2022\/11\/la-seleccion-argentina-de-basquet-comenzo-sus-entrenamientos-en-miami.png\" srcset=\"http:\/\/economiapoliticacba.com\/wp-content\/uploads\/2022\/11\/la-seleccion-argentina-de-basquet-comenzo-sus-entrenamientos-en-miami.png 1280w, http:\/\/economiapoliticacba.com\/wp-content\/uploads\/2022\/11\/la-seleccion-argentina-de-basquet-comenzo-sus-entrenamientos-en-miami-2.png 768w, http:\/\/economiapoliticacba.com\/wp-content\/uploads\/2022\/11\/la-seleccion-argentina-de-basquet-comenzo-sus-entrenamientos-en-miami-3.png 24w, http:\/\/economiapoliticacba.com\/wp-content\/uploads\/2022\/11\/la-seleccion-argentina-de-basquet-comenzo-sus-entrenamientos-en-miami-4.png 36w, http:\/\/economiapoliticacba.com\/wp-content\/uploads\/2022\/11\/la-seleccion-argentina-de-basquet-comenzo-sus-entrenamientos-en-miami-5.png 48w, http:\/\/economiapoliticacba.com\/wp-content\/uploads\/2022\/11\/la-seleccion-argentina-de-basquet-comenzo-sus-entrenamientos-en-miami-6.png 75w, http:\/\/economiapoliticacba.com\/wp-content\/uploads\/2022\/11\/la-seleccion-argentina-de-basquet-comenzo-sus-entrenamientos-en-miami-7.png 350w, http:\/\/economiapoliticacba.com\/wp-content\/uploads\/2022\/11\/la-seleccion-argentina-de-basquet-comenzo-sus-entrenamientos-en-miami-8.png 750w, http:\/\/economiapoliticacba.com\/wp-content\/uploads\/2022\/11\/la-seleccion-argentina-de-basquet-comenzo-sus-entrenamientos-en-miami-9.png 1140w\"><noscript><img loading=\"lazy\" decoding=\"async\" width=\"1280\" height=\"1280\" src=\"http:\/\/economiapoliticacba.com\/wp-content\/uploads\/2022\/11\/la-seleccion-argentina-de-basquet-comenzo-sus-entrenamientos-en-miami.png\" alt=\"La Selecci\u00f3n Argentina de B\u00e1squet comenz\u00f3 sus entrenamientos en Miami | Canal Showsport\" class=\"wp-image-250741\" srcset=\"http:\/\/economiapoliticacba.com\/wp-content\/uploads\/2022\/11\/la-seleccion-argentina-de-basquet-comenzo-sus-entrenamientos-en-miami.png 1280w, http:\/\/economiapoliticacba.com\/wp-content\/uploads\/2022\/11\/la-seleccion-argentina-de-basquet-comenzo-sus-entrenamientos-en-miami-2.png 768w, http:\/\/economiapoliticacba.com\/wp-content\/uploads\/2022\/11\/la-seleccion-argentina-de-basquet-comenzo-sus-entrenamientos-en-miami-3.png 24w, http:\/\/economiapoliticacba.com\/wp-content\/uploads\/2022\/11\/la-seleccion-argentina-de-basquet-comenzo-sus-entrenamientos-en-miami-4.png 36w, http:\/\/economiapoliticacba.com\/wp-content\/uploads\/2022\/11\/la-seleccion-argentina-de-basquet-comenzo-sus-entrenamientos-en-miami-5.png 48w, http:\/\/economiapoliticacba.com\/wp-content\/uploads\/2022\/11\/la-seleccion-argentina-de-basquet-comenzo-sus-entrenamientos-en-miami-6.png 75w, http:\/\/economiapoliticacba.com\/wp-content\/uploads\/2022\/11\/la-seleccion-argentina-de-basquet-comenzo-sus-entrenamientos-en-miami-7.png 350w, http:\/\/economiapoliticacba.com\/wp-content\/uploads\/2022\/11\/la-seleccion-argentina-de-basquet-comenzo-sus-entrenamientos-en-miami-8.png 750w, http:\/\/economiapoliticacba.com\/wp-content\/uploads\/2022\/11\/la-seleccion-argentina-de-basquet-comenzo-sus-entrenamientos-en-miami-9.png 1140w\" sizes=\"(max-width: 1280px) 100vw, 1280px\"><\/noscript><\/figure>\n<h4>El plantel de Argentina<\/h4>\n<p>Aguirre, Nicol\u00e1s \u2013 Flamengo (Brasil)<br \/>Baralle, Franco \u2013 Quimsa de Santiago del Estero<br \/>Brussino, Nicol\u00e1s \u2013 Gran Canaria (Espa\u00f1a)<br \/>Caffaro, Francisco \u2013 Virginia Cavaliers (Estados Unidos)<br \/>Chapero, Tom\u00e1s \u2013 Ourense (Espa\u00f1a)<br \/>Cuello, Mart\u00edn \u2013 Flamengo (Brasil)<br \/>Del\u00eda, Marcos \u2013 BC Wolves (Lituania)<br \/>Fern\u00e1ndez, Juan \u2013 Fuenlabrada (Espa\u00f1a)<br \/>Gallizzi, Tayavek \u2013 Instituto de C\u00f3rdoba<br \/>Redivo, Lucio \u2013 Casale Monferrato (Italia)<br \/>Romano, Nicol\u00e1s \u2013 Instituto de C\u00f3rdoba<br \/>Vaulet, Juan Pablo \u2013 Baxi Manresa (Espa\u00f1a)<br \/>Vildoza, Jos\u00e9 \u2013 Flamengo (Brasil)<br \/>Zurbriggen, Fernando \u2013 Monbus Obradoiro (Espa\u00f1a)<\/p>\n<h4>Staff<\/h4>\n<p>Entrenador: Pablo Prigioni<br \/>Asistentes: Gonzalo Garc\u00eda, Leonardo Guti\u00e9rrez y Guido Fabbris<br \/>M\u00e9dico: Juan Der\u00e9<br \/>Kinesi\u00f3logos: Paulo Maccari y Leandro Amigo<br \/>Preparador F\u00edsico: Marcelo Magliarella<br \/>Utilero: Facundo Vartanian<br \/>Jefe de Prensa: Agust\u00edn Luchtenberg<br \/>Jefe de Equipo: Augusto Maccari<br \/>Director de Selecciones: Andr\u00e9s Pelussi<\/p>\n<p>Fotos: CAB<\/p>\n<\/p><\/div>\n","protected":false},"excerpt":{"rendered":"<p>La Selecci\u00f3n Argentina de B\u00e1squet tendr\u00e1 que afrontar dos compromisos pr\u00f3ximamente en la quinta ventana FIBA del a\u00f1o, correspondiente a las eliminatorias americanas para el Mundial Filipinas-Jap\u00f3n-Indonesia 2023, que se disputar\u00e1 del 25 de agosto al 10 de septiembre del pr\u00f3ximo a\u00f1o. El entrenador Pablo Prigioni y su cuerpo t\u00e9cnico arribaron a la ciudad en [&hellip;]<\/p>\n","protected":false},"author":1,"featured_media":2191,"comment_status":"closed","ping_status":"closed","sticky":false,"template":"","format":"standard","meta":{"om_disable_all_campaigns":false,"_monsterinsights_skip_tracking":false,"_monsterinsights_sitenote_active":false,"_monsterinsights_sitenote_note":"","_monsterinsights_sitenote_category":0},"categories":[16],"tags":[115,229,230],"aioseo_notices":[],"_links":{"self":[{"href":"https:\/\/economiapoliticacba.com\/index.php?rest_route=\/wp\/v2\/posts\/2190"}],"collection":[{"href":"https:\/\/economiapoliticacba.com\/index.php?rest_route=\/wp\/v2\/posts"}],"about":[{"href":"https:\/\/economiapoliticacba.com\/index.php?rest_route=\/wp\/v2\/types\/post"}],"author":[{"embeddable":true,"href":"https:\/\/economiapoliticacba.com\/index.php?rest_route=\/wp\/v2\/users\/1"}],"replies":[{"embeddable":true,"href":"https:\/\/economiapoliticacba.com\/index.php?rest_route=%2Fwp%2Fv2%2Fcomments&post=2190"}],"version-history":[{"count":0,"href":"https:\/\/economiapoliticacba.com\/index.php?rest_route=\/wp\/v2\/posts\/2190\/revisions"}],"wp:featuredmedia":[{"embeddable":true,"href":"https:\/\/economiapoliticacba.com\/index.php?rest_route=\/wp\/v2\/media\/2191"}],"wp:attachment":[{"href":"https:\/\/economiapoliticacba.com\/index.php?rest_route=%2Fwp%2Fv2%2Fmedia&parent=2190"}],"wp:term":[{"taxonomy":"category","embeddable":true,"href":"https:\/\/economiapoliticacba.com\/index.php?rest_route=%2Fwp%2Fv2%2Fcategories&post=2190"},{"taxonomy":"post_tag","embeddable":true,"href":"https:\/\/economiapoliticacba.com\/index.php?rest_route=%2Fwp%2Fv2%2Ftags&post=2190"}],"curies":[{"name":"wp","href":"https:\/\/api.w.org\/{rel}","templated":true}]}}