{"id":21146,"date":"2024-02-07T21:14:04","date_gmt":"2024-02-07T21:14:04","guid":{"rendered":"https:\/\/canalshowsport.com.ar\/?p=348756"},"modified":"2024-02-07T21:14:04","modified_gmt":"2024-02-07T21:14:04","slug":"habra-paro-de-transporte-urbano-este-jueves","status":"publish","type":"post","link":"https:\/\/economiapoliticacba.com\/?p=21146","title":{"rendered":"Habr\u00e1 paro de transporte urbano este jueves"},"content":{"rendered":"<p>En la tarde de este martes se llev\u00f3 a cabo un encuentro entre los empresarios agrupados en<strong>&nbsp;Fatap<\/strong>&nbsp;y la&nbsp;<strong>Uni\u00f3n Tranviarios Automotor (UTA)<\/strong>&nbsp;para llegar a un nuevo&nbsp;<strong>acuerdo salarial<\/strong>. Sin embargo,<strong>&nbsp;tras fracasar la audiencia, los gremios convocaron a un paro general de transporte<\/strong>.<\/p>\n<p>La medida de fuerza se llevar\u00e1 a cabo este<strong>&nbsp;jueves 8 de febrero a nivel nacional y durar\u00e1 24 horas<\/strong>, por lo cual los choferes reci\u00e9n retomar\u00e1n sus tareas habituales a partir de las 00 horas del viernes.&nbsp;<strong>Desde UTA C\u00f3rdoba comunicaron la adici\u00f3n al paro<\/strong>.<\/p>\n<blockquote class=\"twitter-tweet\" readability=\"3.0555555555556\">\n<p lang=\"es\" dir=\"ltr\"># Leonardo Quevedo conducci\u00f3n <a href=\"https:\/\/t.co\/iqj9Z2hEA5\" target=\"_blank\" rel=\"noopener\">pic.twitter.com\/iqj9Z2hEA5<\/a><\/p>\n<p>\u2014 uta cordoba (@oficial_uta_cba) <a href=\"https:\/\/twitter.com\/oficial_uta_cba\/status\/1755255747938557979?ref_src=twsrc%5Etfw\" target=\"_blank\" rel=\"noopener\">February 7, 2024<\/a><\/p><\/blockquote>\n<p>Cabe aclarar que, el pasado viernes, UTA hab\u00eda llegado a un acuerdo, en donde el b\u00e1sico de los choferes alcanzar\u00e1&nbsp;<strong>casi el mill\u00f3n de pesos en febrero<\/strong>. Adem\u00e1s, se acord\u00f3 un&nbsp;<strong>bono de pago extraordinario<\/strong>&nbsp;por \u00fanica vez de&nbsp;<strong>$ 390.000 a pagarse en dos cuotas<\/strong>.<\/p>\n<blockquote class=\"wp-block-quote has-text-align-center\"><p> <cite><strong>Adri\u00e1n Lentin<\/strong>i, secretario de prensa de UTA C\u00f3rdoba, asegur\u00f3 a La Ma\u00f1ana del C, que \u201c<strong>Esas cifras corresponden solo al AMBA, por eso el paro rige en todo el interior del pa\u00eds<\/strong>.&nbsp;<strong><em>La Secretar\u00eda de Trabajo nos convoc\u00f3 a una nueva audiencia para el mi\u00e9rcoles 14, esperamos que se resuelva\u201d<\/em><\/strong>.<\/cite><\/p><\/blockquote>\n<figure class=\"wp-block-embed is-type-video is-provider-youtube wp-block-embed-youtube wp-embed-aspect-16-9 wp-has-aspect-ratio\">\n<div class=\"wp-block-embed__wrapper\">\n<p><iframe loading=\"lazy\" title=\"El jueves habr\u00e1 paro de colectivos en C\u00f3rdoba | Adri\u00e1n Lentini - Sec. de UTA\" width=\"500\" height=\"281\" src=\"https:\/\/www.youtube.com\/embed\/32Jsq5qcMBk?feature=oembed\" frameborder=\"0\" allow=\"accelerometer; autoplay; clipboard-write; encrypted-media; gyroscope; picture-in-picture; web-share\" allowfullscreen>[embedded content]<\/iframe><\/p>\n<\/div>\n<\/figure>\n<div class=\"wp-block-media-text alignwide is-stacked-on-mobile\" readability=\"1.2\">\n<figure class=\"wp-block-media-text__media\"><img loading=\"lazy\" decoding=\"async\" width=\"750\" height=\"421\" alt=\"Habr\u00e1 paro de transporte urbano este jueves | Canal Showsport\" data-sizes=\"(max-width: 750px) 100vw, 750px\" class=\"wp-image-348758 size-full lazyload\" src=\"http:\/\/economiapoliticacba.com\/wp-content\/uploads\/2024\/02\/habra-paro-de-transporte-urbano-este-jueves.png\" srcset=\"http:\/\/economiapoliticacba.com\/wp-content\/uploads\/2024\/02\/habra-paro-de-transporte-urbano-este-jueves.png 750w, http:\/\/economiapoliticacba.com\/wp-content\/uploads\/2024\/02\/habra-paro-de-transporte-urbano-este-jueves-2.png 24w, http:\/\/economiapoliticacba.com\/wp-content\/uploads\/2024\/02\/habra-paro-de-transporte-urbano-este-jueves-3.png 36w, http:\/\/economiapoliticacba.com\/wp-content\/uploads\/2024\/02\/habra-paro-de-transporte-urbano-este-jueves-4.png 48w\"><noscript><img loading=\"lazy\" decoding=\"async\" width=\"750\" height=\"421\" src=\"http:\/\/economiapoliticacba.com\/wp-content\/uploads\/2024\/02\/habra-paro-de-transporte-urbano-este-jueves.png\" alt=\"Habr\u00e1 paro de transporte urbano este jueves | Canal Showsport\" class=\"wp-image-348758 size-full\" srcset=\"http:\/\/economiapoliticacba.com\/wp-content\/uploads\/2024\/02\/habra-paro-de-transporte-urbano-este-jueves.png 750w, http:\/\/economiapoliticacba.com\/wp-content\/uploads\/2024\/02\/habra-paro-de-transporte-urbano-este-jueves-2.png 24w, http:\/\/economiapoliticacba.com\/wp-content\/uploads\/2024\/02\/habra-paro-de-transporte-urbano-este-jueves-3.png 36w, http:\/\/economiapoliticacba.com\/wp-content\/uploads\/2024\/02\/habra-paro-de-transporte-urbano-este-jueves-4.png 48w\" sizes=\"(max-width: 750px) 100vw, 750px\"><\/noscript><\/figure>\n<\/div>\n","protected":false},"excerpt":{"rendered":"<p>En la tarde de este martes se llev\u00f3 a cabo un encuentro entre los empresarios agrupados en&nbsp;Fatap&nbsp;y la&nbsp;Uni\u00f3n Tranviarios Automotor (UTA)&nbsp;para llegar a un nuevo&nbsp;acuerdo salarial. Sin embargo,&nbsp;tras fracasar la audiencia, los gremios convocaron a un paro general de transporte. La medida de fuerza se llevar\u00e1 a cabo este&nbsp;jueves 8 de febrero a nivel nacional [&hellip;]<\/p>\n","protected":false},"author":1,"featured_media":21147,"comment_status":"closed","ping_status":"closed","sticky":false,"template":"","format":"standard","meta":{"om_disable_all_campaigns":false,"_monsterinsights_skip_tracking":false,"_monsterinsights_sitenote_active":false,"_monsterinsights_sitenote_note":"","_monsterinsights_sitenote_category":0},"categories":[16],"tags":[1898,1899,125,27,952,30,844,841,1900,1901,1200,132],"aioseo_notices":[],"_links":{"self":[{"href":"https:\/\/economiapoliticacba.com\/index.php?rest_route=\/wp\/v2\/posts\/21146"}],"collection":[{"href":"https:\/\/economiapoliticacba.com\/index.php?rest_route=\/wp\/v2\/posts"}],"about":[{"href":"https:\/\/economiapoliticacba.com\/index.php?rest_route=\/wp\/v2\/types\/post"}],"author":[{"embeddable":true,"href":"https:\/\/economiapoliticacba.com\/index.php?rest_route=\/wp\/v2\/users\/1"}],"replies":[{"embeddable":true,"href":"https:\/\/economiapoliticacba.com\/index.php?rest_route=%2Fwp%2Fv2%2Fcomments&post=21146"}],"version-history":[{"count":0,"href":"https:\/\/economiapoliticacba.com\/index.php?rest_route=\/wp\/v2\/posts\/21146\/revisions"}],"wp:featuredmedia":[{"embeddable":true,"href":"https:\/\/economiapoliticacba.com\/index.php?rest_route=\/wp\/v2\/media\/21147"}],"wp:attachment":[{"href":"https:\/\/economiapoliticacba.com\/index.php?rest_route=%2Fwp%2Fv2%2Fmedia&parent=21146"}],"wp:term":[{"taxonomy":"category","embeddable":true,"href":"https:\/\/economiapoliticacba.com\/index.php?rest_route=%2Fwp%2Fv2%2Fcategories&post=21146"},{"taxonomy":"post_tag","embeddable":true,"href":"https:\/\/economiapoliticacba.com\/index.php?rest_route=%2Fwp%2Fv2%2Ftags&post=21146"}],"curies":[{"name":"wp","href":"https:\/\/api.w.org\/{rel}","templated":true}]}}