{"id":19936,"date":"2024-01-11T00:38:03","date_gmt":"2024-01-11T00:38:03","guid":{"rendered":"https:\/\/canalshowsport.com.ar\/?p=342751"},"modified":"2024-01-11T00:38:03","modified_gmt":"2024-01-11T00:38:03","slug":"30-anos-de-la-visita-de-magic-johnson-a-cordoba","status":"publish","type":"post","link":"https:\/\/economiapoliticacba.com\/?p=19936","title":{"rendered":"30 a\u00f1os de la visita de \u2018Magic\u2019 Johnson a C\u00f3rdoba"},"content":{"rendered":"<div class=\"elementor-widget-container\" readability=\"28\">\n<p>En el a\u00f1o 1994, Argentina recib\u00eda al cinco veces campe\u00f3n de la NBA y medallista de oro ol\u00edmpico en Barcelona 1992, <strong>Earvin <em>\u2018Magic\u2019<\/em> Johnson<\/strong>, en el momento que se encontraba retirado previo a su regreso a las canchas en 1996.<\/p>\n<figure class=\"wp-block-image size-full\"><img loading=\"lazy\" decoding=\"async\" width=\"1024\" height=\"630\" alt=\"30 a\u00f1os de la visita de 'Magic' Johnson a C\u00f3rdoba | Canal Showsport\" data-sizes=\"(max-width: 1024px) 100vw, 1024px\" class=\"wp-image-342754 lazyload\" src=\"http:\/\/economiapoliticacba.com\/wp-content\/uploads\/2024\/01\/30-anos-de-la-visita-de-magic-johnson-a-cordoba.jpg\" srcset=\"http:\/\/economiapoliticacba.com\/wp-content\/uploads\/2024\/01\/30-anos-de-la-visita-de-magic-johnson-a-cordoba.jpg 1024w, http:\/\/economiapoliticacba.com\/wp-content\/uploads\/2024\/01\/30-anos-de-la-visita-de-magic-johnson-a-cordoba-5.jpg 768w, http:\/\/economiapoliticacba.com\/wp-content\/uploads\/2024\/01\/30-anos-de-la-visita-de-magic-johnson-a-cordoba-6.jpg 24w, http:\/\/economiapoliticacba.com\/wp-content\/uploads\/2024\/01\/30-anos-de-la-visita-de-magic-johnson-a-cordoba-7.jpg 36w, http:\/\/economiapoliticacba.com\/wp-content\/uploads\/2024\/01\/30-anos-de-la-visita-de-magic-johnson-a-cordoba-8.jpg 48w, http:\/\/economiapoliticacba.com\/wp-content\/uploads\/2024\/01\/30-anos-de-la-visita-de-magic-johnson-a-cordoba-9.jpg 750w\"><noscript><img loading=\"lazy\" decoding=\"async\" width=\"1024\" height=\"630\" src=\"http:\/\/economiapoliticacba.com\/wp-content\/uploads\/2024\/01\/30-anos-de-la-visita-de-magic-johnson-a-cordoba.jpg\" alt=\"30 a\u00f1os de la visita de 'Magic' Johnson a C\u00f3rdoba | Canal Showsport\" class=\"wp-image-342754\" srcset=\"http:\/\/economiapoliticacba.com\/wp-content\/uploads\/2024\/01\/30-anos-de-la-visita-de-magic-johnson-a-cordoba.jpg 1024w, http:\/\/economiapoliticacba.com\/wp-content\/uploads\/2024\/01\/30-anos-de-la-visita-de-magic-johnson-a-cordoba-5.jpg 768w, http:\/\/economiapoliticacba.com\/wp-content\/uploads\/2024\/01\/30-anos-de-la-visita-de-magic-johnson-a-cordoba-6.jpg 24w, http:\/\/economiapoliticacba.com\/wp-content\/uploads\/2024\/01\/30-anos-de-la-visita-de-magic-johnson-a-cordoba-7.jpg 36w, http:\/\/economiapoliticacba.com\/wp-content\/uploads\/2024\/01\/30-anos-de-la-visita-de-magic-johnson-a-cordoba-8.jpg 48w, http:\/\/economiapoliticacba.com\/wp-content\/uploads\/2024\/01\/30-anos-de-la-visita-de-magic-johnson-a-cordoba-9.jpg 750w\" sizes=\"(max-width: 1024px) 100vw, 1024px\"><\/noscript><figcaption class=\"wp-element-caption\">Johnson ante la marca de Milanesio.<\/figcaption><\/figure>\n<p>La gira que trajo a <strong>la figura de Los \u00c1ngeles Lakers<\/strong> incluy\u00f3 cuatro partidos amistosos en distintas provincias: C\u00f3rdoba, Rosario, Buenos Aires y, por \u00faltimo, Bah\u00eda Blanca.<\/p>\n<p>Junto a <strong><em>\u2018Magic\u2019<\/em><\/strong> llegaron otros jugadores con pasado en la NBA como Reggie Theus, Earl Cureton y John Long. El primer encuentro de la gira fue un lunes 10 de enero en el <em>Polideportivo Carlos Cerutti de la Ciudad de C\u00f3rdoba<\/em>.<\/p>\n<figure class=\"wp-block-image size-full\"><img loading=\"lazy\" decoding=\"async\" width=\"1024\" height=\"630\" alt=\"30 a\u00f1os de la visita de 'Magic' Johnson a C\u00f3rdoba | Canal Showsport\" data-sizes=\"(max-width: 1024px) 100vw, 1024px\" class=\"wp-image-342756 lazyload\" src=\"http:\/\/economiapoliticacba.com\/wp-content\/uploads\/2024\/01\/30-anos-de-la-visita-de-magic-johnson-a-cordoba-1.jpg\" srcset=\"http:\/\/economiapoliticacba.com\/wp-content\/uploads\/2024\/01\/30-anos-de-la-visita-de-magic-johnson-a-cordoba-1.jpg 1024w, http:\/\/economiapoliticacba.com\/wp-content\/uploads\/2024\/01\/30-anos-de-la-visita-de-magic-johnson-a-cordoba-10.jpg 768w, http:\/\/economiapoliticacba.com\/wp-content\/uploads\/2024\/01\/30-anos-de-la-visita-de-magic-johnson-a-cordoba-11.jpg 24w, http:\/\/economiapoliticacba.com\/wp-content\/uploads\/2024\/01\/30-anos-de-la-visita-de-magic-johnson-a-cordoba-12.jpg 36w, http:\/\/economiapoliticacba.com\/wp-content\/uploads\/2024\/01\/30-anos-de-la-visita-de-magic-johnson-a-cordoba-13.jpg 48w, http:\/\/economiapoliticacba.com\/wp-content\/uploads\/2024\/01\/30-anos-de-la-visita-de-magic-johnson-a-cordoba-14.jpg 750w\"><noscript><img loading=\"lazy\" decoding=\"async\" width=\"1024\" height=\"630\" src=\"http:\/\/economiapoliticacba.com\/wp-content\/uploads\/2024\/01\/30-anos-de-la-visita-de-magic-johnson-a-cordoba-1.jpg\" alt=\"30 a\u00f1os de la visita de 'Magic' Johnson a C\u00f3rdoba | Canal Showsport\" class=\"wp-image-342756\" srcset=\"http:\/\/economiapoliticacba.com\/wp-content\/uploads\/2024\/01\/30-anos-de-la-visita-de-magic-johnson-a-cordoba-1.jpg 1024w, http:\/\/economiapoliticacba.com\/wp-content\/uploads\/2024\/01\/30-anos-de-la-visita-de-magic-johnson-a-cordoba-10.jpg 768w, http:\/\/economiapoliticacba.com\/wp-content\/uploads\/2024\/01\/30-anos-de-la-visita-de-magic-johnson-a-cordoba-11.jpg 24w, http:\/\/economiapoliticacba.com\/wp-content\/uploads\/2024\/01\/30-anos-de-la-visita-de-magic-johnson-a-cordoba-12.jpg 36w, http:\/\/economiapoliticacba.com\/wp-content\/uploads\/2024\/01\/30-anos-de-la-visita-de-magic-johnson-a-cordoba-13.jpg 48w, http:\/\/economiapoliticacba.com\/wp-content\/uploads\/2024\/01\/30-anos-de-la-visita-de-magic-johnson-a-cordoba-14.jpg 750w\" sizes=\"(max-width: 1024px) 100vw, 1024px\"><\/noscript><figcaption class=\"wp-element-caption\">Atenas.<\/figcaption><\/figure>\n<p>Las estrellas estadounidenses se enfrentaron ante la <strong>Asociaci\u00f3n Deportiva Atenas<\/strong> con el mejor combinado argentino del momento formado por Marcelo Milanesio, Juan Espil, Diego Osella, Fabricio Oberto, entre otros y reforzado por el bahiense Hern\u00e1n \u2018Loco\u2019 Montenegro.<\/p>\n<p>126-118 fue la victoria para el <strong>All Stars de Estados Unidos<\/strong> frente al equipo conducido por Rub\u00e9n Magnano, quien 10 a\u00f1os despu\u00e9s comand\u00f3 a la <em>\u2018Generaci\u00f3n Dorada\u2019<\/em> a ganar el primer oro ol\u00edmpico para el b\u00e1squet argentino.<\/p>\n<figure class=\"wp-block-image size-full\"><img loading=\"lazy\" decoding=\"async\" width=\"1170\" height=\"720\" alt=\"30 a\u00f1os de la visita de 'Magic' Johnson a C\u00f3rdoba | Canal Showsport\" data-sizes=\"(max-width: 1170px) 100vw, 1170px\" class=\"wp-image-342757 lazyload\" src=\"http:\/\/economiapoliticacba.com\/wp-content\/uploads\/2024\/01\/30-anos-de-la-visita-de-magic-johnson-a-cordoba-2.jpg\" srcset=\"http:\/\/economiapoliticacba.com\/wp-content\/uploads\/2024\/01\/30-anos-de-la-visita-de-magic-johnson-a-cordoba-2.jpg 1170w, http:\/\/economiapoliticacba.com\/wp-content\/uploads\/2024\/01\/30-anos-de-la-visita-de-magic-johnson-a-cordoba-15.jpg 768w, http:\/\/economiapoliticacba.com\/wp-content\/uploads\/2024\/01\/30-anos-de-la-visita-de-magic-johnson-a-cordoba-16.jpg 24w, http:\/\/economiapoliticacba.com\/wp-content\/uploads\/2024\/01\/30-anos-de-la-visita-de-magic-johnson-a-cordoba-17.jpg 36w, http:\/\/economiapoliticacba.com\/wp-content\/uploads\/2024\/01\/30-anos-de-la-visita-de-magic-johnson-a-cordoba-18.jpg 48w, http:\/\/economiapoliticacba.com\/wp-content\/uploads\/2024\/01\/30-anos-de-la-visita-de-magic-johnson-a-cordoba-19.jpg 750w, http:\/\/economiapoliticacba.com\/wp-content\/uploads\/2024\/01\/30-anos-de-la-visita-de-magic-johnson-a-cordoba-20.jpg 1140w\"><noscript><img loading=\"lazy\" decoding=\"async\" width=\"1170\" height=\"720\" src=\"http:\/\/economiapoliticacba.com\/wp-content\/uploads\/2024\/01\/30-anos-de-la-visita-de-magic-johnson-a-cordoba-2.jpg\" alt=\"30 a\u00f1os de la visita de 'Magic' Johnson a C\u00f3rdoba | Canal Showsport\" class=\"wp-image-342757\" srcset=\"http:\/\/economiapoliticacba.com\/wp-content\/uploads\/2024\/01\/30-anos-de-la-visita-de-magic-johnson-a-cordoba-2.jpg 1170w, http:\/\/economiapoliticacba.com\/wp-content\/uploads\/2024\/01\/30-anos-de-la-visita-de-magic-johnson-a-cordoba-15.jpg 768w, http:\/\/economiapoliticacba.com\/wp-content\/uploads\/2024\/01\/30-anos-de-la-visita-de-magic-johnson-a-cordoba-16.jpg 24w, http:\/\/economiapoliticacba.com\/wp-content\/uploads\/2024\/01\/30-anos-de-la-visita-de-magic-johnson-a-cordoba-17.jpg 36w, http:\/\/economiapoliticacba.com\/wp-content\/uploads\/2024\/01\/30-anos-de-la-visita-de-magic-johnson-a-cordoba-18.jpg 48w, http:\/\/economiapoliticacba.com\/wp-content\/uploads\/2024\/01\/30-anos-de-la-visita-de-magic-johnson-a-cordoba-19.jpg 750w, http:\/\/economiapoliticacba.com\/wp-content\/uploads\/2024\/01\/30-anos-de-la-visita-de-magic-johnson-a-cordoba-20.jpg 1140w\" sizes=\"(max-width: 1170px) 100vw, 1170px\"><\/noscript><\/figure>\n<p>En el partido, se lo vio a <strong>Johnson <\/strong>un tanto distendido pero compitiendo como siempre y hasta anotando 40 puntos. Deslumbr\u00f3 y entreg\u00f3 jugadas al p\u00fablico presente y se sac\u00f3 fotos con todos los allegados.<\/p>\n<p>Adem\u00e1s, de un base a otro base, cumpli\u00f3 su promesa de a\u00f1os atr\u00e1s e intercambi\u00f3 camiseta con Marcelo Milanesio, dejando un recuerdo inolvidable tras su paso por C\u00f3rdoba.<\/p>\n<figure class=\"wp-block-image size-full\"><img loading=\"lazy\" decoding=\"async\" width=\"960\" height=\"540\" alt=\"30 a\u00f1os de la visita de 'Magic' Johnson a C\u00f3rdoba | Canal Showsport\" data-sizes=\"(max-width: 960px) 100vw, 960px\" class=\"wp-image-342758 lazyload\" src=\"http:\/\/economiapoliticacba.com\/wp-content\/uploads\/2024\/01\/30-anos-de-la-visita-de-magic-johnson-a-cordoba-3.jpg\" srcset=\"http:\/\/economiapoliticacba.com\/wp-content\/uploads\/2024\/01\/30-anos-de-la-visita-de-magic-johnson-a-cordoba-3.jpg 960w, http:\/\/economiapoliticacba.com\/wp-content\/uploads\/2024\/01\/30-anos-de-la-visita-de-magic-johnson-a-cordoba-21.jpg 768w, http:\/\/economiapoliticacba.com\/wp-content\/uploads\/2024\/01\/30-anos-de-la-visita-de-magic-johnson-a-cordoba-22.jpg 24w, http:\/\/economiapoliticacba.com\/wp-content\/uploads\/2024\/01\/30-anos-de-la-visita-de-magic-johnson-a-cordoba-23.jpg 36w, http:\/\/economiapoliticacba.com\/wp-content\/uploads\/2024\/01\/30-anos-de-la-visita-de-magic-johnson-a-cordoba-24.jpg 48w, http:\/\/economiapoliticacba.com\/wp-content\/uploads\/2024\/01\/30-anos-de-la-visita-de-magic-johnson-a-cordoba-25.jpg 750w\"><noscript><img loading=\"lazy\" decoding=\"async\" width=\"960\" height=\"540\" src=\"http:\/\/economiapoliticacba.com\/wp-content\/uploads\/2024\/01\/30-anos-de-la-visita-de-magic-johnson-a-cordoba-3.jpg\" alt=\"30 a\u00f1os de la visita de 'Magic' Johnson a C\u00f3rdoba | Canal Showsport\" class=\"wp-image-342758\" srcset=\"http:\/\/economiapoliticacba.com\/wp-content\/uploads\/2024\/01\/30-anos-de-la-visita-de-magic-johnson-a-cordoba-3.jpg 960w, http:\/\/economiapoliticacba.com\/wp-content\/uploads\/2024\/01\/30-anos-de-la-visita-de-magic-johnson-a-cordoba-21.jpg 768w, http:\/\/economiapoliticacba.com\/wp-content\/uploads\/2024\/01\/30-anos-de-la-visita-de-magic-johnson-a-cordoba-22.jpg 24w, http:\/\/economiapoliticacba.com\/wp-content\/uploads\/2024\/01\/30-anos-de-la-visita-de-magic-johnson-a-cordoba-23.jpg 36w, http:\/\/economiapoliticacba.com\/wp-content\/uploads\/2024\/01\/30-anos-de-la-visita-de-magic-johnson-a-cordoba-24.jpg 48w, http:\/\/economiapoliticacba.com\/wp-content\/uploads\/2024\/01\/30-anos-de-la-visita-de-magic-johnson-a-cordoba-25.jpg 750w\" sizes=\"(max-width: 960px) 100vw, 960px\"><\/noscript><figcaption class=\"wp-element-caption\">Magic y Diego.<\/figcaption><\/figure>\n<p>Fueron siete d\u00edas en total los que estuvo <strong><em>\u2018Magic\u2019 <\/em><\/strong>en Argentina completando su gira en el resto de las provincias con el detalle de cruzarse a Diego Maradona en Rosario.<\/p>\n<p>Fuente: Confederaci\u00f3n de Deportes.<\/p>\n<\/p><\/div>\n","protected":false},"excerpt":{"rendered":"<p>En el a\u00f1o 1994, Argentina recib\u00eda al cinco veces campe\u00f3n de la NBA y medallista de oro ol\u00edmpico en Barcelona 1992, Earvin \u2018Magic\u2019 Johnson, en el momento que se encontraba retirado previo a su regreso a las canchas en 1996. Johnson ante la marca de Milanesio. La gira que trajo a la figura de Los [&hellip;]<\/p>\n","protected":false},"author":1,"featured_media":19937,"comment_status":"closed","ping_status":"closed","sticky":false,"template":"","format":"standard","meta":{"om_disable_all_campaigns":false,"_monsterinsights_skip_tracking":false,"_monsterinsights_sitenote_active":false,"_monsterinsights_sitenote_note":"","_monsterinsights_sitenote_category":0},"categories":[16],"tags":[191,30,1794],"aioseo_notices":[],"_links":{"self":[{"href":"https:\/\/economiapoliticacba.com\/index.php?rest_route=\/wp\/v2\/posts\/19936"}],"collection":[{"href":"https:\/\/economiapoliticacba.com\/index.php?rest_route=\/wp\/v2\/posts"}],"about":[{"href":"https:\/\/economiapoliticacba.com\/index.php?rest_route=\/wp\/v2\/types\/post"}],"author":[{"embeddable":true,"href":"https:\/\/economiapoliticacba.com\/index.php?rest_route=\/wp\/v2\/users\/1"}],"replies":[{"embeddable":true,"href":"https:\/\/economiapoliticacba.com\/index.php?rest_route=%2Fwp%2Fv2%2Fcomments&post=19936"}],"version-history":[{"count":0,"href":"https:\/\/economiapoliticacba.com\/index.php?rest_route=\/wp\/v2\/posts\/19936\/revisions"}],"wp:featuredmedia":[{"embeddable":true,"href":"https:\/\/economiapoliticacba.com\/index.php?rest_route=\/wp\/v2\/media\/19937"}],"wp:attachment":[{"href":"https:\/\/economiapoliticacba.com\/index.php?rest_route=%2Fwp%2Fv2%2Fmedia&parent=19936"}],"wp:term":[{"taxonomy":"category","embeddable":true,"href":"https:\/\/economiapoliticacba.com\/index.php?rest_route=%2Fwp%2Fv2%2Fcategories&post=19936"},{"taxonomy":"post_tag","embeddable":true,"href":"https:\/\/economiapoliticacba.com\/index.php?rest_route=%2Fwp%2Fv2%2Ftags&post=19936"}],"curies":[{"name":"wp","href":"https:\/\/api.w.org\/{rel}","templated":true}]}}