{"id":19539,"date":"2024-01-01T23:00:00","date_gmt":"2024-01-01T23:00:00","guid":{"rendered":"https:\/\/canalshowsport.com.ar\/?p=340524"},"modified":"2024-01-01T23:00:00","modified_gmt":"2024-01-01T23:00:00","slug":"el-gobierno-cordobes-asistira-a-los-damnificados-por-el-temporal-en-alta-gracia-y-anisacate","status":"publish","type":"post","link":"https:\/\/economiapoliticacba.com\/?p=19539","title":{"rendered":"El gobierno cordob\u00e9s asistir\u00e1 a los damnificados por el temporal en Alta Gracia y Anisacate"},"content":{"rendered":"<p><strong>El <a href=\"https:\/\/prensa.cba.gov.ar\/\" target=\"_blank\" rel=\"noopener\">Gobierno de C\u00f3rdoba<\/a><\/strong>, a traves del&nbsp;ministerio de Desarrollo Social,<strong> enviar\u00e1 ayuda a las familias de Alta Gracia y Anisacate afectadas por la<a href=\"https:\/\/canalc.com.ar\/temporal-en-cordoba-derrumbe-de-casi-30-metros-en-avenida-velez-sarsfield\/\" target=\"_blank\" rel=\"noopener\"> fuerte tormenta&nbsp;que azot\u00f3 a buena parte de la provincia<\/a>.<\/strong><\/p>\n<figure class=\"wp-block-image size-full\"><img loading=\"lazy\" decoding=\"async\" width=\"1280\" height=\"720\" alt=\"El gobierno cordob\u00e9s asistir\u00e1 a los damnificados por el temporal en Alta Gracia y Anisacate | Canal Showsport\" data-sizes=\"(max-width: 1280px) 100vw, 1280px\" class=\"wp-image-340529 lazyload\" src=\"http:\/\/economiapoliticacba.com\/wp-content\/uploads\/2024\/01\/el-gobierno-cordobes-asistira-a-los-damnificados-por-el-temporal-en-alta-gracia-y-anisacate.jpg\" srcset=\"http:\/\/economiapoliticacba.com\/wp-content\/uploads\/2024\/01\/el-gobierno-cordobes-asistira-a-los-damnificados-por-el-temporal-en-alta-gracia-y-anisacate.jpg 1280w, http:\/\/economiapoliticacba.com\/wp-content\/uploads\/2024\/01\/el-gobierno-cordobes-asistira-a-los-damnificados-por-el-temporal-en-alta-gracia-y-anisacate-2.jpg 768w, http:\/\/economiapoliticacba.com\/wp-content\/uploads\/2024\/01\/el-gobierno-cordobes-asistira-a-los-damnificados-por-el-temporal-en-alta-gracia-y-anisacate-3.jpg 24w, http:\/\/economiapoliticacba.com\/wp-content\/uploads\/2024\/01\/el-gobierno-cordobes-asistira-a-los-damnificados-por-el-temporal-en-alta-gracia-y-anisacate-4.jpg 36w, http:\/\/economiapoliticacba.com\/wp-content\/uploads\/2024\/01\/el-gobierno-cordobes-asistira-a-los-damnificados-por-el-temporal-en-alta-gracia-y-anisacate-5.jpg 48w, http:\/\/economiapoliticacba.com\/wp-content\/uploads\/2024\/01\/el-gobierno-cordobes-asistira-a-los-damnificados-por-el-temporal-en-alta-gracia-y-anisacate-6.jpg 750w, http:\/\/economiapoliticacba.com\/wp-content\/uploads\/2024\/01\/el-gobierno-cordobes-asistira-a-los-damnificados-por-el-temporal-en-alta-gracia-y-anisacate-7.jpg 1140w\"><noscript><img loading=\"lazy\" decoding=\"async\" width=\"1280\" height=\"720\" src=\"http:\/\/economiapoliticacba.com\/wp-content\/uploads\/2024\/01\/el-gobierno-cordobes-asistira-a-los-damnificados-por-el-temporal-en-alta-gracia-y-anisacate.jpg\" alt=\"El gobierno cordob\u00e9s asistir\u00e1 a los damnificados por el temporal en Alta Gracia y Anisacate | Canal Showsport\" class=\"wp-image-340529\" srcset=\"http:\/\/economiapoliticacba.com\/wp-content\/uploads\/2024\/01\/el-gobierno-cordobes-asistira-a-los-damnificados-por-el-temporal-en-alta-gracia-y-anisacate.jpg 1280w, http:\/\/economiapoliticacba.com\/wp-content\/uploads\/2024\/01\/el-gobierno-cordobes-asistira-a-los-damnificados-por-el-temporal-en-alta-gracia-y-anisacate-2.jpg 768w, http:\/\/economiapoliticacba.com\/wp-content\/uploads\/2024\/01\/el-gobierno-cordobes-asistira-a-los-damnificados-por-el-temporal-en-alta-gracia-y-anisacate-3.jpg 24w, http:\/\/economiapoliticacba.com\/wp-content\/uploads\/2024\/01\/el-gobierno-cordobes-asistira-a-los-damnificados-por-el-temporal-en-alta-gracia-y-anisacate-4.jpg 36w, http:\/\/economiapoliticacba.com\/wp-content\/uploads\/2024\/01\/el-gobierno-cordobes-asistira-a-los-damnificados-por-el-temporal-en-alta-gracia-y-anisacate-5.jpg 48w, http:\/\/economiapoliticacba.com\/wp-content\/uploads\/2024\/01\/el-gobierno-cordobes-asistira-a-los-damnificados-por-el-temporal-en-alta-gracia-y-anisacate-6.jpg 750w, http:\/\/economiapoliticacba.com\/wp-content\/uploads\/2024\/01\/el-gobierno-cordobes-asistira-a-los-damnificados-por-el-temporal-en-alta-gracia-y-anisacate-7.jpg 1140w\" sizes=\"(max-width: 1280px) 100vw, 1280px\"><\/noscript><\/figure>\n<p>Por instrucci\u00f3n del Gobernador Mart\u00edn Llaryora,<strong>&nbsp;la ministra de Desarrollo Social y Promoci\u00f3n del Empleo, Laura Jure y el secretario del \u00e1rea, Paulo Cassinerio<\/strong>, coordinan con el intendente de Alta Gracia, Marcos Torres, y su par de Anisacate, Natalia Contini, el env\u00edo de la asistencia.<\/p>\n<p>Para tal fin se trasladar\u00e1 un<strong>&nbsp;cargamento con colchones, frazadas, alimentos y chapas<\/strong>, a la vez que&nbsp;<strong>se eval\u00faa activar el Fondo Permanente para Atenci\u00f3n de Desastres.<\/strong> A trav\u00e9s de Fondo, creado en el a\u00f1o 2015, la Provincia puede brindar una contenci\u00f3n solidaria a las familias afectadas por desastres y cat\u00e1strofes naturales.<\/p>\n<p>La ayuda puede materializarse, seg\u00fan los casos, con la cobertura de los gastos de hospedaje transitorio, vestimenta, alimentos, as\u00ed como con la reparaci\u00f3n de da\u00f1os de bienes muebles e inmuebles ocacionados por eventos clim\u00e1ticos.<\/p>\n<p><strong>Esta situaci\u00f3n ser\u00e1 relevada esta tarde por funcionarios de Desarrollo Social y por equipos de profesionales quienes recorrer\u00e1n, junto a las familias del lugar, las zonas afectadas por el temporal.<\/strong><\/p>\n<p><strong>M\u00c1S SOBRE EL TEMPORAL: <\/strong><\/p>\n","protected":false},"excerpt":{"rendered":"<p>El Gobierno de C\u00f3rdoba, a traves del&nbsp;ministerio de Desarrollo Social, enviar\u00e1 ayuda a las familias de Alta Gracia y Anisacate afectadas por la fuerte tormenta&nbsp;que azot\u00f3 a buena parte de la provincia. Por instrucci\u00f3n del Gobernador Mart\u00edn Llaryora,&nbsp;la ministra de Desarrollo Social y Promoci\u00f3n del Empleo, Laura Jure y el secretario del \u00e1rea, Paulo Cassinerio, [&hellip;]<\/p>\n","protected":false},"author":1,"featured_media":19540,"comment_status":"closed","ping_status":"closed","sticky":false,"template":"","format":"standard","meta":{"om_disable_all_campaigns":false,"_monsterinsights_skip_tracking":false,"_monsterinsights_sitenote_active":false,"_monsterinsights_sitenote_note":"","_monsterinsights_sitenote_category":0},"categories":[16],"tags":[741,1033,1745,125,1746,27,952,1747,1748,30,1749,1750,1751,1752,1753,1171,1754,345],"aioseo_notices":[],"_links":{"self":[{"href":"https:\/\/economiapoliticacba.com\/index.php?rest_route=\/wp\/v2\/posts\/19539"}],"collection":[{"href":"https:\/\/economiapoliticacba.com\/index.php?rest_route=\/wp\/v2\/posts"}],"about":[{"href":"https:\/\/economiapoliticacba.com\/index.php?rest_route=\/wp\/v2\/types\/post"}],"author":[{"embeddable":true,"href":"https:\/\/economiapoliticacba.com\/index.php?rest_route=\/wp\/v2\/users\/1"}],"replies":[{"embeddable":true,"href":"https:\/\/economiapoliticacba.com\/index.php?rest_route=%2Fwp%2Fv2%2Fcomments&post=19539"}],"version-history":[{"count":0,"href":"https:\/\/economiapoliticacba.com\/index.php?rest_route=\/wp\/v2\/posts\/19539\/revisions"}],"wp:featuredmedia":[{"embeddable":true,"href":"https:\/\/economiapoliticacba.com\/index.php?rest_route=\/wp\/v2\/media\/19540"}],"wp:attachment":[{"href":"https:\/\/economiapoliticacba.com\/index.php?rest_route=%2Fwp%2Fv2%2Fmedia&parent=19539"}],"wp:term":[{"taxonomy":"category","embeddable":true,"href":"https:\/\/economiapoliticacba.com\/index.php?rest_route=%2Fwp%2Fv2%2Fcategories&post=19539"},{"taxonomy":"post_tag","embeddable":true,"href":"https:\/\/economiapoliticacba.com\/index.php?rest_route=%2Fwp%2Fv2%2Ftags&post=19539"}],"curies":[{"name":"wp","href":"https:\/\/api.w.org\/{rel}","templated":true}]}}